{"id":368870,"date":"2025-10-30T05:26:17","date_gmt":"2025-10-30T08:26:17","guid":{"rendered":"https:\/\/www.notibras.com\/site\/?p=368870"},"modified":"2025-10-30T05:26:17","modified_gmt":"2025-10-30T08:26:17","slug":"a-realidade-invisivel-por-tras-do-cartao-postal","status":"publish","type":"post","link":"https:\/\/www.notibras.com\/site\/a-realidade-invisivel-por-tras-do-cartao-postal\/","title":{"rendered":"A realidade invis\u00edvel por tr\u00e1s do cart\u00e3o-postal"},"content":{"rendered":"<p>O sol nasce forte sobre o Nordeste, dourando as fachadas coloridas, os coqueiros que dan\u00e7am com o vento e o riso f\u00e1cil do povo que acorda cedo para enfrentar o dia. \u00c9 esse o cen\u00e1rio que tantas vezes aparece nos cart\u00f5es-postais: praias de \u00e1guas claras, dunas que parecem pinturas, festas de cores e ritmos que encantam quem chega de fora. Mas por tr\u00e1s dessa moldura de beleza, h\u00e1 hist\u00f3rias que n\u00e3o cabem em uma fotografia.<\/p>\n<p>Nas feiras livres, o cheiro de milho assado se mistura ao suor de quem luta por cada venda. No sert\u00e3o, o ch\u00e3o rachado ainda fala da seca que castiga e molda o car\u00e1ter de um povo que aprendeu a sobreviver com pouco. Em cada rosto, h\u00e1 uma mistura de esperan\u00e7a e cansa\u00e7o, de f\u00e9 e resist\u00eancia. O Nordeste \u00e9 feito de contradi\u00e7\u00f5es: enquanto o turista se deslumbra com o p\u00f4r do sol, o pescador reza para que o mar traga o sustento do dia seguinte.<\/p>\n<p>As crian\u00e7as correm descal\u00e7as pelas ruas de barro, inventando brincadeiras com o que t\u00eam \u00e0 m\u00e3o \u2014 e, mesmo na falta, h\u00e1 um brilho no olhar. As mulheres, com m\u00e3os firmes e cora\u00e7\u00f5es imensos, carregam o peso da vida e ainda encontram tempo para sorrir. E os jovens, entre o desejo de ficar e a necessidade de partir, sonham com um futuro onde n\u00e3o precisem deixar sua terra para viver com dignidade.<\/p>\n<p>O Nordeste dos cart\u00f5es-postais \u00e9 bonito, sim \u2014 mas o verdadeiro encanto est\u00e1 no invis\u00edvel, no que n\u00e3o se mostra nas propagandas. Est\u00e1 na for\u00e7a de quem resiste, na simplicidade de quem compartilha o pouco que tem, no amor \u00e0 terra mesmo quando ela \u00e9 seca e dura. Esses s\u00e3o os verdadeiros retratos do Nordeste: feitos de suor, f\u00e9 e esperan\u00e7a. Porque, por tr\u00e1s da paisagem deslumbrante, vive um povo que \u00e9, ele mesmo, a mais bela obra de arte dessa terra.<\/p>\n","protected":false},"excerpt":{"rendered":"<p>O sol nasce forte sobre o Nordeste, dourando as fachadas coloridas, os coqueiros que dan\u00e7am com o vento e o riso f\u00e1cil do povo que acorda cedo para enfrentar o dia. \u00c9 esse o cen\u00e1rio que tantas vezes aparece nos cart\u00f5es-postais: praias de \u00e1guas claras, dunas que parecem pinturas, festas de cores e ritmos que [&hellip;]<\/p>\n","protected":false},"author":2,"featured_media":368871,"comment_status":"closed","ping_status":"closed","sticky":false,"template":"","format":"standard","meta":{"_acf_changed":false,"footnotes":""},"categories":[165],"tags":[],"class_list":["post-368870","post","type-post","status-publish","format-standard","has-post-thumbnail","hentry","category-nordeste"],"acf":[],"_links":{"self":[{"href":"https:\/\/www.notibras.com\/site\/wp-json\/wp\/v2\/posts\/368870","targetHints":{"allow":["GET"]}}],"collection":[{"href":"https:\/\/www.notibras.com\/site\/wp-json\/wp\/v2\/posts"}],"about":[{"href":"https:\/\/www.notibras.com\/site\/wp-json\/wp\/v2\/types\/post"}],"author":[{"embeddable":true,"href":"https:\/\/www.notibras.com\/site\/wp-json\/wp\/v2\/users\/2"}],"replies":[{"embeddable":true,"href":"https:\/\/www.notibras.com\/site\/wp-json\/wp\/v2\/comments?post=368870"}],"version-history":[{"count":1,"href":"https:\/\/www.notibras.com\/site\/wp-json\/wp\/v2\/posts\/368870\/revisions"}],"predecessor-version":[{"id":368872,"href":"https:\/\/www.notibras.com\/site\/wp-json\/wp\/v2\/posts\/368870\/revisions\/368872"}],"wp:featuredmedia":[{"embeddable":true,"href":"https:\/\/www.notibras.com\/site\/wp-json\/wp\/v2\/media\/368871"}],"wp:attachment":[{"href":"https:\/\/www.notibras.com\/site\/wp-json\/wp\/v2\/media?parent=368870"}],"wp:term":[{"taxonomy":"category","embeddable":true,"href":"https:\/\/www.notibras.com\/site\/wp-json\/wp\/v2\/categories?post=368870"},{"taxonomy":"post_tag","embeddable":true,"href":"https:\/\/www.notibras.com\/site\/wp-json\/wp\/v2\/tags?post=368870"}],"curies":[{"name":"wp","href":"https:\/\/api.w.org\/{rel}","templated":true}]}}