{"id":36889,"date":"2015-02-12T14:02:03","date_gmt":"2015-02-12T17:02:03","guid":{"rendered":"http:\/\/www.notibras.com\/site\/?p=36889"},"modified":"2015-02-12T17:47:51","modified_gmt":"2015-02-12T20:47:51","slug":"tomie-ohtake-rainha-das-artes-morre-aos-101-em-sao-paulo","status":"publish","type":"post","link":"https:\/\/www.notibras.com\/site\/tomie-ohtake-rainha-das-artes-morre-aos-101-em-sao-paulo\/","title":{"rendered":"Tomie Ohtake, rainha das artes, morre aos 101 em SP"},"content":{"rendered":"<p>A artista pl\u00e1stica Tomie Ohtake, conhecida por sua vasta contribui\u00e7\u00e3o \u00e0 arte contempor\u00e2nea no Brasil, faleceu em S\u00e3o Paulo, aos 101 anos. Tomie estava internada\u00a0no Hospital S\u00edrio-Liban\u00eas tratando de uma pneumonia. No \u00faltimo dia\u00a010, no entanto, ela foi encaminhada \u00e0 UTI, ap\u00f3s\u00a0sofrer uma parada card\u00edaca.<\/p>\n<p class=\"text\">Pelo Facebook, o\u00a0Instituto Tomie Ohtake, um dos centros culturais mais relevantes da cidade, lamentou a perda de sua criadora. &#8220;\u00c9 com grande tristeza que o Instituto Tomie Ohtake comunica o falecimento da nossa querida patrona, Tomie Ohtake. O vel\u00f3rio ser\u00e1 realizado amanh\u00e3, dia 13 de fevereiro, no Instituto Tomie Ohtake, de 8:00 \u00e0s 14:00 horas, localizado na Rua Corop\u00e9s n. 88, no bairro de Pinheiros, S\u00e3o Paulo. Agradecemos todas as manifesta\u00e7\u00f5es carinhosas recebidas&#8221;.<\/p>\n<blockquote>\n<p class=\"text\">Nascida em Quioto,\u00a0em 1913, a\u00a0artista foi naturalizada brasileira depois de visitar o Pa\u00eds e n\u00e3o conseguir voltar ao Jap\u00e3o. Suas obras se misturam \u00e0 hist\u00f3ria da arte contempor\u00e2nea brasileira e foram feitas ao longo de 50 anos de carreira. Ela \u00e9 m\u00e3e do arquiteto Ruy Ohtake, criador de constru\u00e7\u00f5es famosas por seu aspecto moderno,\u00a0como o Hotel Unique, o Terminal Sacom\u00e3 e o Ohtake Cultural, todos em S\u00e3o Paulo.<\/p>\n<\/blockquote>\n<p class=\"text\">Educada para ser dona de casa, ela come\u00e7ou a pintar aos 40 anos, depois de criar os dois filhos, e transformou-se em unanimidade internacional entre colegas e cr\u00edticos de sua profiss\u00e3o. Na d\u00e9cada de 60, j\u00e1 instalada no Brasil e casada com com o engenheiro agr\u00f4nomo Oshio Ohtake, Tomie foi seduzida pela arte abstrata e viu sua carreira dar um salto depois de ser convidada para mostrar suas obras na\u00a0Bienal Internacional de S\u00e3o Paulo.<\/p>\n<p class=\"text\">Ao longo dos anos, a artista passou a ser conhecia como a primeira dama das artes no Brasil, assumindo o posto que antes era de Tarsila do Amaral. Entre suas cria\u00e7\u00f5es mais famosas est\u00e3o as esculturas no MASP, em S\u00e3o Paulo, da orla de Santos e da obra comemorativa de 80 anos de imigra\u00e7ao japonesa na Av. 23 de Maio.<\/p>\n","protected":false},"excerpt":{"rendered":"<p>A artista pl\u00e1stica Tomie Ohtake, conhecida por sua vasta contribui\u00e7\u00e3o \u00e0 arte contempor\u00e2nea no Brasil, faleceu em S\u00e3o Paulo, aos 101 anos. Tomie estava internada\u00a0no Hospital S\u00edrio-Liban\u00eas tratando de uma pneumonia. No \u00faltimo dia\u00a010, no entanto, ela foi encaminhada \u00e0 UTI, ap\u00f3s\u00a0sofrer uma parada card\u00edaca. Pelo Facebook, o\u00a0Instituto Tomie Ohtake, um dos centros culturais mais [&hellip;]<\/p>\n","protected":false},"author":2,"featured_media":36890,"comment_status":"open","ping_status":"closed","sticky":false,"template":"","format":"standard","meta":{"_acf_changed":false,"footnotes":""},"categories":[16],"tags":[],"class_list":["post-36889","post","type-post","status-publish","format-standard","has-post-thumbnail","hentry","category-brasil"],"acf":[],"yoast_head":"<!-- This site is optimized with the Yoast SEO plugin v27.2 - https:\/\/yoast.com\/product\/yoast-seo-wordpress\/ -->\n<title>Tomie Ohtake, rainha das artes, morre aos 101 em SP - Notibras<\/title>\n<meta name=\"robots\" content=\"index, follow, max-snippet:-1, max-image-preview:large, max-video-preview:-1\" \/>\n<link rel=\"canonical\" href=\"https:\/\/www.notibras.com\/site\/tomie-ohtake-rainha-das-artes-morre-aos-101-em-sao-paulo\/\" \/>\n<meta property=\"og:locale\" content=\"pt_BR\" \/>\n<meta property=\"og:type\" content=\"article\" \/>\n<meta property=\"og:title\" content=\"Tomie Ohtake, rainha das artes, morre aos 101 em SP - Notibras\" \/>\n<meta property=\"og:description\" content=\"A artista pl\u00e1stica Tomie Ohtake, conhecida por sua vasta contribui\u00e7\u00e3o \u00e0 arte contempor\u00e2nea no Brasil, faleceu em S\u00e3o Paulo, aos 101 anos. Tomie estava internada\u00a0no Hospital S\u00edrio-Liban\u00eas tratando de uma pneumonia. No \u00faltimo dia\u00a010, no entanto, ela foi encaminhada \u00e0 UTI, ap\u00f3s\u00a0sofrer uma parada card\u00edaca. Pelo Facebook, o\u00a0Instituto Tomie Ohtake, um dos centros culturais mais [&hellip;]\" \/>\n<meta property=\"og:url\" content=\"https:\/\/www.notibras.com\/site\/tomie-ohtake-rainha-das-artes-morre-aos-101-em-sao-paulo\/\" \/>\n<meta property=\"og:site_name\" content=\"Notibras\" \/>\n<meta property=\"article:publisher\" content=\"https:\/\/www.facebook.com\/notibras\/\" \/>\n<meta property=\"article:published_time\" content=\"2015-02-12T17:02:03+00:00\" \/>\n<meta property=\"article:modified_time\" content=\"2015-02-12T20:47:51+00:00\" \/>\n<meta property=\"og:image\" content=\"https:\/\/www.notibras.com\/site\/wp-content\/uploads\/2015\/02\/tomieohtakeinstitutofacebook.jpg\" \/>\n\t<meta property=\"og:image:width\" content=\"460\" \/>\n\t<meta property=\"og:image:height\" content=\"305\" \/>\n\t<meta property=\"og:image:type\" content=\"image\/jpeg\" \/>\n<meta name=\"author\" content=\"Reda\u00e7\u00e3o\" \/>\n<meta name=\"twitter:card\" content=\"summary_large_image\" \/>\n<meta name=\"twitter:creator\" content=\"@Notibras\" \/>\n<meta name=\"twitter:site\" content=\"@Notibras\" \/>\n<meta name=\"twitter:label1\" content=\"Escrito por\" \/>\n\t<meta name=\"twitter:data1\" content=\"Reda\u00e7\u00e3o\" \/>\n\t<meta name=\"twitter:label2\" content=\"Est. tempo de leitura\" \/>\n\t<meta name=\"twitter:data2\" content=\"2 minutos\" \/>\n<script type=\"application\/ld+json\" class=\"yoast-schema-graph\">{\"@context\":\"https:\/\/schema.org\",\"@graph\":[{\"@type\":\"Article\",\"@id\":\"https:\/\/www.notibras.com\/site\/tomie-ohtake-rainha-das-artes-morre-aos-101-em-sao-paulo\/#article\",\"isPartOf\":{\"@id\":\"https:\/\/www.notibras.com\/site\/tomie-ohtake-rainha-das-artes-morre-aos-101-em-sao-paulo\/\"},\"author\":{\"name\":\"Reda\u00e7\u00e3o\",\"@id\":\"https:\/\/www.notibras.com\/site\/#\/schema\/person\/36ab0979449956132d3e5b517ea76ac8\"},\"headline\":\"Tomie Ohtake, rainha das artes, morre aos 101 em SP\",\"datePublished\":\"2015-02-12T17:02:03+00:00\",\"dateModified\":\"2015-02-12T20:47:51+00:00\",\"mainEntityOfPage\":{\"@id\":\"https:\/\/www.notibras.com\/site\/tomie-ohtake-rainha-das-artes-morre-aos-101-em-sao-paulo\/\"},\"wordCount\":350,\"commentCount\":0,\"publisher\":{\"@id\":\"https:\/\/www.notibras.com\/site\/#organization\"},\"image\":{\"@id\":\"https:\/\/www.notibras.com\/site\/tomie-ohtake-rainha-das-artes-morre-aos-101-em-sao-paulo\/#primaryimage\"},\"thumbnailUrl\":\"https:\/\/www.notibras.com\/site\/wp-content\/uploads\/2015\/02\/tomieohtakeinstitutofacebook.jpg\",\"articleSection\":[\"Brasil\"],\"inLanguage\":\"pt-BR\",\"potentialAction\":[{\"@type\":\"CommentAction\",\"name\":\"Comment\",\"target\":[\"https:\/\/www.notibras.com\/site\/tomie-ohtake-rainha-das-artes-morre-aos-101-em-sao-paulo\/#respond\"]}]},{\"@type\":\"WebPage\",\"@id\":\"https:\/\/www.notibras.com\/site\/tomie-ohtake-rainha-das-artes-morre-aos-101-em-sao-paulo\/\",\"url\":\"https:\/\/www.notibras.com\/site\/tomie-ohtake-rainha-das-artes-morre-aos-101-em-sao-paulo\/\",\"name\":\"Tomie Ohtake, rainha das artes, morre aos 101 em SP - Notibras\",\"isPartOf\":{\"@id\":\"https:\/\/www.notibras.com\/site\/#website\"},\"primaryImageOfPage\":{\"@id\":\"https:\/\/www.notibras.com\/site\/tomie-ohtake-rainha-das-artes-morre-aos-101-em-sao-paulo\/#primaryimage\"},\"image\":{\"@id\":\"https:\/\/www.notibras.com\/site\/tomie-ohtake-rainha-das-artes-morre-aos-101-em-sao-paulo\/#primaryimage\"},\"thumbnailUrl\":\"https:\/\/www.notibras.com\/site\/wp-content\/uploads\/2015\/02\/tomieohtakeinstitutofacebook.jpg\",\"datePublished\":\"2015-02-12T17:02:03+00:00\",\"dateModified\":\"2015-02-12T20:47:51+00:00\",\"breadcrumb\":{\"@id\":\"https:\/\/www.notibras.com\/site\/tomie-ohtake-rainha-das-artes-morre-aos-101-em-sao-paulo\/#breadcrumb\"},\"inLanguage\":\"pt-BR\",\"potentialAction\":[{\"@type\":\"ReadAction\",\"target\":[\"https:\/\/www.notibras.com\/site\/tomie-ohtake-rainha-das-artes-morre-aos-101-em-sao-paulo\/\"]}]},{\"@type\":\"ImageObject\",\"inLanguage\":\"pt-BR\",\"@id\":\"https:\/\/www.notibras.com\/site\/tomie-ohtake-rainha-das-artes-morre-aos-101-em-sao-paulo\/#primaryimage\",\"url\":\"https:\/\/www.notibras.com\/site\/wp-content\/uploads\/2015\/02\/tomieohtakeinstitutofacebook.jpg\",\"contentUrl\":\"https:\/\/www.notibras.com\/site\/wp-content\/uploads\/2015\/02\/tomieohtakeinstitutofacebook.jpg\",\"width\":460,\"height\":305},{\"@type\":\"BreadcrumbList\",\"@id\":\"https:\/\/www.notibras.com\/site\/tomie-ohtake-rainha-das-artes-morre-aos-101-em-sao-paulo\/#breadcrumb\",\"itemListElement\":[{\"@type\":\"ListItem\",\"position\":1,\"name\":\"In\u00edcio\",\"item\":\"https:\/\/www.notibras.com\/site\/\"},{\"@type\":\"ListItem\",\"position\":2,\"name\":\"Tomie Ohtake, rainha das artes, morre aos 101 em SP\"}]},{\"@type\":\"WebSite\",\"@id\":\"https:\/\/www.notibras.com\/site\/#website\",\"url\":\"https:\/\/www.notibras.com\/site\/\",\"name\":\"Notibras\",\"description\":\"Not\u00edcias de Bras\u00edlia, do Brasil e do Mundo\",\"publisher\":{\"@id\":\"https:\/\/www.notibras.com\/site\/#organization\"},\"potentialAction\":[{\"@type\":\"SearchAction\",\"target\":{\"@type\":\"EntryPoint\",\"urlTemplate\":\"https:\/\/www.notibras.com\/site\/?s={search_term_string}\"},\"query-input\":{\"@type\":\"PropertyValueSpecification\",\"valueRequired\":true,\"valueName\":\"search_term_string\"}}],\"inLanguage\":\"pt-BR\"},{\"@type\":\"Organization\",\"@id\":\"https:\/\/www.notibras.com\/site\/#organization\",\"name\":\"Grupo Notibras de Comunica\u00e7\u00e3o\",\"url\":\"https:\/\/www.notibras.com\/site\/\",\"logo\":{\"@type\":\"ImageObject\",\"inLanguage\":\"pt-BR\",\"@id\":\"https:\/\/www.notibras.com\/site\/#\/schema\/logo\/image\/\",\"url\":\"https:\/\/www.notibras.com\/site\/wp-content\/uploads\/2023\/01\/notibras23.png\",\"contentUrl\":\"https:\/\/www.notibras.com\/site\/wp-content\/uploads\/2023\/01\/notibras23.png\",\"width\":350,\"height\":87,\"caption\":\"Grupo Notibras de Comunica\u00e7\u00e3o\"},\"image\":{\"@id\":\"https:\/\/www.notibras.com\/site\/#\/schema\/logo\/image\/\"},\"sameAs\":[\"https:\/\/www.facebook.com\/notibras\/\",\"https:\/\/x.com\/Notibras\",\"https:\/\/www.instagram.com\/notibras\/\"]},{\"@type\":\"Person\",\"@id\":\"https:\/\/www.notibras.com\/site\/#\/schema\/person\/36ab0979449956132d3e5b517ea76ac8\",\"name\":\"Reda\u00e7\u00e3o\",\"image\":{\"@type\":\"ImageObject\",\"inLanguage\":\"pt-BR\",\"@id\":\"https:\/\/secure.gravatar.com\/avatar\/e0a867bdedb85fd243eadf09663511f96fc81e0720a4a42581f334ad4303aa6b?s=96&d=mm&r=g\",\"url\":\"https:\/\/secure.gravatar.com\/avatar\/e0a867bdedb85fd243eadf09663511f96fc81e0720a4a42581f334ad4303aa6b?s=96&d=mm&r=g\",\"contentUrl\":\"https:\/\/secure.gravatar.com\/avatar\/e0a867bdedb85fd243eadf09663511f96fc81e0720a4a42581f334ad4303aa6b?s=96&d=mm&r=g\",\"caption\":\"Reda\u00e7\u00e3o\"}}]}<\/script>\n<!-- \/ Yoast SEO plugin. -->","yoast_head_json":{"title":"Tomie Ohtake, rainha das artes, morre aos 101 em SP - Notibras","robots":{"index":"index","follow":"follow","max-snippet":"max-snippet:-1","max-image-preview":"max-image-preview:large","max-video-preview":"max-video-preview:-1"},"canonical":"https:\/\/www.notibras.com\/site\/tomie-ohtake-rainha-das-artes-morre-aos-101-em-sao-paulo\/","og_locale":"pt_BR","og_type":"article","og_title":"Tomie Ohtake, rainha das artes, morre aos 101 em SP - Notibras","og_description":"A artista pl\u00e1stica Tomie Ohtake, conhecida por sua vasta contribui\u00e7\u00e3o \u00e0 arte contempor\u00e2nea no Brasil, faleceu em S\u00e3o Paulo, aos 101 anos. Tomie estava internada\u00a0no Hospital S\u00edrio-Liban\u00eas tratando de uma pneumonia. No \u00faltimo dia\u00a010, no entanto, ela foi encaminhada \u00e0 UTI, ap\u00f3s\u00a0sofrer uma parada card\u00edaca. Pelo Facebook, o\u00a0Instituto Tomie Ohtake, um dos centros culturais mais [&hellip;]","og_url":"https:\/\/www.notibras.com\/site\/tomie-ohtake-rainha-das-artes-morre-aos-101-em-sao-paulo\/","og_site_name":"Notibras","article_publisher":"https:\/\/www.facebook.com\/notibras\/","article_published_time":"2015-02-12T17:02:03+00:00","article_modified_time":"2015-02-12T20:47:51+00:00","og_image":[{"width":460,"height":305,"url":"https:\/\/www.notibras.com\/site\/wp-content\/uploads\/2015\/02\/tomieohtakeinstitutofacebook.jpg","type":"image\/jpeg"}],"author":"Reda\u00e7\u00e3o","twitter_card":"summary_large_image","twitter_creator":"@Notibras","twitter_site":"@Notibras","twitter_misc":{"Escrito por":"Reda\u00e7\u00e3o","Est. tempo de leitura":"2 minutos"},"schema":{"@context":"https:\/\/schema.org","@graph":[{"@type":"Article","@id":"https:\/\/www.notibras.com\/site\/tomie-ohtake-rainha-das-artes-morre-aos-101-em-sao-paulo\/#article","isPartOf":{"@id":"https:\/\/www.notibras.com\/site\/tomie-ohtake-rainha-das-artes-morre-aos-101-em-sao-paulo\/"},"author":{"name":"Reda\u00e7\u00e3o","@id":"https:\/\/www.notibras.com\/site\/#\/schema\/person\/36ab0979449956132d3e5b517ea76ac8"},"headline":"Tomie Ohtake, rainha das artes, morre aos 101 em SP","datePublished":"2015-02-12T17:02:03+00:00","dateModified":"2015-02-12T20:47:51+00:00","mainEntityOfPage":{"@id":"https:\/\/www.notibras.com\/site\/tomie-ohtake-rainha-das-artes-morre-aos-101-em-sao-paulo\/"},"wordCount":350,"commentCount":0,"publisher":{"@id":"https:\/\/www.notibras.com\/site\/#organization"},"image":{"@id":"https:\/\/www.notibras.com\/site\/tomie-ohtake-rainha-das-artes-morre-aos-101-em-sao-paulo\/#primaryimage"},"thumbnailUrl":"https:\/\/www.notibras.com\/site\/wp-content\/uploads\/2015\/02\/tomieohtakeinstitutofacebook.jpg","articleSection":["Brasil"],"inLanguage":"pt-BR","potentialAction":[{"@type":"CommentAction","name":"Comment","target":["https:\/\/www.notibras.com\/site\/tomie-ohtake-rainha-das-artes-morre-aos-101-em-sao-paulo\/#respond"]}]},{"@type":"WebPage","@id":"https:\/\/www.notibras.com\/site\/tomie-ohtake-rainha-das-artes-morre-aos-101-em-sao-paulo\/","url":"https:\/\/www.notibras.com\/site\/tomie-ohtake-rainha-das-artes-morre-aos-101-em-sao-paulo\/","name":"Tomie Ohtake, rainha das artes, morre aos 101 em SP - Notibras","isPartOf":{"@id":"https:\/\/www.notibras.com\/site\/#website"},"primaryImageOfPage":{"@id":"https:\/\/www.notibras.com\/site\/tomie-ohtake-rainha-das-artes-morre-aos-101-em-sao-paulo\/#primaryimage"},"image":{"@id":"https:\/\/www.notibras.com\/site\/tomie-ohtake-rainha-das-artes-morre-aos-101-em-sao-paulo\/#primaryimage"},"thumbnailUrl":"https:\/\/www.notibras.com\/site\/wp-content\/uploads\/2015\/02\/tomieohtakeinstitutofacebook.jpg","datePublished":"2015-02-12T17:02:03+00:00","dateModified":"2015-02-12T20:47:51+00:00","breadcrumb":{"@id":"https:\/\/www.notibras.com\/site\/tomie-ohtake-rainha-das-artes-morre-aos-101-em-sao-paulo\/#breadcrumb"},"inLanguage":"pt-BR","potentialAction":[{"@type":"ReadAction","target":["https:\/\/www.notibras.com\/site\/tomie-ohtake-rainha-das-artes-morre-aos-101-em-sao-paulo\/"]}]},{"@type":"ImageObject","inLanguage":"pt-BR","@id":"https:\/\/www.notibras.com\/site\/tomie-ohtake-rainha-das-artes-morre-aos-101-em-sao-paulo\/#primaryimage","url":"https:\/\/www.notibras.com\/site\/wp-content\/uploads\/2015\/02\/tomieohtakeinstitutofacebook.jpg","contentUrl":"https:\/\/www.notibras.com\/site\/wp-content\/uploads\/2015\/02\/tomieohtakeinstitutofacebook.jpg","width":460,"height":305},{"@type":"BreadcrumbList","@id":"https:\/\/www.notibras.com\/site\/tomie-ohtake-rainha-das-artes-morre-aos-101-em-sao-paulo\/#breadcrumb","itemListElement":[{"@type":"ListItem","position":1,"name":"In\u00edcio","item":"https:\/\/www.notibras.com\/site\/"},{"@type":"ListItem","position":2,"name":"Tomie Ohtake, rainha das artes, morre aos 101 em SP"}]},{"@type":"WebSite","@id":"https:\/\/www.notibras.com\/site\/#website","url":"https:\/\/www.notibras.com\/site\/","name":"Notibras","description":"Not\u00edcias de Bras\u00edlia, do Brasil e do Mundo","publisher":{"@id":"https:\/\/www.notibras.com\/site\/#organization"},"potentialAction":[{"@type":"SearchAction","target":{"@type":"EntryPoint","urlTemplate":"https:\/\/www.notibras.com\/site\/?s={search_term_string}"},"query-input":{"@type":"PropertyValueSpecification","valueRequired":true,"valueName":"search_term_string"}}],"inLanguage":"pt-BR"},{"@type":"Organization","@id":"https:\/\/www.notibras.com\/site\/#organization","name":"Grupo Notibras de Comunica\u00e7\u00e3o","url":"https:\/\/www.notibras.com\/site\/","logo":{"@type":"ImageObject","inLanguage":"pt-BR","@id":"https:\/\/www.notibras.com\/site\/#\/schema\/logo\/image\/","url":"https:\/\/www.notibras.com\/site\/wp-content\/uploads\/2023\/01\/notibras23.png","contentUrl":"https:\/\/www.notibras.com\/site\/wp-content\/uploads\/2023\/01\/notibras23.png","width":350,"height":87,"caption":"Grupo Notibras de Comunica\u00e7\u00e3o"},"image":{"@id":"https:\/\/www.notibras.com\/site\/#\/schema\/logo\/image\/"},"sameAs":["https:\/\/www.facebook.com\/notibras\/","https:\/\/x.com\/Notibras","https:\/\/www.instagram.com\/notibras\/"]},{"@type":"Person","@id":"https:\/\/www.notibras.com\/site\/#\/schema\/person\/36ab0979449956132d3e5b517ea76ac8","name":"Reda\u00e7\u00e3o","image":{"@type":"ImageObject","inLanguage":"pt-BR","@id":"https:\/\/secure.gravatar.com\/avatar\/e0a867bdedb85fd243eadf09663511f96fc81e0720a4a42581f334ad4303aa6b?s=96&d=mm&r=g","url":"https:\/\/secure.gravatar.com\/avatar\/e0a867bdedb85fd243eadf09663511f96fc81e0720a4a42581f334ad4303aa6b?s=96&d=mm&r=g","contentUrl":"https:\/\/secure.gravatar.com\/avatar\/e0a867bdedb85fd243eadf09663511f96fc81e0720a4a42581f334ad4303aa6b?s=96&d=mm&r=g","caption":"Reda\u00e7\u00e3o"}}]}},"amp_enabled":true,"_links":{"self":[{"href":"https:\/\/www.notibras.com\/site\/wp-json\/wp\/v2\/posts\/36889","targetHints":{"allow":["GET"]}}],"collection":[{"href":"https:\/\/www.notibras.com\/site\/wp-json\/wp\/v2\/posts"}],"about":[{"href":"https:\/\/www.notibras.com\/site\/wp-json\/wp\/v2\/types\/post"}],"author":[{"embeddable":true,"href":"https:\/\/www.notibras.com\/site\/wp-json\/wp\/v2\/users\/2"}],"replies":[{"embeddable":true,"href":"https:\/\/www.notibras.com\/site\/wp-json\/wp\/v2\/comments?post=36889"}],"version-history":[{"count":0,"href":"https:\/\/www.notibras.com\/site\/wp-json\/wp\/v2\/posts\/36889\/revisions"}],"wp:featuredmedia":[{"embeddable":true,"href":"https:\/\/www.notibras.com\/site\/wp-json\/wp\/v2\/media\/36890"}],"wp:attachment":[{"href":"https:\/\/www.notibras.com\/site\/wp-json\/wp\/v2\/media?parent=36889"}],"wp:term":[{"taxonomy":"category","embeddable":true,"href":"https:\/\/www.notibras.com\/site\/wp-json\/wp\/v2\/categories?post=36889"},{"taxonomy":"post_tag","embeddable":true,"href":"https:\/\/www.notibras.com\/site\/wp-json\/wp\/v2\/tags?post=36889"}],"curies":[{"name":"wp","href":"https:\/\/api.w.org\/{rel}","templated":true}]}}