{"id":368962,"date":"2025-10-31T04:43:44","date_gmt":"2025-10-31T07:43:44","guid":{"rendered":"https:\/\/www.notibras.com\/site\/?p=368962"},"modified":"2025-10-31T04:43:44","modified_gmt":"2025-10-31T07:43:44","slug":"o-segredo-invisivel-que-move-o-universo","status":"publish","type":"post","link":"https:\/\/www.notibras.com\/site\/o-segredo-invisivel-que-move-o-universo\/","title":{"rendered":"O segredo invis\u00edvel que move o Universo"},"content":{"rendered":"<p data-start=\"245\" data-end=\"663\">H\u00e1 quem diga que a vida \u00e9 feita de encontros \u2014 mas os encontros certos s\u00f3 acontecem quando estamos em boa sintonia. Tudo vibra. Desde o som das palavras at\u00e9 o sil\u00eancio entre elas, h\u00e1 uma energia sutil, quase impercept\u00edvel, que molda o caminho das coisas. Essa \u00e9 a <em data-start=\"509\" data-end=\"515\">vibe<\/em>, o campo vibracional que emitimos e recebemos, como se o universo fosse uma imensa orquestra tocando as notas da nossa pr\u00f3pria frequ\u00eancia interior.<\/p>\n<p data-start=\"665\" data-end=\"1043\">Quando a nossa vibra\u00e7\u00e3o est\u00e1 em harmonia, o corpo se alinha, a mente se acalma e o esp\u00edrito se expande. A boa sintonia n\u00e3o \u00e9 um estado de euforia, mas de presen\u00e7a \u2014 o instante em que deixamos de lutar contra o fluxo e passamos a dan\u00e7ar com ele. \u00c9 nesse ponto que a energia flui livremente, atraindo pessoas, oportunidades e acontecimentos que ressoam com o que somos de verdade.<\/p>\n<p data-start=\"1045\" data-end=\"1378\">Os antigos mestres sabiam disso. Chamavam de <em data-start=\"1090\" data-end=\"1095\">chi<\/em>, <em data-start=\"1097\" data-end=\"1104\">prana<\/em>, <em data-start=\"1106\" data-end=\"1111\">ax\u00e9<\/em> ou <em data-start=\"1115\" data-end=\"1121\">mana<\/em>, dependendo da cultura. Hoje, falamos em frequ\u00eancia energ\u00e9tica ou campo vibracional. Mas o mist\u00e9rio \u00e9 o mesmo: somos transmissores e receptores de vibra\u00e7\u00e3o, e aquilo que sentimos e pensamos \u00e9 o que colocamos em movimento no tecido invis\u00edvel da realidade.<\/p>\n<p data-start=\"1380\" data-end=\"1798\">Estar em boa sintonia n\u00e3o \u00e9 ignorar o caos \u2014 \u00e9 vibrar mais alto do que ele. \u00c9 compreender que cada emo\u00e7\u00e3o tem um tom, e que a raiva, o medo e a culpa soam em escalas baixas, enquanto o amor, a gratid\u00e3o e a f\u00e9 ressoam nas oitavas mais elevadas da exist\u00eancia. Quando mudamos nossa frequ\u00eancia, tudo ao redor se transforma. As coincid\u00eancias se multiplicam, os sinais se tornam claros, e o tempo parece conspirar a favor.<\/p>\n<p data-start=\"1800\" data-end=\"2091\">Para alinhar a vibe, n\u00e3o \u00e9 preciso magia, mas presen\u00e7a. Um minuto de sil\u00eancio, um olhar agradecido, um respirar consciente j\u00e1 bastam para recome\u00e7ar. A boa sintonia \u00e9 um estado de alma \u2014 uma escolha di\u00e1ria de estar inteiro no agora, com o cora\u00e7\u00e3o em paz e a mente aberta ao fluxo do universo.<\/p>\n<p data-start=\"2093\" data-end=\"2256\">E, quando essa sintonia acontece, tudo flui: o amor encontra caminho, o trabalho ganha prop\u00f3sito e a vida se torna uma dan\u00e7a c\u00f3smica entre o vis\u00edvel e o invis\u00edvel.<\/p>\n<p data-start=\"135\" data-end=\"446\">Quando o cora\u00e7\u00e3o vibra em sintonia com o universo, n\u00e3o h\u00e1 obst\u00e1culo que permane\u00e7a, nem sombra que resista \u00e0 luz da presen\u00e7a. Cada gesto torna-se prece, cada pensamento, semente, e cada sil\u00eancio, um portal de renova\u00e7\u00e3o. A boa vibe n\u00e3o \u00e9 um acaso \u2014 \u00e9 o retorno natural de quem se alinha com o pulsar da cria\u00e7\u00e3o.<\/p>\n<p data-start=\"448\" data-end=\"518\">Feche os olhos por um instante, respire fundo e repita dentro de si:<\/p>\n<p data-start=\"520\" data-end=\"635\"><strong data-start=\"520\" data-end=\"633\">\u201cEu vibro em luz, eu vibro em amor.<br data-start=\"557\" data-end=\"560\" \/>O que emito, recebo.<br data-start=\"580\" data-end=\"583\" \/>O que sinto, crio.<br data-start=\"601\" data-end=\"604\" \/>Sou harmonia em movimento.\u201d<\/strong><\/p>\n<p data-start=\"637\" data-end=\"795\">Deixe que essas palavras ecoem como ondas suaves no oceano da sua consci\u00eancia.<br data-start=\"715\" data-end=\"718\" \/>A sintonia est\u00e1 feita. A vida come\u00e7a \u2014 outra vez \u2014 a conspirar a seu favor.<\/p>\n<p data-start=\"637\" data-end=\"795\">&#8230;&#8230;&#8230;&#8230;&#8230;&#8230;&#8230;&#8230;&#8230;.<\/p>\n<p data-start=\"637\" data-end=\"795\"><strong>Anabelle Santa&#8217;cruz \u00e9 Editora de Or\u00e1culos<\/strong><\/p>\n<p data-start=\"637\" data-end=\"795\">\n","protected":false},"excerpt":{"rendered":"<p>H\u00e1 quem diga que a vida \u00e9 feita de encontros \u2014 mas os encontros certos s\u00f3 acontecem quando estamos em boa sintonia. Tudo vibra. Desde o som das palavras at\u00e9 o sil\u00eancio entre elas, h\u00e1 uma energia sutil, quase impercept\u00edvel, que molda o caminho das coisas. Essa \u00e9 a vibe, o campo vibracional que emitimos [&hellip;]<\/p>\n","protected":false},"author":2,"featured_media":368963,"comment_status":"closed","ping_status":"closed","sticky":false,"template":"","format":"standard","meta":{"_acf_changed":false,"footnotes":""},"categories":[237],"tags":[],"class_list":["post-368962","post","type-post","status-publish","format-standard","has-post-thumbnail","hentry","category-oraculos"],"acf":[],"yoast_head":"<!-- This site is optimized with the Yoast SEO plugin v27.2 - https:\/\/yoast.com\/product\/yoast-seo-wordpress\/ -->\n<title>O segredo invis\u00edvel que move o Universo - Notibras<\/title>\n<meta name=\"robots\" content=\"index, follow, max-snippet:-1, max-image-preview:large, max-video-preview:-1\" \/>\n<link rel=\"canonical\" href=\"https:\/\/www.notibras.com\/site\/o-segredo-invisivel-que-move-o-universo\/\" \/>\n<meta property=\"og:locale\" content=\"pt_BR\" \/>\n<meta property=\"og:type\" content=\"article\" \/>\n<meta property=\"og:title\" content=\"O segredo invis\u00edvel que move o Universo - Notibras\" \/>\n<meta property=\"og:description\" content=\"H\u00e1 quem diga que a vida \u00e9 feita de encontros \u2014 mas os encontros certos s\u00f3 acontecem quando estamos em boa sintonia. Tudo vibra. Desde o som das palavras at\u00e9 o sil\u00eancio entre elas, h\u00e1 uma energia sutil, quase impercept\u00edvel, que molda o caminho das coisas. Essa \u00e9 a vibe, o campo vibracional que emitimos [&hellip;]\" \/>\n<meta property=\"og:url\" content=\"https:\/\/www.notibras.com\/site\/o-segredo-invisivel-que-move-o-universo\/\" \/>\n<meta property=\"og:site_name\" content=\"Notibras\" \/>\n<meta property=\"article:publisher\" content=\"https:\/\/www.facebook.com\/notibras\/\" \/>\n<meta property=\"article:published_time\" content=\"2025-10-31T07:43:44+00:00\" \/>\n<meta property=\"og:image\" content=\"https:\/\/www.notibras.com\/site\/wp-content\/uploads\/2025\/10\/fe48aee9-416f-42b5-af06-0d87c202b1b7-683x1024.png\" \/>\n\t<meta property=\"og:image:width\" content=\"683\" \/>\n\t<meta property=\"og:image:height\" content=\"1024\" \/>\n\t<meta property=\"og:image:type\" content=\"image\/png\" \/>\n<meta name=\"author\" content=\"Reda\u00e7\u00e3o\" \/>\n<meta name=\"twitter:card\" content=\"summary_large_image\" \/>\n<meta name=\"twitter:creator\" content=\"@Notibras\" \/>\n<meta name=\"twitter:site\" content=\"@Notibras\" \/>\n<meta name=\"twitter:label1\" content=\"Escrito por\" \/>\n\t<meta name=\"twitter:data1\" content=\"Reda\u00e7\u00e3o\" \/>\n\t<meta name=\"twitter:label2\" content=\"Est. tempo de leitura\" \/>\n\t<meta name=\"twitter:data2\" content=\"3 minutos\" \/>\n<script type=\"application\/ld+json\" class=\"yoast-schema-graph\">{\"@context\":\"https:\/\/schema.org\",\"@graph\":[{\"@type\":\"Article\",\"@id\":\"https:\/\/www.notibras.com\/site\/o-segredo-invisivel-que-move-o-universo\/#article\",\"isPartOf\":{\"@id\":\"https:\/\/www.notibras.com\/site\/o-segredo-invisivel-que-move-o-universo\/\"},\"author\":{\"name\":\"Reda\u00e7\u00e3o\",\"@id\":\"https:\/\/www.notibras.com\/site\/#\/schema\/person\/36ab0979449956132d3e5b517ea76ac8\"},\"headline\":\"O segredo invis\u00edvel que move o Universo\",\"datePublished\":\"2025-10-31T07:43:44+00:00\",\"mainEntityOfPage\":{\"@id\":\"https:\/\/www.notibras.com\/site\/o-segredo-invisivel-que-move-o-universo\/\"},\"wordCount\":510,\"publisher\":{\"@id\":\"https:\/\/www.notibras.com\/site\/#organization\"},\"image\":{\"@id\":\"https:\/\/www.notibras.com\/site\/o-segredo-invisivel-que-move-o-universo\/#primaryimage\"},\"thumbnailUrl\":\"https:\/\/www.notibras.com\/site\/wp-content\/uploads\/2025\/10\/fe48aee9-416f-42b5-af06-0d87c202b1b7.png\",\"articleSection\":[\"Or\u00e1culos\"],\"inLanguage\":\"pt-BR\"},{\"@type\":\"WebPage\",\"@id\":\"https:\/\/www.notibras.com\/site\/o-segredo-invisivel-que-move-o-universo\/\",\"url\":\"https:\/\/www.notibras.com\/site\/o-segredo-invisivel-que-move-o-universo\/\",\"name\":\"O segredo invis\u00edvel que move o Universo - Notibras\",\"isPartOf\":{\"@id\":\"https:\/\/www.notibras.com\/site\/#website\"},\"primaryImageOfPage\":{\"@id\":\"https:\/\/www.notibras.com\/site\/o-segredo-invisivel-que-move-o-universo\/#primaryimage\"},\"image\":{\"@id\":\"https:\/\/www.notibras.com\/site\/o-segredo-invisivel-que-move-o-universo\/#primaryimage\"},\"thumbnailUrl\":\"https:\/\/www.notibras.com\/site\/wp-content\/uploads\/2025\/10\/fe48aee9-416f-42b5-af06-0d87c202b1b7.png\",\"datePublished\":\"2025-10-31T07:43:44+00:00\",\"breadcrumb\":{\"@id\":\"https:\/\/www.notibras.com\/site\/o-segredo-invisivel-que-move-o-universo\/#breadcrumb\"},\"inLanguage\":\"pt-BR\",\"potentialAction\":[{\"@type\":\"ReadAction\",\"target\":[\"https:\/\/www.notibras.com\/site\/o-segredo-invisivel-que-move-o-universo\/\"]}]},{\"@type\":\"ImageObject\",\"inLanguage\":\"pt-BR\",\"@id\":\"https:\/\/www.notibras.com\/site\/o-segredo-invisivel-que-move-o-universo\/#primaryimage\",\"url\":\"https:\/\/www.notibras.com\/site\/wp-content\/uploads\/2025\/10\/fe48aee9-416f-42b5-af06-0d87c202b1b7.png\",\"contentUrl\":\"https:\/\/www.notibras.com\/site\/wp-content\/uploads\/2025\/10\/fe48aee9-416f-42b5-af06-0d87c202b1b7.png\",\"width\":1024,\"height\":1536},{\"@type\":\"BreadcrumbList\",\"@id\":\"https:\/\/www.notibras.com\/site\/o-segredo-invisivel-que-move-o-universo\/#breadcrumb\",\"itemListElement\":[{\"@type\":\"ListItem\",\"position\":1,\"name\":\"In\u00edcio\",\"item\":\"https:\/\/www.notibras.com\/site\/\"},{\"@type\":\"ListItem\",\"position\":2,\"name\":\"O segredo invis\u00edvel que move o Universo\"}]},{\"@type\":\"WebSite\",\"@id\":\"https:\/\/www.notibras.com\/site\/#website\",\"url\":\"https:\/\/www.notibras.com\/site\/\",\"name\":\"Notibras\",\"description\":\"Not\u00edcias de Bras\u00edlia, do Brasil e do Mundo\",\"publisher\":{\"@id\":\"https:\/\/www.notibras.com\/site\/#organization\"},\"potentialAction\":[{\"@type\":\"SearchAction\",\"target\":{\"@type\":\"EntryPoint\",\"urlTemplate\":\"https:\/\/www.notibras.com\/site\/?s={search_term_string}\"},\"query-input\":{\"@type\":\"PropertyValueSpecification\",\"valueRequired\":true,\"valueName\":\"search_term_string\"}}],\"inLanguage\":\"pt-BR\"},{\"@type\":\"Organization\",\"@id\":\"https:\/\/www.notibras.com\/site\/#organization\",\"name\":\"Grupo Notibras de Comunica\u00e7\u00e3o\",\"url\":\"https:\/\/www.notibras.com\/site\/\",\"logo\":{\"@type\":\"ImageObject\",\"inLanguage\":\"pt-BR\",\"@id\":\"https:\/\/www.notibras.com\/site\/#\/schema\/logo\/image\/\",\"url\":\"https:\/\/www.notibras.com\/site\/wp-content\/uploads\/2023\/01\/notibras23.png\",\"contentUrl\":\"https:\/\/www.notibras.com\/site\/wp-content\/uploads\/2023\/01\/notibras23.png\",\"width\":350,\"height\":87,\"caption\":\"Grupo Notibras de Comunica\u00e7\u00e3o\"},\"image\":{\"@id\":\"https:\/\/www.notibras.com\/site\/#\/schema\/logo\/image\/\"},\"sameAs\":[\"https:\/\/www.facebook.com\/notibras\/\",\"https:\/\/x.com\/Notibras\",\"https:\/\/www.instagram.com\/notibras\/\"]},{\"@type\":\"Person\",\"@id\":\"https:\/\/www.notibras.com\/site\/#\/schema\/person\/36ab0979449956132d3e5b517ea76ac8\",\"name\":\"Reda\u00e7\u00e3o\",\"image\":{\"@type\":\"ImageObject\",\"inLanguage\":\"pt-BR\",\"@id\":\"https:\/\/secure.gravatar.com\/avatar\/e0a867bdedb85fd243eadf09663511f96fc81e0720a4a42581f334ad4303aa6b?s=96&d=mm&r=g\",\"url\":\"https:\/\/secure.gravatar.com\/avatar\/e0a867bdedb85fd243eadf09663511f96fc81e0720a4a42581f334ad4303aa6b?s=96&d=mm&r=g\",\"contentUrl\":\"https:\/\/secure.gravatar.com\/avatar\/e0a867bdedb85fd243eadf09663511f96fc81e0720a4a42581f334ad4303aa6b?s=96&d=mm&r=g\",\"caption\":\"Reda\u00e7\u00e3o\"}}]}<\/script>\n<!-- \/ Yoast SEO plugin. -->","yoast_head_json":{"title":"O segredo invis\u00edvel que move o Universo - Notibras","robots":{"index":"index","follow":"follow","max-snippet":"max-snippet:-1","max-image-preview":"max-image-preview:large","max-video-preview":"max-video-preview:-1"},"canonical":"https:\/\/www.notibras.com\/site\/o-segredo-invisivel-que-move-o-universo\/","og_locale":"pt_BR","og_type":"article","og_title":"O segredo invis\u00edvel que move o Universo - Notibras","og_description":"H\u00e1 quem diga que a vida \u00e9 feita de encontros \u2014 mas os encontros certos s\u00f3 acontecem quando estamos em boa sintonia. Tudo vibra. Desde o som das palavras at\u00e9 o sil\u00eancio entre elas, h\u00e1 uma energia sutil, quase impercept\u00edvel, que molda o caminho das coisas. Essa \u00e9 a vibe, o campo vibracional que emitimos [&hellip;]","og_url":"https:\/\/www.notibras.com\/site\/o-segredo-invisivel-que-move-o-universo\/","og_site_name":"Notibras","article_publisher":"https:\/\/www.facebook.com\/notibras\/","article_published_time":"2025-10-31T07:43:44+00:00","og_image":[{"width":683,"height":1024,"url":"https:\/\/www.notibras.com\/site\/wp-content\/uploads\/2025\/10\/fe48aee9-416f-42b5-af06-0d87c202b1b7-683x1024.png","type":"image\/png"}],"author":"Reda\u00e7\u00e3o","twitter_card":"summary_large_image","twitter_creator":"@Notibras","twitter_site":"@Notibras","twitter_misc":{"Escrito por":"Reda\u00e7\u00e3o","Est. tempo de leitura":"3 minutos"},"schema":{"@context":"https:\/\/schema.org","@graph":[{"@type":"Article","@id":"https:\/\/www.notibras.com\/site\/o-segredo-invisivel-que-move-o-universo\/#article","isPartOf":{"@id":"https:\/\/www.notibras.com\/site\/o-segredo-invisivel-que-move-o-universo\/"},"author":{"name":"Reda\u00e7\u00e3o","@id":"https:\/\/www.notibras.com\/site\/#\/schema\/person\/36ab0979449956132d3e5b517ea76ac8"},"headline":"O segredo invis\u00edvel que move o Universo","datePublished":"2025-10-31T07:43:44+00:00","mainEntityOfPage":{"@id":"https:\/\/www.notibras.com\/site\/o-segredo-invisivel-que-move-o-universo\/"},"wordCount":510,"publisher":{"@id":"https:\/\/www.notibras.com\/site\/#organization"},"image":{"@id":"https:\/\/www.notibras.com\/site\/o-segredo-invisivel-que-move-o-universo\/#primaryimage"},"thumbnailUrl":"https:\/\/www.notibras.com\/site\/wp-content\/uploads\/2025\/10\/fe48aee9-416f-42b5-af06-0d87c202b1b7.png","articleSection":["Or\u00e1culos"],"inLanguage":"pt-BR"},{"@type":"WebPage","@id":"https:\/\/www.notibras.com\/site\/o-segredo-invisivel-que-move-o-universo\/","url":"https:\/\/www.notibras.com\/site\/o-segredo-invisivel-que-move-o-universo\/","name":"O segredo invis\u00edvel que move o Universo - Notibras","isPartOf":{"@id":"https:\/\/www.notibras.com\/site\/#website"},"primaryImageOfPage":{"@id":"https:\/\/www.notibras.com\/site\/o-segredo-invisivel-que-move-o-universo\/#primaryimage"},"image":{"@id":"https:\/\/www.notibras.com\/site\/o-segredo-invisivel-que-move-o-universo\/#primaryimage"},"thumbnailUrl":"https:\/\/www.notibras.com\/site\/wp-content\/uploads\/2025\/10\/fe48aee9-416f-42b5-af06-0d87c202b1b7.png","datePublished":"2025-10-31T07:43:44+00:00","breadcrumb":{"@id":"https:\/\/www.notibras.com\/site\/o-segredo-invisivel-que-move-o-universo\/#breadcrumb"},"inLanguage":"pt-BR","potentialAction":[{"@type":"ReadAction","target":["https:\/\/www.notibras.com\/site\/o-segredo-invisivel-que-move-o-universo\/"]}]},{"@type":"ImageObject","inLanguage":"pt-BR","@id":"https:\/\/www.notibras.com\/site\/o-segredo-invisivel-que-move-o-universo\/#primaryimage","url":"https:\/\/www.notibras.com\/site\/wp-content\/uploads\/2025\/10\/fe48aee9-416f-42b5-af06-0d87c202b1b7.png","contentUrl":"https:\/\/www.notibras.com\/site\/wp-content\/uploads\/2025\/10\/fe48aee9-416f-42b5-af06-0d87c202b1b7.png","width":1024,"height":1536},{"@type":"BreadcrumbList","@id":"https:\/\/www.notibras.com\/site\/o-segredo-invisivel-que-move-o-universo\/#breadcrumb","itemListElement":[{"@type":"ListItem","position":1,"name":"In\u00edcio","item":"https:\/\/www.notibras.com\/site\/"},{"@type":"ListItem","position":2,"name":"O segredo invis\u00edvel que move o Universo"}]},{"@type":"WebSite","@id":"https:\/\/www.notibras.com\/site\/#website","url":"https:\/\/www.notibras.com\/site\/","name":"Notibras","description":"Not\u00edcias de Bras\u00edlia, do Brasil e do Mundo","publisher":{"@id":"https:\/\/www.notibras.com\/site\/#organization"},"potentialAction":[{"@type":"SearchAction","target":{"@type":"EntryPoint","urlTemplate":"https:\/\/www.notibras.com\/site\/?s={search_term_string}"},"query-input":{"@type":"PropertyValueSpecification","valueRequired":true,"valueName":"search_term_string"}}],"inLanguage":"pt-BR"},{"@type":"Organization","@id":"https:\/\/www.notibras.com\/site\/#organization","name":"Grupo Notibras de Comunica\u00e7\u00e3o","url":"https:\/\/www.notibras.com\/site\/","logo":{"@type":"ImageObject","inLanguage":"pt-BR","@id":"https:\/\/www.notibras.com\/site\/#\/schema\/logo\/image\/","url":"https:\/\/www.notibras.com\/site\/wp-content\/uploads\/2023\/01\/notibras23.png","contentUrl":"https:\/\/www.notibras.com\/site\/wp-content\/uploads\/2023\/01\/notibras23.png","width":350,"height":87,"caption":"Grupo Notibras de Comunica\u00e7\u00e3o"},"image":{"@id":"https:\/\/www.notibras.com\/site\/#\/schema\/logo\/image\/"},"sameAs":["https:\/\/www.facebook.com\/notibras\/","https:\/\/x.com\/Notibras","https:\/\/www.instagram.com\/notibras\/"]},{"@type":"Person","@id":"https:\/\/www.notibras.com\/site\/#\/schema\/person\/36ab0979449956132d3e5b517ea76ac8","name":"Reda\u00e7\u00e3o","image":{"@type":"ImageObject","inLanguage":"pt-BR","@id":"https:\/\/secure.gravatar.com\/avatar\/e0a867bdedb85fd243eadf09663511f96fc81e0720a4a42581f334ad4303aa6b?s=96&d=mm&r=g","url":"https:\/\/secure.gravatar.com\/avatar\/e0a867bdedb85fd243eadf09663511f96fc81e0720a4a42581f334ad4303aa6b?s=96&d=mm&r=g","contentUrl":"https:\/\/secure.gravatar.com\/avatar\/e0a867bdedb85fd243eadf09663511f96fc81e0720a4a42581f334ad4303aa6b?s=96&d=mm&r=g","caption":"Reda\u00e7\u00e3o"}}]}},"amp_enabled":true,"_links":{"self":[{"href":"https:\/\/www.notibras.com\/site\/wp-json\/wp\/v2\/posts\/368962","targetHints":{"allow":["GET"]}}],"collection":[{"href":"https:\/\/www.notibras.com\/site\/wp-json\/wp\/v2\/posts"}],"about":[{"href":"https:\/\/www.notibras.com\/site\/wp-json\/wp\/v2\/types\/post"}],"author":[{"embeddable":true,"href":"https:\/\/www.notibras.com\/site\/wp-json\/wp\/v2\/users\/2"}],"replies":[{"embeddable":true,"href":"https:\/\/www.notibras.com\/site\/wp-json\/wp\/v2\/comments?post=368962"}],"version-history":[{"count":1,"href":"https:\/\/www.notibras.com\/site\/wp-json\/wp\/v2\/posts\/368962\/revisions"}],"predecessor-version":[{"id":368964,"href":"https:\/\/www.notibras.com\/site\/wp-json\/wp\/v2\/posts\/368962\/revisions\/368964"}],"wp:featuredmedia":[{"embeddable":true,"href":"https:\/\/www.notibras.com\/site\/wp-json\/wp\/v2\/media\/368963"}],"wp:attachment":[{"href":"https:\/\/www.notibras.com\/site\/wp-json\/wp\/v2\/media?parent=368962"}],"wp:term":[{"taxonomy":"category","embeddable":true,"href":"https:\/\/www.notibras.com\/site\/wp-json\/wp\/v2\/categories?post=368962"},{"taxonomy":"post_tag","embeddable":true,"href":"https:\/\/www.notibras.com\/site\/wp-json\/wp\/v2\/tags?post=368962"}],"curies":[{"name":"wp","href":"https:\/\/api.w.org\/{rel}","templated":true}]}}