{"id":368977,"date":"2025-10-31T05:08:19","date_gmt":"2025-10-31T08:08:19","guid":{"rendered":"https:\/\/www.notibras.com\/site\/?p=368977"},"modified":"2025-10-31T05:08:19","modified_gmt":"2025-10-31T08:08:19","slug":"crea-avalia-viaduto-em-teresina-apos-prefeitura-constatar-desnivel","status":"publish","type":"post","link":"https:\/\/www.notibras.com\/site\/crea-avalia-viaduto-em-teresina-apos-prefeitura-constatar-desnivel\/","title":{"rendered":"Crea avalia viaduto em Teresina ap\u00f3s prefeitura constatar desn\u00edvel"},"content":{"rendered":"<p>O Conselho Regional de Engenharia e Agronomia do Piau\u00ed (Crea-PI) iniciou uma vistoria t\u00e9cnica no Viaduto da Avenida Bar\u00e3o de Gurgueia, na zona Sul de Teresina, ap\u00f3s a Prefeitura Municipal identificar um desn\u00edvel de aproximadamente 15 cent\u00edmetros em uma das pistas da estrutura.<\/p>\n<p>De acordo com a Superintend\u00eancia Municipal de Transportes e Tr\u00e2nsito (Strans), o problema foi constatado durante uma inspe\u00e7\u00e3o de rotina realizada na semana passada. O local apresenta uma diferen\u00e7a percept\u00edvel na altura da pista, o que motivou a interdi\u00e7\u00e3o parcial de uma das faixas de rolamento por medida de seguran\u00e7a.<\/p>\n<p>\u201cA vistoria preventiva identificou um afundamento em um dos lados da estrutura. Imediatamente acionamos o Crea-PI para uma avalia\u00e7\u00e3o detalhada, a fim de garantir que n\u00e3o haja risco para os motoristas e pedestres\u201d, explicou o superintendente da Strans, Carlos Daniel.<\/p>\n<p>Os engenheiros do Crea-PI realizaram as primeiras an\u00e1lises visuais e coletaram dados para um relat\u00f3rio t\u00e9cnico, que dever\u00e1 apontar as causas do desn\u00edvel e indicar poss\u00edveis solu\u00e7\u00f5es. O presidente do conselho, Ant\u00f4nio Moura, destacou que a avalia\u00e7\u00e3o segue crit\u00e9rios rigorosos de engenharia estrutural.<\/p>\n<p>\u201c\u00c9 importante ressaltar que nem todo desn\u00edvel representa risco iminente, mas requer aten\u00e7\u00e3o e estudo t\u00e9cnico. Nosso papel \u00e9 verificar se houve recalque de funda\u00e7\u00e3o, falha em juntas de dilata\u00e7\u00e3o ou deslocamento estrutural\u201d, afirmou Moura.<\/p>\n<p>Durante o per\u00edodo de an\u00e1lise, a prefeitura mant\u00e9m o tr\u00e1fego controlado e sinaliza\u00e7\u00e3o refor\u00e7ada no entorno do viaduto. Agentes da Strans orientam os motoristas, e equipes da Secretaria de Desenvolvimento Urbano e Habita\u00e7\u00e3o (Semduh) monitoram o local.<\/p>\n<p>Moradores e comerciantes da regi\u00e3o demonstram preocupa\u00e7\u00e3o com a situa\u00e7\u00e3o, mas aprovam as medidas de seguran\u00e7a. \u201cA gente passa aqui todos os dias, e \u00e9 bom ver que est\u00e3o tomando provid\u00eancias antes que algo pior aconte\u00e7a\u201d, disse a comerciante Maria da Concei\u00e7\u00e3o Silva, que trabalha pr\u00f3ximo ao viaduto.<\/p>\n<p>O laudo t\u00e9cnico do Crea-PI deve ser conclu\u00eddo em at\u00e9 10 dias \u00fateis. Caso seja identificada a necessidade de reparos estruturais, a prefeitura informou que adotar\u00e1 a\u00e7\u00f5es emergenciais de recupera\u00e7\u00e3o e poder\u00e1 interditar totalmente o trecho durante as obras.<\/p>\n<p>A prefeitura refor\u00e7ou ainda que realiza inspe\u00e7\u00f5es peri\u00f3dicas em pontes e viadutos de Teresina, como parte do plano municipal de manuten\u00e7\u00e3o preventiva. O objetivo \u00e9 evitar riscos e garantir a seguran\u00e7a das estruturas vi\u00e1rias da capital.<\/p>\n","protected":false},"excerpt":{"rendered":"<p>O Conselho Regional de Engenharia e Agronomia do Piau\u00ed (Crea-PI) iniciou uma vistoria t\u00e9cnica no Viaduto da Avenida Bar\u00e3o de Gurgueia, na zona Sul de Teresina, ap\u00f3s a Prefeitura Municipal identificar um desn\u00edvel de aproximadamente 15 cent\u00edmetros em uma das pistas da estrutura. De acordo com a Superintend\u00eancia Municipal de Transportes e Tr\u00e2nsito (Strans), o [&hellip;]<\/p>\n","protected":false},"author":2,"featured_media":368978,"comment_status":"closed","ping_status":"closed","sticky":false,"template":"","format":"standard","meta":{"_acf_changed":false,"footnotes":""},"categories":[165],"tags":[],"class_list":["post-368977","post","type-post","status-publish","format-standard","has-post-thumbnail","hentry","category-nordeste"],"acf":[],"_links":{"self":[{"href":"https:\/\/www.notibras.com\/site\/wp-json\/wp\/v2\/posts\/368977","targetHints":{"allow":["GET"]}}],"collection":[{"href":"https:\/\/www.notibras.com\/site\/wp-json\/wp\/v2\/posts"}],"about":[{"href":"https:\/\/www.notibras.com\/site\/wp-json\/wp\/v2\/types\/post"}],"author":[{"embeddable":true,"href":"https:\/\/www.notibras.com\/site\/wp-json\/wp\/v2\/users\/2"}],"replies":[{"embeddable":true,"href":"https:\/\/www.notibras.com\/site\/wp-json\/wp\/v2\/comments?post=368977"}],"version-history":[{"count":1,"href":"https:\/\/www.notibras.com\/site\/wp-json\/wp\/v2\/posts\/368977\/revisions"}],"predecessor-version":[{"id":368979,"href":"https:\/\/www.notibras.com\/site\/wp-json\/wp\/v2\/posts\/368977\/revisions\/368979"}],"wp:featuredmedia":[{"embeddable":true,"href":"https:\/\/www.notibras.com\/site\/wp-json\/wp\/v2\/media\/368978"}],"wp:attachment":[{"href":"https:\/\/www.notibras.com\/site\/wp-json\/wp\/v2\/media?parent=368977"}],"wp:term":[{"taxonomy":"category","embeddable":true,"href":"https:\/\/www.notibras.com\/site\/wp-json\/wp\/v2\/categories?post=368977"},{"taxonomy":"post_tag","embeddable":true,"href":"https:\/\/www.notibras.com\/site\/wp-json\/wp\/v2\/tags?post=368977"}],"curies":[{"name":"wp","href":"https:\/\/api.w.org\/{rel}","templated":true}]}}