{"id":368980,"date":"2025-10-31T04:50:16","date_gmt":"2025-10-31T07:50:16","guid":{"rendered":"https:\/\/www.notibras.com\/site\/?p=368980"},"modified":"2025-10-31T05:12:14","modified_gmt":"2025-10-31T08:12:14","slug":"ramal-camaragibe-do-metro-chega-ao-quarto-dia-sem-funcionar","status":"publish","type":"post","link":"https:\/\/www.notibras.com\/site\/ramal-camaragibe-do-metro-chega-ao-quarto-dia-sem-funcionar\/","title":{"rendered":"Ramal Camaragibe do metr\u00f4 chega ao quarto dia sem funcionar"},"content":{"rendered":"<p>O ramal Camaragibe do Metr\u00f4 do Recife completou, nesta quinta-feira (30), o quarto dia seguido sem funcionar, deixando milhares de passageiros sem transporte. Segundo a Companhia Brasileira de Trens Urbanos (CBTU), ainda n\u00e3o h\u00e1 previs\u00e3o de reabertura das cinco esta\u00e7\u00f5es que permanecem fechadas desde o in\u00edcio da semana.<\/p>\n<p>As esta\u00e7\u00f5es afetadas s\u00e3o: Camaragibe, Cosme e Dami\u00e3o, Rodovi\u00e1ria, Alto do C\u00e9u e Mangueira. O trecho est\u00e1 totalmente paralisado desde segunda-feira (27) por causa de problemas el\u00e9tricos e estruturais na rede, identificados ap\u00f3s fortes chuvas que atingiram a Regi\u00e3o Metropolitana do Recife.<\/p>\n<p>De acordo com a CBTU, t\u00e9cnicos seguem realizando inspe\u00e7\u00f5es e reparos nos equipamentos, mas o trabalho tem sido dificultado pelas condi\u00e7\u00f5es de seguran\u00e7a e pela necessidade de substituir cabos danificados. A empresa informou, em nota, que o ramal Centro segue operando normalmente entre as esta\u00e7\u00f5es Recife e Jaboat\u00e3o.<\/p>\n<p>Enquanto isso, a popula\u00e7\u00e3o enfrenta superlota\u00e7\u00e3o nos \u00f4nibus e longas esperas nas paradas. Passageiros que dependem do metr\u00f4 para chegar ao trabalho relatam transtornos di\u00e1rios.<\/p>\n<p>\u201cEu levo quase o dobro do tempo para chegar. Al\u00e9m de caro, os \u00f4nibus est\u00e3o sempre cheios. O metr\u00f4 fazia muita falta\u201d, contou a comerci\u00e1ria Maria Eduarda Silva, que mora em Camaragibe.<\/p>\n<p>O Grande Recife Cons\u00f3rcio de Transporte informou que refor\u00e7ou algumas linhas de \u00f4nibus que atendem o corredor do metr\u00f4, mas reconhece que a demanda aumentou muito desde a paralisa\u00e7\u00e3o.<\/p>\n<p>O ramal Camaragibe \u00e9 um dos mais movimentados do sistema, transportando cerca de 90 mil passageiros por dia. A interrup\u00e7\u00e3o total do servi\u00e7o tem causado impacto principalmente nos moradores de Camaragibe, S\u00e3o Louren\u00e7o da Mata e bairros da Zona Oeste do Recife.<\/p>\n<p>A CBTU disse que uma nova atualiza\u00e7\u00e3o sobre a situa\u00e7\u00e3o das esta\u00e7\u00f5es ser\u00e1 divulgada assim que houver avan\u00e7o nos reparos, mas n\u00e3o h\u00e1 previs\u00e3o para a retomada do funcionamento.<\/p>\n","protected":false},"excerpt":{"rendered":"<p>O ramal Camaragibe do Metr\u00f4 do Recife completou, nesta quinta-feira (30), o quarto dia seguido sem funcionar, deixando milhares de passageiros sem transporte. Segundo a Companhia Brasileira de Trens Urbanos (CBTU), ainda n\u00e3o h\u00e1 previs\u00e3o de reabertura das cinco esta\u00e7\u00f5es que permanecem fechadas desde o in\u00edcio da semana. As esta\u00e7\u00f5es afetadas s\u00e3o: Camaragibe, Cosme e [&hellip;]<\/p>\n","protected":false},"author":2,"featured_media":368981,"comment_status":"closed","ping_status":"closed","sticky":false,"template":"","format":"standard","meta":{"_acf_changed":false,"footnotes":""},"categories":[165],"tags":[],"class_list":["post-368980","post","type-post","status-publish","format-standard","has-post-thumbnail","hentry","category-nordeste"],"acf":[],"_links":{"self":[{"href":"https:\/\/www.notibras.com\/site\/wp-json\/wp\/v2\/posts\/368980","targetHints":{"allow":["GET"]}}],"collection":[{"href":"https:\/\/www.notibras.com\/site\/wp-json\/wp\/v2\/posts"}],"about":[{"href":"https:\/\/www.notibras.com\/site\/wp-json\/wp\/v2\/types\/post"}],"author":[{"embeddable":true,"href":"https:\/\/www.notibras.com\/site\/wp-json\/wp\/v2\/users\/2"}],"replies":[{"embeddable":true,"href":"https:\/\/www.notibras.com\/site\/wp-json\/wp\/v2\/comments?post=368980"}],"version-history":[{"count":1,"href":"https:\/\/www.notibras.com\/site\/wp-json\/wp\/v2\/posts\/368980\/revisions"}],"predecessor-version":[{"id":368982,"href":"https:\/\/www.notibras.com\/site\/wp-json\/wp\/v2\/posts\/368980\/revisions\/368982"}],"wp:featuredmedia":[{"embeddable":true,"href":"https:\/\/www.notibras.com\/site\/wp-json\/wp\/v2\/media\/368981"}],"wp:attachment":[{"href":"https:\/\/www.notibras.com\/site\/wp-json\/wp\/v2\/media?parent=368980"}],"wp:term":[{"taxonomy":"category","embeddable":true,"href":"https:\/\/www.notibras.com\/site\/wp-json\/wp\/v2\/categories?post=368980"},{"taxonomy":"post_tag","embeddable":true,"href":"https:\/\/www.notibras.com\/site\/wp-json\/wp\/v2\/tags?post=368980"}],"curies":[{"name":"wp","href":"https:\/\/api.w.org\/{rel}","templated":true}]}}