{"id":368983,"date":"2025-10-31T05:00:27","date_gmt":"2025-10-31T08:00:27","guid":{"rendered":"https:\/\/www.notibras.com\/site\/?p=368983"},"modified":"2025-10-31T05:24:04","modified_gmt":"2025-10-31T08:24:04","slug":"lampiao-cordel-e-xilogravura-a-arte-que-define-o-nordeste","status":"publish","type":"post","link":"https:\/\/www.notibras.com\/site\/lampiao-cordel-e-xilogravura-a-arte-que-define-o-nordeste\/","title":{"rendered":"Lampi\u00e3o, cordel e xilogravura, a arte que define o Nordeste"},"content":{"rendered":"<p>No cora\u00e7\u00e3o do Nordeste, onde o sol desenha sombras longas sobre a terra seca e o vento carrega hist\u00f3rias de valentia, vive uma arte que \u00e9 resist\u00eancia e mem\u00f3ria: o cordel e a xilogravura. Entre versos rimados e imagens talhadas em madeira, pulsa a alma de um povo que transformou dor em poesia e luta em beleza.<\/p>\n<p>Lampi\u00e3o, o rei do canga\u00e7o, tornou-se mais que personagem \u2014 virou mito, s\u00edmbolo e inspira\u00e7\u00e3o. Sua figura atravessa gera\u00e7\u00f5es, estampada nas capas de cord\u00e9is, entalhada nas xilogravuras que decoram feiras e museus. O bandoleiro que desafiou o poder \u00e9, nas m\u00e3os dos artistas populares, um her\u00f3i de papel e tinta, um eco das hist\u00f3rias contadas ao p\u00e9 da rede, \u00e0 luz do candeeiro.<\/p>\n<p>O cordel \u00e9 o jornal do povo, a literatura que fala de amor, pol\u00edtica, f\u00e9 e vingan\u00e7a com a simplicidade e a for\u00e7a da fala nordestina. Cada folheto \u00e9 uma janela para o imagin\u00e1rio coletivo, onde o sertanejo encontra voz e o cotidiano ganha poesia. J\u00e1 a xilogravura, irm\u00e3 das palavras, eterniza o que o verso canta \u2014 cactos, vaqueiros, santos, mulheres fortes e o pr\u00f3prio Lampi\u00e3o, de chap\u00e9u de couro e olhar firme.<\/p>\n<p>Juntos, cordel e xilogravura contam o Nordeste n\u00e3o apenas como lugar, mas como ess\u00eancia. S\u00e3o arte e identidade, resist\u00eancia e inven\u00e7\u00e3o. S\u00e3o o retrato de um povo que n\u00e3o se deixa apagar, que transforma a madeira em palavra, o sil\u00eancio em canto, e o sert\u00e3o em eternidade.<\/p>\n<p>No fim, entender o Nordeste \u00e9 escutar o som de uma viola, folhear um cordel e se perder nas linhas de uma xilogravura. Porque ali, entre o preto e o branco da tinta, pulsa colorida a alma de uma regi\u00e3o inteira.<\/p>\n","protected":false},"excerpt":{"rendered":"<p>No cora\u00e7\u00e3o do Nordeste, onde o sol desenha sombras longas sobre a terra seca e o vento carrega hist\u00f3rias de valentia, vive uma arte que \u00e9 resist\u00eancia e mem\u00f3ria: o cordel e a xilogravura. Entre versos rimados e imagens talhadas em madeira, pulsa a alma de um povo que transformou dor em poesia e luta [&hellip;]<\/p>\n","protected":false},"author":2,"featured_media":368984,"comment_status":"closed","ping_status":"closed","sticky":false,"template":"","format":"standard","meta":{"_acf_changed":false,"footnotes":""},"categories":[165],"tags":[],"class_list":["post-368983","post","type-post","status-publish","format-standard","has-post-thumbnail","hentry","category-nordeste"],"acf":[],"_links":{"self":[{"href":"https:\/\/www.notibras.com\/site\/wp-json\/wp\/v2\/posts\/368983","targetHints":{"allow":["GET"]}}],"collection":[{"href":"https:\/\/www.notibras.com\/site\/wp-json\/wp\/v2\/posts"}],"about":[{"href":"https:\/\/www.notibras.com\/site\/wp-json\/wp\/v2\/types\/post"}],"author":[{"embeddable":true,"href":"https:\/\/www.notibras.com\/site\/wp-json\/wp\/v2\/users\/2"}],"replies":[{"embeddable":true,"href":"https:\/\/www.notibras.com\/site\/wp-json\/wp\/v2\/comments?post=368983"}],"version-history":[{"count":1,"href":"https:\/\/www.notibras.com\/site\/wp-json\/wp\/v2\/posts\/368983\/revisions"}],"predecessor-version":[{"id":368985,"href":"https:\/\/www.notibras.com\/site\/wp-json\/wp\/v2\/posts\/368983\/revisions\/368985"}],"wp:featuredmedia":[{"embeddable":true,"href":"https:\/\/www.notibras.com\/site\/wp-json\/wp\/v2\/media\/368984"}],"wp:attachment":[{"href":"https:\/\/www.notibras.com\/site\/wp-json\/wp\/v2\/media?parent=368983"}],"wp:term":[{"taxonomy":"category","embeddable":true,"href":"https:\/\/www.notibras.com\/site\/wp-json\/wp\/v2\/categories?post=368983"},{"taxonomy":"post_tag","embeddable":true,"href":"https:\/\/www.notibras.com\/site\/wp-json\/wp\/v2\/tags?post=368983"}],"curies":[{"name":"wp","href":"https:\/\/api.w.org\/{rel}","templated":true}]}}