{"id":369080,"date":"2025-11-01T05:24:30","date_gmt":"2025-11-01T08:24:30","guid":{"rendered":"https:\/\/www.notibras.com\/site\/?p=369080"},"modified":"2025-11-01T05:25:27","modified_gmt":"2025-11-01T08:25:27","slug":"tradicoes-e-ritmos-sao-o-dna-do-povo-nordestino","status":"publish","type":"post","link":"https:\/\/www.notibras.com\/site\/tradicoes-e-ritmos-sao-o-dna-do-povo-nordestino\/","title":{"rendered":"Tradi\u00e7\u00f5es e ritmos s\u00e3o o DNA do povo nordestino"},"content":{"rendered":"<p>O Nordeste pulsa. Quem encosta o ouvido na alma dessa terra sente o compasso antigo que atravessa gera\u00e7\u00f5es, como se cada passo dado no ch\u00e3o quente carregasse s\u00e9culos de mem\u00f3ria. Aqui, tradi\u00e7\u00e3o n\u00e3o \u00e9 pe\u00e7a de museu \u2014 \u00e9 coisa viva, que respira, canta e dan\u00e7a ao lado da gente.<\/p>\n<p>Basta o som da sanfona abrir o peito do mundo para que o forr\u00f3 tome forma, com aquele gingado que parece traduzir o vento que corre pelos sert\u00f5es. Nas feiras, o aboio corta o ar feito prece; no litoral, os marisqueiros contam hist\u00f3rias enquanto o mar canta sua pr\u00f3pria toada. Cada canto tem seu som, sua for\u00e7a, seu jeito \u00fanico de existir.<\/p>\n<p>O povo nordestino carrega no corpo e na fala o ritmo do seu ch\u00e3o. \u00c9 no arrastar do p\u00e9 no terreiro, no toque do zabumba, no improviso do repente, na alegria estourada dos carnavais de rua. \u00c9 um DNA cultural que n\u00e3o se perde, mesmo quando a vida aperta \u2014 talvez porque justamente nesses ritmos a gente encontra for\u00e7a para seguir.<\/p>\n<p>E assim o Nordeste continua, firme, inventando beleza no calor da rotina. O que para muitos \u00e9 folclore distante, para n\u00f3s \u00e9 vida di\u00e1ria: a tradi\u00e7\u00e3o que embala o caf\u00e9 cedo, a m\u00fasica que colore o fim da tarde, o riso que vence a dureza do dia. Cada gesto, cada som, cada dan\u00e7a \u00e9 um peda\u00e7o do que somos.<\/p>\n<p>Porque o Nordeste n\u00e3o se explica s\u00f3 com palavras \u2014 ele se sente. E quem sente, entende: tradi\u00e7\u00e3o e ritmo n\u00e3o s\u00e3o adorno. S\u00e3o identidade. S\u00e3o o cora\u00e7\u00e3o batendo do mesmo jeito h\u00e1 s\u00e9culos, lembrando que nossas ra\u00edzes continuam vivas, profundas e cheias de luz.<\/p>\n","protected":false},"excerpt":{"rendered":"<p>O Nordeste pulsa. Quem encosta o ouvido na alma dessa terra sente o compasso antigo que atravessa gera\u00e7\u00f5es, como se cada passo dado no ch\u00e3o quente carregasse s\u00e9culos de mem\u00f3ria. Aqui, tradi\u00e7\u00e3o n\u00e3o \u00e9 pe\u00e7a de museu \u2014 \u00e9 coisa viva, que respira, canta e dan\u00e7a ao lado da gente. Basta o som da sanfona [&hellip;]<\/p>\n","protected":false},"author":2,"featured_media":277748,"comment_status":"closed","ping_status":"closed","sticky":false,"template":"","format":"standard","meta":{"_acf_changed":false,"footnotes":""},"categories":[165],"tags":[],"class_list":["post-369080","post","type-post","status-publish","format-standard","has-post-thumbnail","hentry","category-nordeste"],"acf":[],"_links":{"self":[{"href":"https:\/\/www.notibras.com\/site\/wp-json\/wp\/v2\/posts\/369080","targetHints":{"allow":["GET"]}}],"collection":[{"href":"https:\/\/www.notibras.com\/site\/wp-json\/wp\/v2\/posts"}],"about":[{"href":"https:\/\/www.notibras.com\/site\/wp-json\/wp\/v2\/types\/post"}],"author":[{"embeddable":true,"href":"https:\/\/www.notibras.com\/site\/wp-json\/wp\/v2\/users\/2"}],"replies":[{"embeddable":true,"href":"https:\/\/www.notibras.com\/site\/wp-json\/wp\/v2\/comments?post=369080"}],"version-history":[{"count":2,"href":"https:\/\/www.notibras.com\/site\/wp-json\/wp\/v2\/posts\/369080\/revisions"}],"predecessor-version":[{"id":369082,"href":"https:\/\/www.notibras.com\/site\/wp-json\/wp\/v2\/posts\/369080\/revisions\/369082"}],"wp:featuredmedia":[{"embeddable":true,"href":"https:\/\/www.notibras.com\/site\/wp-json\/wp\/v2\/media\/277748"}],"wp:attachment":[{"href":"https:\/\/www.notibras.com\/site\/wp-json\/wp\/v2\/media?parent=369080"}],"wp:term":[{"taxonomy":"category","embeddable":true,"href":"https:\/\/www.notibras.com\/site\/wp-json\/wp\/v2\/categories?post=369080"},{"taxonomy":"post_tag","embeddable":true,"href":"https:\/\/www.notibras.com\/site\/wp-json\/wp\/v2\/tags?post=369080"}],"curies":[{"name":"wp","href":"https:\/\/api.w.org\/{rel}","templated":true}]}}