{"id":369083,"date":"2025-11-01T05:17:15","date_gmt":"2025-11-01T08:17:15","guid":{"rendered":"https:\/\/www.notibras.com\/site\/?p=369083"},"modified":"2025-11-01T05:31:37","modified_gmt":"2025-11-01T08:31:37","slug":"procissao-do-fogareu-e-reconhecida-como-patrimonio-cultural-imaterial","status":"publish","type":"post","link":"https:\/\/www.notibras.com\/site\/procissao-do-fogareu-e-reconhecida-como-patrimonio-cultural-imaterial\/","title":{"rendered":"Prociss\u00e3o do Fogar\u00e9u \u00e9 reconhecida como patrim\u00f4nio cultural imaterial"},"content":{"rendered":"<p>A hist\u00f3rica Prociss\u00e3o do Fogar\u00e9u, realizada anualmente em Oeiras, ganhou reconhecimento oficial como Patrim\u00f4nio Cultural de Natureza Imaterial do Estado do Piau\u00ed. O t\u00edtulo foi concedido pela Assembleia Legislativa do Piau\u00ed (ALEPI), por meio do Projeto de Lei Ordin\u00e1ria n\u00ba 214\/2025, de autoria da deputada Vanessa Tapety (MDB).<\/p>\n<p>Com mais de duzentos anos de hist\u00f3ria, a Prociss\u00e3o do Fogar\u00e9u \u00e9 uma das express\u00f5es religiosas mais marcantes do Piau\u00ed. O cortejo acontece na noite da Quinta-Feira Santa, quando milhares de homens, vestidos com t\u00fanicas e empunhando tochas, percorrem cerca de dois quil\u00f4metros pelas ruas do Centro Hist\u00f3rico de Oeiras, a primeira capital do estado.<\/p>\n<p>O ritual encena simbolicamente a persegui\u00e7\u00e3o de Jesus Cristo pelos soldados romanos, momentos antes da crucifica\u00e7\u00e3o. As luzes da cidade se apagam, restando apenas o brilho das chamas e o som das ora\u00e7\u00f5es, criando uma atmosfera de profunda f\u00e9 e emo\u00e7\u00e3o.<\/p>\n<p>Com o novo t\u00edtulo, a Prociss\u00e3o passa a integrar o Calend\u00e1rio Oficial de Eventos do Piau\u00ed, refor\u00e7ando seu valor hist\u00f3rico, art\u00edstico e espiritual. Segundo a deputada Vanessa Tapety, o reconhecimento \u00e9 uma forma de preservar e valorizar a identidade cultural do povo oeirense e piauiense:<\/p>\n<p>\u201cA Prociss\u00e3o do Fogar\u00e9u representa a f\u00e9, a tradi\u00e7\u00e3o e a hist\u00f3ria de Oeiras. \u00c9 um patrim\u00f4nio vivo, que precisa ser reconhecido e protegido para as futuras gera\u00e7\u00f5es\u201d, destacou a parlamentar.<\/p>\n<p>O reconhecimento como patrim\u00f4nio imaterial garante mais visibilidade ao evento e abre espa\u00e7o para a\u00e7\u00f5es de preserva\u00e7\u00e3o, pesquisa e incentivo tur\u00edstico, fortalecendo a economia local e o sentimento de pertencimento da comunidade.<\/p>\n<p>Oeiras \u00e9 amplamente reconhecida como a capital da f\u00e9 do Piau\u00ed e um dos maiores centros hist\u00f3ricos do Nordeste. A Prociss\u00e3o do Fogar\u00e9u atrai anualmente milhares de fi\u00e9is e visitantes, movimentando o turismo religioso e consolidando a cidade como refer\u00eancia cultural e espiritual.<\/p>\n<p>Al\u00e9m da dimens\u00e3o religiosa, o evento \u00e9 um espet\u00e1culo visual e simb\u00f3lico, que envolve arte, m\u00fasica sacra e teatralidade popular, transmitindo valores de devo\u00e7\u00e3o e solidariedade entre os participantes.<\/p>\n<p>Mais do que uma celebra\u00e7\u00e3o, a Prociss\u00e3o do Fogar\u00e9u \u00e9 um rito de mem\u00f3ria e resist\u00eancia cultural. O reconhecimento estadual refor\u00e7a a import\u00e2ncia de preservar essa manifesta\u00e7\u00e3o, que une passado e presente em um mesmo gesto de f\u00e9.<\/p>\n<p>A partir de agora, o desafio \u00e9 garantir que a tradi\u00e7\u00e3o siga viva, mantendo seu sentido original e, ao mesmo tempo, acompanhando as transforma\u00e7\u00f5es da sociedade e do turismo religioso.<\/p>\n","protected":false},"excerpt":{"rendered":"<p>A hist\u00f3rica Prociss\u00e3o do Fogar\u00e9u, realizada anualmente em Oeiras, ganhou reconhecimento oficial como Patrim\u00f4nio Cultural de Natureza Imaterial do Estado do Piau\u00ed. O t\u00edtulo foi concedido pela Assembleia Legislativa do Piau\u00ed (ALEPI), por meio do Projeto de Lei Ordin\u00e1ria n\u00ba 214\/2025, de autoria da deputada Vanessa Tapety (MDB). Com mais de duzentos anos de hist\u00f3ria, [&hellip;]<\/p>\n","protected":false},"author":2,"featured_media":369084,"comment_status":"closed","ping_status":"closed","sticky":false,"template":"","format":"standard","meta":{"_acf_changed":false,"footnotes":""},"categories":[165],"tags":[],"class_list":["post-369083","post","type-post","status-publish","format-standard","has-post-thumbnail","hentry","category-nordeste"],"acf":[],"_links":{"self":[{"href":"https:\/\/www.notibras.com\/site\/wp-json\/wp\/v2\/posts\/369083","targetHints":{"allow":["GET"]}}],"collection":[{"href":"https:\/\/www.notibras.com\/site\/wp-json\/wp\/v2\/posts"}],"about":[{"href":"https:\/\/www.notibras.com\/site\/wp-json\/wp\/v2\/types\/post"}],"author":[{"embeddable":true,"href":"https:\/\/www.notibras.com\/site\/wp-json\/wp\/v2\/users\/2"}],"replies":[{"embeddable":true,"href":"https:\/\/www.notibras.com\/site\/wp-json\/wp\/v2\/comments?post=369083"}],"version-history":[{"count":2,"href":"https:\/\/www.notibras.com\/site\/wp-json\/wp\/v2\/posts\/369083\/revisions"}],"predecessor-version":[{"id":369086,"href":"https:\/\/www.notibras.com\/site\/wp-json\/wp\/v2\/posts\/369083\/revisions\/369086"}],"wp:featuredmedia":[{"embeddable":true,"href":"https:\/\/www.notibras.com\/site\/wp-json\/wp\/v2\/media\/369084"}],"wp:attachment":[{"href":"https:\/\/www.notibras.com\/site\/wp-json\/wp\/v2\/media?parent=369083"}],"wp:term":[{"taxonomy":"category","embeddable":true,"href":"https:\/\/www.notibras.com\/site\/wp-json\/wp\/v2\/categories?post=369083"},{"taxonomy":"post_tag","embeddable":true,"href":"https:\/\/www.notibras.com\/site\/wp-json\/wp\/v2\/tags?post=369083"}],"curies":[{"name":"wp","href":"https:\/\/api.w.org\/{rel}","templated":true}]}}