{"id":369087,"date":"2025-11-01T00:34:29","date_gmt":"2025-11-01T03:34:29","guid":{"rendered":"https:\/\/www.notibras.com\/site\/?p=369087"},"modified":"2025-11-01T05:39:39","modified_gmt":"2025-11-01T08:39:39","slug":"carro-roubado-capota-atropela-e-mata-em-ponto-de-onibus","status":"publish","type":"post","link":"https:\/\/www.notibras.com\/site\/carro-roubado-capota-atropela-e-mata-em-ponto-de-onibus\/","title":{"rendered":"Carro roubado capota, atropela e mata em ponto de \u00f4nibus"},"content":{"rendered":"<p>Um grave acidente deixou um homem morto e outro ferido , no bairro de Piedade, em Jaboat\u00e3o dos Guararapes, na Regi\u00e3o Metropolitana do Recife. O caso aconteceu depois que um carro roubado em Boa Viagem, na Zona Sul, capotou e atingiu duas pessoas que esperavam \u00f4nibus para ir trabalhar.<\/p>\n<p>De acordo com a Pol\u00edcia Militar, o ve\u00edculo havia sido roubado minutos antes por criminosos armados na Avenida Domingos Ferreira, em Boa Viagem. Durante a fuga em dire\u00e7\u00e3o a Jaboat\u00e3o, o motorista perdeu o controle ao passar pela Avenida Bernardo Vieira de Melo, uma das principais vias de Piedade, e o carro capotou v\u00e1rias vezes, invadindo a cal\u00e7ada e atingindo as v\u00edtimas.<\/p>\n<p>As duas pessoas estavam em um ponto de \u00f4nibus, aguardando o transporte para o trabalho. Um dos homens, identificado apenas como Jos\u00e9, de cerca de 40 anos, morreu no local, antes da chegada do socorro. O outro, que ainda n\u00e3o teve o nome divulgado, ficou gravemente ferido e foi socorrido pelo Samu para o Hospital da Restaura\u00e7\u00e3o.<\/p>\n<p>\u201cFoi um barulho enorme. Quando a gente viu, o carro j\u00e1 estava capotado e as pessoas no ch\u00e3o. Foi desesperador\u201d, contou uma moradora da \u00e1rea.<\/p>\n<p>Ap\u00f3s o acidente, o condutor do ve\u00edculo fugiu a p\u00e9 e ainda n\u00e3o foi localizado. O carro ficou completamente destru\u00eddo.<\/p>\n<p>Equipes da Pol\u00edcia Militar, Corpo de Bombeiros e Instituto de Criminal\u00edstica (IC) estiveram no local para realizar a per\u00edcia e remover o corpo. O tr\u00e2nsito na via ficou parcialmente interditado durante a manh\u00e3.<\/p>\n<p>A Delegacia de Piedade ficar\u00e1 respons\u00e1vel pelas investiga\u00e7\u00f5es. A pol\u00edcia busca imagens de c\u00e2meras de seguran\u00e7a da regi\u00e3o que possam ajudar a identificar o suspeito.<\/p>\n<p>O corpo da v\u00edtima fatal foi encaminhado ao Instituto de Medicina Legal (IML), no bairro de Santo Amaro, no Recife.<\/p>\n","protected":false},"excerpt":{"rendered":"<p>Um grave acidente deixou um homem morto e outro ferido , no bairro de Piedade, em Jaboat\u00e3o dos Guararapes, na Regi\u00e3o Metropolitana do Recife. O caso aconteceu depois que um carro roubado em Boa Viagem, na Zona Sul, capotou e atingiu duas pessoas que esperavam \u00f4nibus para ir trabalhar. De acordo com a Pol\u00edcia Militar, [&hellip;]<\/p>\n","protected":false},"author":2,"featured_media":369088,"comment_status":"closed","ping_status":"closed","sticky":false,"template":"","format":"standard","meta":{"_acf_changed":false,"footnotes":""},"categories":[165],"tags":[],"class_list":["post-369087","post","type-post","status-publish","format-standard","has-post-thumbnail","hentry","category-nordeste"],"acf":[],"_links":{"self":[{"href":"https:\/\/www.notibras.com\/site\/wp-json\/wp\/v2\/posts\/369087","targetHints":{"allow":["GET"]}}],"collection":[{"href":"https:\/\/www.notibras.com\/site\/wp-json\/wp\/v2\/posts"}],"about":[{"href":"https:\/\/www.notibras.com\/site\/wp-json\/wp\/v2\/types\/post"}],"author":[{"embeddable":true,"href":"https:\/\/www.notibras.com\/site\/wp-json\/wp\/v2\/users\/2"}],"replies":[{"embeddable":true,"href":"https:\/\/www.notibras.com\/site\/wp-json\/wp\/v2\/comments?post=369087"}],"version-history":[{"count":1,"href":"https:\/\/www.notibras.com\/site\/wp-json\/wp\/v2\/posts\/369087\/revisions"}],"predecessor-version":[{"id":369089,"href":"https:\/\/www.notibras.com\/site\/wp-json\/wp\/v2\/posts\/369087\/revisions\/369089"}],"wp:featuredmedia":[{"embeddable":true,"href":"https:\/\/www.notibras.com\/site\/wp-json\/wp\/v2\/media\/369088"}],"wp:attachment":[{"href":"https:\/\/www.notibras.com\/site\/wp-json\/wp\/v2\/media?parent=369087"}],"wp:term":[{"taxonomy":"category","embeddable":true,"href":"https:\/\/www.notibras.com\/site\/wp-json\/wp\/v2\/categories?post=369087"},{"taxonomy":"post_tag","embeddable":true,"href":"https:\/\/www.notibras.com\/site\/wp-json\/wp\/v2\/tags?post=369087"}],"curies":[{"name":"wp","href":"https:\/\/api.w.org\/{rel}","templated":true}]}}