{"id":369101,"date":"2025-11-01T06:31:32","date_gmt":"2025-11-01T09:31:32","guid":{"rendered":"https:\/\/www.notibras.com\/site\/?p=369101"},"modified":"2025-11-01T06:31:32","modified_gmt":"2025-11-01T09:31:32","slug":"magia-na-astrologia-e-a-revolucao-solar","status":"publish","type":"post","link":"https:\/\/www.notibras.com\/site\/magia-na-astrologia-e-a-revolucao-solar\/","title":{"rendered":"Magia na Astrologia e a revolu\u00e7\u00e3o solar"},"content":{"rendered":"<p>Uma das partes mais interessantes, se n\u00e3o a mais, que consideramos em estudos de Astrologia, se refere \u00e0 Revolu\u00e7\u00e3o Solar, ou Retorno Solar.<\/p>\n<p>Esse t\u00edtulo nos remete \u00e0s possibilidades de vida, ou situa\u00e7\u00f5es poss\u00edveis de ocorrer e contidas no per\u00edodo de 12 meses entre dois anivers\u00e1rios consecutivos do nativo que tem seu Mapa Astrol\u00f3gico sob an\u00e1lise.<\/p>\n<p>Quando olhamos o Mapa Astrol\u00f3gico Natal \u2013 o Mapa da vida de uma pessoa ou evento \u2013 estamos lidando com as possibilidades para toda uma vida a quem ou o qu\u00ea o Mapa se refere. J\u00e1 na Revolu\u00e7\u00e3o ou Retorno Solar, s\u00e3o analisados os progn\u00f3sticos para os 12 meses subsequentes ao \u00faltimo anivers\u00e1rio desse ente, somados \u00e0s caracter\u00edsticas contidas no Mapa Astrol\u00f3gico Natal.<\/p>\n<p>E a\u00ed \u00e9 que est\u00e1 o porqu\u00ea da Magia na Astrologia. Sabedores de que a Revolu\u00e7\u00e3o Solar indica as possibilidades inerentes aos 12 meses posteriores ao anivers\u00e1rio, os astr\u00f3logos podem direcionar o pr\u00f3ximo anivers\u00e1rio de um consulente segundo seus objetivos para o per\u00edodo que est\u00e1 por vir. Portanto, o astr\u00f3logo, com base nos interesses ou expectativas do nativo, pode direcionar para que seu anivers\u00e1rio ocorra em um determinado lugar.<\/p>\n<p><img loading=\"lazy\" decoding=\"async\" class=\"wp-image-369103 aligncenter\" src=\"https:\/\/www.notibras.com\/site\/wp-content\/uploads\/2025\/11\/minho.2.626949d7-bd82-4909-ab6d-6c1acbe53521-212x300.jpg\" alt=\"\" width=\"487\" height=\"689\" srcset=\"https:\/\/www.notibras.com\/site\/wp-content\/uploads\/2025\/11\/minho.2.626949d7-bd82-4909-ab6d-6c1acbe53521-212x300.jpg 212w, https:\/\/www.notibras.com\/site\/wp-content\/uploads\/2025\/11\/minho.2.626949d7-bd82-4909-ab6d-6c1acbe53521-724x1024.jpg 724w, https:\/\/www.notibras.com\/site\/wp-content\/uploads\/2025\/11\/minho.2.626949d7-bd82-4909-ab6d-6c1acbe53521-768x1086.jpg 768w, https:\/\/www.notibras.com\/site\/wp-content\/uploads\/2025\/11\/minho.2.626949d7-bd82-4909-ab6d-6c1acbe53521-1086x1536.jpg 1086w, https:\/\/www.notibras.com\/site\/wp-content\/uploads\/2025\/11\/minho.2.626949d7-bd82-4909-ab6d-6c1acbe53521.jpg 1131w\" sizes=\"auto, (max-width: 487px) 100vw, 487px\" \/><\/p>\n<p>Por\u00e9m, nem sempre os objetivos podem ser alcan\u00e7ados, desde que a localidade sugerida pelo astr\u00f3logo, para que o consulente passe seu anivers\u00e1rio, pode ser inating\u00edvel, seja porque a pessoa n\u00e3o disp\u00f5e de recursos para ir \u00e0 localidade indicada, seja porque esse lugar se encontra numa regi\u00e3o onde n\u00e3o se pode estar no momento pretendido.<\/p>\n<p>Para ilustrar essa segunda situa\u00e7\u00e3o, imaginemos que o local onde deveria o consulente passar seu anivers\u00e1rio e para atender suas necessidades se encontre no meio do Oceano Atl\u00e2ntico, distante de qualquer ilha ou continente. Ent\u00e3o, se torna impratic\u00e1vel a obten\u00e7\u00e3o da Revolu\u00e7\u00e3o Solar pretendida para aquela localidade. Neste caso, cabe ao astr\u00f3logo verificar uma alternativa onde a Revolu\u00e7\u00e3o Solar mais se aproxime das ambi\u00e7\u00f5es do aniversariante, ou possa mitigar os efeitos negativos previstos.<\/p>\n<p>&#8230;&#8230;&#8230;&#8230;&#8230;&#8230;<\/p>\n<p><strong>Hamed Aawar<\/strong><br \/>\n<strong>Engenheiro florestal, analista de sistemas e astr\u00f3logo<\/strong><br \/>\n<strong>Membro do Col\u00e9gio de Magos e Sacerdotisas<\/strong><br \/>\n<strong>WhatsApp 61 98189-8177<\/strong><\/p>\n","protected":false},"excerpt":{"rendered":"<p>Uma das partes mais interessantes, se n\u00e3o a mais, que consideramos em estudos de Astrologia, se refere \u00e0 Revolu\u00e7\u00e3o Solar, ou Retorno Solar. Esse t\u00edtulo nos remete \u00e0s possibilidades de vida, ou situa\u00e7\u00f5es poss\u00edveis de ocorrer e contidas no per\u00edodo de 12 meses entre dois anivers\u00e1rios consecutivos do nativo que tem seu Mapa Astrol\u00f3gico sob [&hellip;]<\/p>\n","protected":false},"author":2,"featured_media":369102,"comment_status":"closed","ping_status":"closed","sticky":false,"template":"","format":"standard","meta":{"_acf_changed":false,"footnotes":""},"categories":[237],"tags":[],"class_list":["post-369101","post","type-post","status-publish","format-standard","has-post-thumbnail","hentry","category-oraculos"],"acf":[],"yoast_head":"<!-- This site is optimized with the Yoast SEO plugin v27.2 - https:\/\/yoast.com\/product\/yoast-seo-wordpress\/ -->\n<title>Magia na Astrologia e a revolu\u00e7\u00e3o solar - Notibras<\/title>\n<meta name=\"robots\" content=\"index, follow, max-snippet:-1, max-image-preview:large, max-video-preview:-1\" \/>\n<link rel=\"canonical\" href=\"https:\/\/www.notibras.com\/site\/magia-na-astrologia-e-a-revolucao-solar\/\" \/>\n<meta property=\"og:locale\" content=\"pt_BR\" \/>\n<meta property=\"og:type\" content=\"article\" \/>\n<meta property=\"og:title\" content=\"Magia na Astrologia e a revolu\u00e7\u00e3o solar - Notibras\" \/>\n<meta property=\"og:description\" content=\"Uma das partes mais interessantes, se n\u00e3o a mais, que consideramos em estudos de Astrologia, se refere \u00e0 Revolu\u00e7\u00e3o Solar, ou Retorno Solar. Esse t\u00edtulo nos remete \u00e0s possibilidades de vida, ou situa\u00e7\u00f5es poss\u00edveis de ocorrer e contidas no per\u00edodo de 12 meses entre dois anivers\u00e1rios consecutivos do nativo que tem seu Mapa Astrol\u00f3gico sob [&hellip;]\" \/>\n<meta property=\"og:url\" content=\"https:\/\/www.notibras.com\/site\/magia-na-astrologia-e-a-revolucao-solar\/\" \/>\n<meta property=\"og:site_name\" content=\"Notibras\" \/>\n<meta property=\"article:publisher\" content=\"https:\/\/www.facebook.com\/notibras\/\" \/>\n<meta property=\"article:published_time\" content=\"2025-11-01T09:31:32+00:00\" \/>\n<meta property=\"og:image\" content=\"https:\/\/www.notibras.com\/site\/wp-content\/uploads\/2025\/11\/minho.1.0b179c01-9c7f-43a9-887f-58ff0ddb375e.jpg\" \/>\n\t<meta property=\"og:image:width\" content=\"1235\" \/>\n\t<meta property=\"og:image:height\" content=\"1600\" \/>\n\t<meta property=\"og:image:type\" content=\"image\/jpeg\" \/>\n<meta name=\"author\" content=\"Reda\u00e7\u00e3o\" \/>\n<meta name=\"twitter:card\" content=\"summary_large_image\" \/>\n<meta name=\"twitter:creator\" content=\"@Notibras\" \/>\n<meta name=\"twitter:site\" content=\"@Notibras\" \/>\n<meta name=\"twitter:label1\" content=\"Escrito por\" \/>\n\t<meta name=\"twitter:data1\" content=\"Reda\u00e7\u00e3o\" \/>\n\t<meta name=\"twitter:label2\" content=\"Est. tempo de leitura\" \/>\n\t<meta name=\"twitter:data2\" content=\"3 minutos\" \/>\n<script type=\"application\/ld+json\" class=\"yoast-schema-graph\">{\"@context\":\"https:\/\/schema.org\",\"@graph\":[{\"@type\":\"Article\",\"@id\":\"https:\/\/www.notibras.com\/site\/magia-na-astrologia-e-a-revolucao-solar\/#article\",\"isPartOf\":{\"@id\":\"https:\/\/www.notibras.com\/site\/magia-na-astrologia-e-a-revolucao-solar\/\"},\"author\":{\"name\":\"Reda\u00e7\u00e3o\",\"@id\":\"https:\/\/www.notibras.com\/site\/#\/schema\/person\/36ab0979449956132d3e5b517ea76ac8\"},\"headline\":\"Magia na Astrologia e a revolu\u00e7\u00e3o solar\",\"datePublished\":\"2025-11-01T09:31:32+00:00\",\"mainEntityOfPage\":{\"@id\":\"https:\/\/www.notibras.com\/site\/magia-na-astrologia-e-a-revolucao-solar\/\"},\"wordCount\":378,\"publisher\":{\"@id\":\"https:\/\/www.notibras.com\/site\/#organization\"},\"image\":{\"@id\":\"https:\/\/www.notibras.com\/site\/magia-na-astrologia-e-a-revolucao-solar\/#primaryimage\"},\"thumbnailUrl\":\"https:\/\/www.notibras.com\/site\/wp-content\/uploads\/2025\/11\/minho.1.0b179c01-9c7f-43a9-887f-58ff0ddb375e.jpg\",\"articleSection\":[\"Or\u00e1culos\"],\"inLanguage\":\"pt-BR\"},{\"@type\":\"WebPage\",\"@id\":\"https:\/\/www.notibras.com\/site\/magia-na-astrologia-e-a-revolucao-solar\/\",\"url\":\"https:\/\/www.notibras.com\/site\/magia-na-astrologia-e-a-revolucao-solar\/\",\"name\":\"Magia na Astrologia e a revolu\u00e7\u00e3o solar - Notibras\",\"isPartOf\":{\"@id\":\"https:\/\/www.notibras.com\/site\/#website\"},\"primaryImageOfPage\":{\"@id\":\"https:\/\/www.notibras.com\/site\/magia-na-astrologia-e-a-revolucao-solar\/#primaryimage\"},\"image\":{\"@id\":\"https:\/\/www.notibras.com\/site\/magia-na-astrologia-e-a-revolucao-solar\/#primaryimage\"},\"thumbnailUrl\":\"https:\/\/www.notibras.com\/site\/wp-content\/uploads\/2025\/11\/minho.1.0b179c01-9c7f-43a9-887f-58ff0ddb375e.jpg\",\"datePublished\":\"2025-11-01T09:31:32+00:00\",\"breadcrumb\":{\"@id\":\"https:\/\/www.notibras.com\/site\/magia-na-astrologia-e-a-revolucao-solar\/#breadcrumb\"},\"inLanguage\":\"pt-BR\",\"potentialAction\":[{\"@type\":\"ReadAction\",\"target\":[\"https:\/\/www.notibras.com\/site\/magia-na-astrologia-e-a-revolucao-solar\/\"]}]},{\"@type\":\"ImageObject\",\"inLanguage\":\"pt-BR\",\"@id\":\"https:\/\/www.notibras.com\/site\/magia-na-astrologia-e-a-revolucao-solar\/#primaryimage\",\"url\":\"https:\/\/www.notibras.com\/site\/wp-content\/uploads\/2025\/11\/minho.1.0b179c01-9c7f-43a9-887f-58ff0ddb375e.jpg\",\"contentUrl\":\"https:\/\/www.notibras.com\/site\/wp-content\/uploads\/2025\/11\/minho.1.0b179c01-9c7f-43a9-887f-58ff0ddb375e.jpg\",\"width\":1235,\"height\":1600},{\"@type\":\"BreadcrumbList\",\"@id\":\"https:\/\/www.notibras.com\/site\/magia-na-astrologia-e-a-revolucao-solar\/#breadcrumb\",\"itemListElement\":[{\"@type\":\"ListItem\",\"position\":1,\"name\":\"In\u00edcio\",\"item\":\"https:\/\/www.notibras.com\/site\/\"},{\"@type\":\"ListItem\",\"position\":2,\"name\":\"Magia na Astrologia e a revolu\u00e7\u00e3o solar\"}]},{\"@type\":\"WebSite\",\"@id\":\"https:\/\/www.notibras.com\/site\/#website\",\"url\":\"https:\/\/www.notibras.com\/site\/\",\"name\":\"Notibras\",\"description\":\"Not\u00edcias de Bras\u00edlia, do Brasil e do Mundo\",\"publisher\":{\"@id\":\"https:\/\/www.notibras.com\/site\/#organization\"},\"potentialAction\":[{\"@type\":\"SearchAction\",\"target\":{\"@type\":\"EntryPoint\",\"urlTemplate\":\"https:\/\/www.notibras.com\/site\/?s={search_term_string}\"},\"query-input\":{\"@type\":\"PropertyValueSpecification\",\"valueRequired\":true,\"valueName\":\"search_term_string\"}}],\"inLanguage\":\"pt-BR\"},{\"@type\":\"Organization\",\"@id\":\"https:\/\/www.notibras.com\/site\/#organization\",\"name\":\"Grupo Notibras de Comunica\u00e7\u00e3o\",\"url\":\"https:\/\/www.notibras.com\/site\/\",\"logo\":{\"@type\":\"ImageObject\",\"inLanguage\":\"pt-BR\",\"@id\":\"https:\/\/www.notibras.com\/site\/#\/schema\/logo\/image\/\",\"url\":\"https:\/\/www.notibras.com\/site\/wp-content\/uploads\/2023\/01\/notibras23.png\",\"contentUrl\":\"https:\/\/www.notibras.com\/site\/wp-content\/uploads\/2023\/01\/notibras23.png\",\"width\":350,\"height\":87,\"caption\":\"Grupo Notibras de Comunica\u00e7\u00e3o\"},\"image\":{\"@id\":\"https:\/\/www.notibras.com\/site\/#\/schema\/logo\/image\/\"},\"sameAs\":[\"https:\/\/www.facebook.com\/notibras\/\",\"https:\/\/x.com\/Notibras\",\"https:\/\/www.instagram.com\/notibras\/\"]},{\"@type\":\"Person\",\"@id\":\"https:\/\/www.notibras.com\/site\/#\/schema\/person\/36ab0979449956132d3e5b517ea76ac8\",\"name\":\"Reda\u00e7\u00e3o\",\"image\":{\"@type\":\"ImageObject\",\"inLanguage\":\"pt-BR\",\"@id\":\"https:\/\/secure.gravatar.com\/avatar\/e0a867bdedb85fd243eadf09663511f96fc81e0720a4a42581f334ad4303aa6b?s=96&d=mm&r=g\",\"url\":\"https:\/\/secure.gravatar.com\/avatar\/e0a867bdedb85fd243eadf09663511f96fc81e0720a4a42581f334ad4303aa6b?s=96&d=mm&r=g\",\"contentUrl\":\"https:\/\/secure.gravatar.com\/avatar\/e0a867bdedb85fd243eadf09663511f96fc81e0720a4a42581f334ad4303aa6b?s=96&d=mm&r=g\",\"caption\":\"Reda\u00e7\u00e3o\"}}]}<\/script>\n<!-- \/ Yoast SEO plugin. -->","yoast_head_json":{"title":"Magia na Astrologia e a revolu\u00e7\u00e3o solar - Notibras","robots":{"index":"index","follow":"follow","max-snippet":"max-snippet:-1","max-image-preview":"max-image-preview:large","max-video-preview":"max-video-preview:-1"},"canonical":"https:\/\/www.notibras.com\/site\/magia-na-astrologia-e-a-revolucao-solar\/","og_locale":"pt_BR","og_type":"article","og_title":"Magia na Astrologia e a revolu\u00e7\u00e3o solar - Notibras","og_description":"Uma das partes mais interessantes, se n\u00e3o a mais, que consideramos em estudos de Astrologia, se refere \u00e0 Revolu\u00e7\u00e3o Solar, ou Retorno Solar. Esse t\u00edtulo nos remete \u00e0s possibilidades de vida, ou situa\u00e7\u00f5es poss\u00edveis de ocorrer e contidas no per\u00edodo de 12 meses entre dois anivers\u00e1rios consecutivos do nativo que tem seu Mapa Astrol\u00f3gico sob [&hellip;]","og_url":"https:\/\/www.notibras.com\/site\/magia-na-astrologia-e-a-revolucao-solar\/","og_site_name":"Notibras","article_publisher":"https:\/\/www.facebook.com\/notibras\/","article_published_time":"2025-11-01T09:31:32+00:00","og_image":[{"width":1235,"height":1600,"url":"https:\/\/www.notibras.com\/site\/wp-content\/uploads\/2025\/11\/minho.1.0b179c01-9c7f-43a9-887f-58ff0ddb375e.jpg","type":"image\/jpeg"}],"author":"Reda\u00e7\u00e3o","twitter_card":"summary_large_image","twitter_creator":"@Notibras","twitter_site":"@Notibras","twitter_misc":{"Escrito por":"Reda\u00e7\u00e3o","Est. tempo de leitura":"3 minutos"},"schema":{"@context":"https:\/\/schema.org","@graph":[{"@type":"Article","@id":"https:\/\/www.notibras.com\/site\/magia-na-astrologia-e-a-revolucao-solar\/#article","isPartOf":{"@id":"https:\/\/www.notibras.com\/site\/magia-na-astrologia-e-a-revolucao-solar\/"},"author":{"name":"Reda\u00e7\u00e3o","@id":"https:\/\/www.notibras.com\/site\/#\/schema\/person\/36ab0979449956132d3e5b517ea76ac8"},"headline":"Magia na Astrologia e a revolu\u00e7\u00e3o solar","datePublished":"2025-11-01T09:31:32+00:00","mainEntityOfPage":{"@id":"https:\/\/www.notibras.com\/site\/magia-na-astrologia-e-a-revolucao-solar\/"},"wordCount":378,"publisher":{"@id":"https:\/\/www.notibras.com\/site\/#organization"},"image":{"@id":"https:\/\/www.notibras.com\/site\/magia-na-astrologia-e-a-revolucao-solar\/#primaryimage"},"thumbnailUrl":"https:\/\/www.notibras.com\/site\/wp-content\/uploads\/2025\/11\/minho.1.0b179c01-9c7f-43a9-887f-58ff0ddb375e.jpg","articleSection":["Or\u00e1culos"],"inLanguage":"pt-BR"},{"@type":"WebPage","@id":"https:\/\/www.notibras.com\/site\/magia-na-astrologia-e-a-revolucao-solar\/","url":"https:\/\/www.notibras.com\/site\/magia-na-astrologia-e-a-revolucao-solar\/","name":"Magia na Astrologia e a revolu\u00e7\u00e3o solar - Notibras","isPartOf":{"@id":"https:\/\/www.notibras.com\/site\/#website"},"primaryImageOfPage":{"@id":"https:\/\/www.notibras.com\/site\/magia-na-astrologia-e-a-revolucao-solar\/#primaryimage"},"image":{"@id":"https:\/\/www.notibras.com\/site\/magia-na-astrologia-e-a-revolucao-solar\/#primaryimage"},"thumbnailUrl":"https:\/\/www.notibras.com\/site\/wp-content\/uploads\/2025\/11\/minho.1.0b179c01-9c7f-43a9-887f-58ff0ddb375e.jpg","datePublished":"2025-11-01T09:31:32+00:00","breadcrumb":{"@id":"https:\/\/www.notibras.com\/site\/magia-na-astrologia-e-a-revolucao-solar\/#breadcrumb"},"inLanguage":"pt-BR","potentialAction":[{"@type":"ReadAction","target":["https:\/\/www.notibras.com\/site\/magia-na-astrologia-e-a-revolucao-solar\/"]}]},{"@type":"ImageObject","inLanguage":"pt-BR","@id":"https:\/\/www.notibras.com\/site\/magia-na-astrologia-e-a-revolucao-solar\/#primaryimage","url":"https:\/\/www.notibras.com\/site\/wp-content\/uploads\/2025\/11\/minho.1.0b179c01-9c7f-43a9-887f-58ff0ddb375e.jpg","contentUrl":"https:\/\/www.notibras.com\/site\/wp-content\/uploads\/2025\/11\/minho.1.0b179c01-9c7f-43a9-887f-58ff0ddb375e.jpg","width":1235,"height":1600},{"@type":"BreadcrumbList","@id":"https:\/\/www.notibras.com\/site\/magia-na-astrologia-e-a-revolucao-solar\/#breadcrumb","itemListElement":[{"@type":"ListItem","position":1,"name":"In\u00edcio","item":"https:\/\/www.notibras.com\/site\/"},{"@type":"ListItem","position":2,"name":"Magia na Astrologia e a revolu\u00e7\u00e3o solar"}]},{"@type":"WebSite","@id":"https:\/\/www.notibras.com\/site\/#website","url":"https:\/\/www.notibras.com\/site\/","name":"Notibras","description":"Not\u00edcias de Bras\u00edlia, do Brasil e do Mundo","publisher":{"@id":"https:\/\/www.notibras.com\/site\/#organization"},"potentialAction":[{"@type":"SearchAction","target":{"@type":"EntryPoint","urlTemplate":"https:\/\/www.notibras.com\/site\/?s={search_term_string}"},"query-input":{"@type":"PropertyValueSpecification","valueRequired":true,"valueName":"search_term_string"}}],"inLanguage":"pt-BR"},{"@type":"Organization","@id":"https:\/\/www.notibras.com\/site\/#organization","name":"Grupo Notibras de Comunica\u00e7\u00e3o","url":"https:\/\/www.notibras.com\/site\/","logo":{"@type":"ImageObject","inLanguage":"pt-BR","@id":"https:\/\/www.notibras.com\/site\/#\/schema\/logo\/image\/","url":"https:\/\/www.notibras.com\/site\/wp-content\/uploads\/2023\/01\/notibras23.png","contentUrl":"https:\/\/www.notibras.com\/site\/wp-content\/uploads\/2023\/01\/notibras23.png","width":350,"height":87,"caption":"Grupo Notibras de Comunica\u00e7\u00e3o"},"image":{"@id":"https:\/\/www.notibras.com\/site\/#\/schema\/logo\/image\/"},"sameAs":["https:\/\/www.facebook.com\/notibras\/","https:\/\/x.com\/Notibras","https:\/\/www.instagram.com\/notibras\/"]},{"@type":"Person","@id":"https:\/\/www.notibras.com\/site\/#\/schema\/person\/36ab0979449956132d3e5b517ea76ac8","name":"Reda\u00e7\u00e3o","image":{"@type":"ImageObject","inLanguage":"pt-BR","@id":"https:\/\/secure.gravatar.com\/avatar\/e0a867bdedb85fd243eadf09663511f96fc81e0720a4a42581f334ad4303aa6b?s=96&d=mm&r=g","url":"https:\/\/secure.gravatar.com\/avatar\/e0a867bdedb85fd243eadf09663511f96fc81e0720a4a42581f334ad4303aa6b?s=96&d=mm&r=g","contentUrl":"https:\/\/secure.gravatar.com\/avatar\/e0a867bdedb85fd243eadf09663511f96fc81e0720a4a42581f334ad4303aa6b?s=96&d=mm&r=g","caption":"Reda\u00e7\u00e3o"}}]}},"amp_enabled":true,"_links":{"self":[{"href":"https:\/\/www.notibras.com\/site\/wp-json\/wp\/v2\/posts\/369101","targetHints":{"allow":["GET"]}}],"collection":[{"href":"https:\/\/www.notibras.com\/site\/wp-json\/wp\/v2\/posts"}],"about":[{"href":"https:\/\/www.notibras.com\/site\/wp-json\/wp\/v2\/types\/post"}],"author":[{"embeddable":true,"href":"https:\/\/www.notibras.com\/site\/wp-json\/wp\/v2\/users\/2"}],"replies":[{"embeddable":true,"href":"https:\/\/www.notibras.com\/site\/wp-json\/wp\/v2\/comments?post=369101"}],"version-history":[{"count":1,"href":"https:\/\/www.notibras.com\/site\/wp-json\/wp\/v2\/posts\/369101\/revisions"}],"predecessor-version":[{"id":369104,"href":"https:\/\/www.notibras.com\/site\/wp-json\/wp\/v2\/posts\/369101\/revisions\/369104"}],"wp:featuredmedia":[{"embeddable":true,"href":"https:\/\/www.notibras.com\/site\/wp-json\/wp\/v2\/media\/369102"}],"wp:attachment":[{"href":"https:\/\/www.notibras.com\/site\/wp-json\/wp\/v2\/media?parent=369101"}],"wp:term":[{"taxonomy":"category","embeddable":true,"href":"https:\/\/www.notibras.com\/site\/wp-json\/wp\/v2\/categories?post=369101"},{"taxonomy":"post_tag","embeddable":true,"href":"https:\/\/www.notibras.com\/site\/wp-json\/wp\/v2\/tags?post=369101"}],"curies":[{"name":"wp","href":"https:\/\/api.w.org\/{rel}","templated":true}]}}