{"id":369206,"date":"2025-11-02T05:56:33","date_gmt":"2025-11-02T08:56:33","guid":{"rendered":"https:\/\/www.notibras.com\/site\/?p=369206"},"modified":"2025-11-02T07:08:57","modified_gmt":"2025-11-02T10:08:57","slug":"novembro-chega-com-o-convite-a-entrega-a-coragem-e-ao-recomeco","status":"publish","type":"post","link":"https:\/\/www.notibras.com\/site\/novembro-chega-com-o-convite-a-entrega-a-coragem-e-ao-recomeco\/","title":{"rendered":"Novembro chega com o convite \u00e0 entrega, \u00e0 coragem e ao recome\u00e7o"},"content":{"rendered":"<p data-start=\"263\" data-end=\"659\">A semana chega envolta em uma energia de transi\u00e7\u00e3o e intensidade. O Sol em Escorpi\u00e3o ilumina o inconsciente coletivo, convidando cada signo a encarar verdades internas e a fazer as pazes com o que precisa ser encerrado. \u00c9 tempo de renascimento simb\u00f3lico: de soltar velhas amarras, transformar padr\u00f5es e abrir espa\u00e7o para o novo \u2014 n\u00e3o \u00e0 for\u00e7a, mas pela consci\u00eancia.<\/p>\n<p data-start=\"661\" data-end=\"967\">A Lua crescente (em G\u00eameos na metade da semana) estimula o di\u00e1logo, as ideias criativas e a necessidade de expressar o que ficou guardado. J\u00e1 Merc\u00fario e V\u00eanus em Sagit\u00e1rio prometem mais leveza emocional, expans\u00e3o mental e vontade de buscar sentido \u2014 seja nas rela\u00e7\u00f5es, seja nas decis\u00f5es pr\u00e1ticas.<\/p>\n<p data-start=\"969\" data-end=\"1187\">Saturno em Peixes ainda lembra que sonhos precisam de estrutura para se tornarem realidade; enquanto Marte em Le\u00e3o desperta a coragem e o desejo de brilhar \u2014 mas tamb\u00e9m o ego inflado, se n\u00e3o houver sabedoria.<\/p>\n<p data-start=\"1189\" data-end=\"1342\">No amor, o c\u00e9u pede autenticidade. No trabalho, discernimento. E na vida espiritual, presen\u00e7a: tudo o que \u00e9 vivido com verdade ganha for\u00e7a neste ciclo.<\/p>\n<p data-start=\"1189\" data-end=\"1342\">Veja a previs\u00e3o para o seu signo:<\/p>\n<h3 data-start=\"245\" data-end=\"278\">\u2648 <strong data-start=\"251\" data-end=\"276\">\u00c1ries (21\/03 \u2013 19\/04)<\/strong><\/h3>\n<p data-start=\"279\" data-end=\"711\">A semana come\u00e7a pedindo calma, algo que n\u00e3o \u00e9 natural para voc\u00ea, ariano. Marte em Le\u00e3o acende sua chama criativa, mas o Sol em Escorpi\u00e3o alerta: agir sem estrat\u00e9gia pode custar caro. Aproveite a energia da Lua crescente para canalizar impulsos em projetos concretos. No amor, intensidade e desejo \u2014 cuidado para n\u00e3o confundir paix\u00e3o com poder. No trabalho, uma proposta inesperada pode abrir caminhos, mas exige foco e diplomacia.<\/p>\n<h3 data-start=\"718\" data-end=\"751\">\u2649 <strong data-start=\"724\" data-end=\"749\">Touro (20\/04 \u2013 20\/05)<\/strong><\/h3>\n<p data-start=\"752\" data-end=\"1148\">Taurino, o universo sopra mudan\u00e7as nas rela\u00e7\u00f5es e nas parcerias. O Sol em oposi\u00e7\u00e3o ao seu signo ilumina o outro \u2014 o espelho que mostra o que voc\u00ea precisa rever. \u00c9 tempo de ajustar afetos e alian\u00e7as, sem medo de se desapegar do que j\u00e1 perdeu o sentido. A sensualidade est\u00e1 em alta, mas o cora\u00e7\u00e3o pede verdade. No campo financeiro, boas not\u00edcias podem vir ap\u00f3s um impasse. Confie em sua intui\u00e7\u00e3o.<\/p>\n<h3 data-start=\"1155\" data-end=\"1189\">\u264a <strong data-start=\"1161\" data-end=\"1187\">G\u00eameos (21\/05 \u2013 20\/06)<\/strong><\/h3>\n<p data-start=\"1190\" data-end=\"1586\">Com a Lua crescendo em seu signo, a mente se expande e o verbo ganha poder. \u00c9 uma semana de boas conversas, reconcilia\u00e7\u00f5es e decis\u00f5es que clareiam o caminho. Use o dom da comunica\u00e7\u00e3o para inspirar e ensinar \u2014 mas evite prometer mais do que pode cumprir. No amor, o di\u00e1logo cura feridas antigas. No trabalho, uma ideia aparentemente simples pode render bons frutos se estruturada com disciplina.<\/p>\n<h3 data-start=\"1593\" data-end=\"1627\">\u264b <strong data-start=\"1599\" data-end=\"1625\">C\u00e2ncer (21\/06 \u2013 22\/07)<\/strong><\/h3>\n<p data-start=\"1628\" data-end=\"2008\">Canceriano, o cora\u00e7\u00e3o pulsa forte e o passado insiste em bater \u00e0 porta. O Sol em Escorpi\u00e3o ativa mem\u00f3rias e desperta desejos de renascimento. N\u00e3o fuja do que sente \u2014 mergulhe. \u00c9 dessa imers\u00e3o que vir\u00e1 a for\u00e7a para come\u00e7ar algo novo. No amor, h\u00e1 profundidade e entrega; no lar, necessidade de paz e sil\u00eancio. No trabalho, cuide para n\u00e3o levar emo\u00e7\u00f5es demais \u00e0s decis\u00f5es pr\u00e1ticas.<\/p>\n<h3 data-start=\"2015\" data-end=\"2047\">\u264c <strong data-start=\"2021\" data-end=\"2045\">Le\u00e3o (23\/07 \u2013 22\/08)<\/strong><\/h3>\n<p data-start=\"2048\" data-end=\"2429\">Marte vibra em seu signo e isso lhe devolve a autoconfian\u00e7a e o brilho que andavam guardados. Mas aten\u00e7\u00e3o: a linha entre carisma e autoritarismo \u00e9 t\u00eanue. Use o magnetismo leonino para inspirar, n\u00e3o para impor. No amor, a paix\u00e3o \u00e9 intensa \u2014 e pode reacender antigas hist\u00f3rias. No trabalho, um desafio pede coragem e generosidade. Tudo o que for feito com cora\u00e7\u00e3o ser\u00e1 reconhecido.<\/p>\n<h3 data-start=\"2436\" data-end=\"2470\">\u264d <strong data-start=\"2442\" data-end=\"2468\">Virgem (23\/08 \u2013 22\/09)<\/strong><\/h3>\n<p data-start=\"2471\" data-end=\"2854\">Os ventos mudam no cotidiano, virginiano. O c\u00e9u pede flexibilidade, algo que desafia sua natureza met\u00f3dica. A Lua crescente traz novos ritmos, convites e responsabilidades. Ajuste rotinas sem perder de vista o prazer do que faz. No amor, o di\u00e1logo ser\u00e1 a ponte entre mundos diferentes. No trabalho, detalhes far\u00e3o toda a diferen\u00e7a \u2014 e algu\u00e9m pode reconhecer seu esfor\u00e7o silencioso.<\/p>\n<h3 data-start=\"2861\" data-end=\"2894\">\u264e <strong data-start=\"2867\" data-end=\"2892\">Libra (23\/09 \u2013 22\/10)<\/strong><\/h3>\n<p data-start=\"2895\" data-end=\"3270\">Libriano, o cora\u00e7\u00e3o pede leveza, mas o Sol em Escorpi\u00e3o exige profundidade. A semana traz decis\u00f5es que tocam o campo das emo\u00e7\u00f5es \u2014 e talvez seja hora de escolher menos o que \u00e9 bonito e mais o que \u00e9 verdadeiro. Merc\u00fario e V\u00eanus em Sagit\u00e1rio ampliam sua f\u00e9 na vida e em si mesmo. No amor, sinceridade \u00e9 o caminho da harmonia. No trabalho, parcerias inspiradoras ganham forma.<\/p>\n<h3 data-start=\"3277\" data-end=\"3314\">\u264f <strong data-start=\"3283\" data-end=\"3312\">Escorpi\u00e3o (23\/10 \u2013 21\/11)<\/strong><\/h3>\n<p data-start=\"3315\" data-end=\"3692\">Parab\u00e9ns, escorpiano \u2014 o Sol est\u00e1 em seu signo e a energia da renova\u00e7\u00e3o vibra ao seu redor. O ciclo favorece transforma\u00e7\u00f5es profundas, mudan\u00e7as de rota e curas emocionais. Deixe morrer o que n\u00e3o serve mais, e renas\u00e7a sem medo. No amor, magnetismo e poder \u2014 mas cuidado para n\u00e3o manipular o outro sem perceber. No trabalho, uma oportunidade surge das cinzas. Intui\u00e7\u00e3o em alta.<\/p>\n<h3 data-start=\"3699\" data-end=\"3736\">\u2650 <strong data-start=\"3705\" data-end=\"3734\">Sagit\u00e1rio (22\/11 \u2013 21\/12)<\/strong><\/h3>\n<p data-start=\"3737\" data-end=\"4107\">Com Merc\u00fario e V\u00eanus em seu signo, o mundo se abre e as palavras fluem. \u00c9 uma semana de expans\u00e3o, viagens, estudos e amores que inspiram liberdade. Voc\u00ea atrai olhares e boas oportunidades, mas o Sol em Escorpi\u00e3o pede cautela com promessas impulsivas. No amor, atra\u00e7\u00e3o por quem estimula sua mente. No trabalho, ideias inovadoras ganham apoio se vierem com planejamento.<\/p>\n<h3 data-start=\"4114\" data-end=\"4153\">\u2651 <strong data-start=\"4120\" data-end=\"4151\">Capric\u00f3rnio (22\/12 \u2013 19\/01)<\/strong><\/h3>\n<p data-start=\"4154\" data-end=\"4559\">Capricorniano, Saturno em Peixes suaviza seu olhar sobre o tempo. A semana pede empatia e escuta \u2014 principalmente com pessoas pr\u00f3ximas. No trabalho, evite endurecer demais nas cobran\u00e7as. Um gesto de humanidade valer\u00e1 mais que um relat\u00f3rio impec\u00e1vel. No amor, abra espa\u00e7o para a ternura. A vida financeira pode se estabilizar, mas exige prud\u00eancia. Nada de pressa: o futuro se constr\u00f3i com paci\u00eancia e f\u00e9.<\/p>\n<h3 data-start=\"4566\" data-end=\"4601\">\u2652 <strong data-start=\"4572\" data-end=\"4599\">Aqu\u00e1rio (20\/01 \u2013 18\/02)<\/strong><\/h3>\n<p data-start=\"4602\" data-end=\"4970\">O c\u00e9u favorece alian\u00e7as e causas coletivas. \u00c9 hora de pensar em projetos que envolvam mais gente e prop\u00f3sito. Merc\u00fario em Sagit\u00e1rio estimula a vis\u00e3o de futuro, enquanto o Sol em Escorpi\u00e3o pede conex\u00e3o com emo\u00e7\u00f5es que voc\u00ea costuma evitar. No amor, pode surgir algu\u00e9m diferente de tudo o que voc\u00ea imaginava \u2014 e \u00e9 justamente isso que te far\u00e1 repensar o que \u00e9 liberdade.<\/p>\n<h3 data-start=\"4977\" data-end=\"5011\">\u2653 <strong data-start=\"4983\" data-end=\"5009\">Peixes (19\/02 \u2013 20\/03)<\/strong><\/h3>\n<p data-start=\"5012\" data-end=\"5370\">Pisciano, Saturno em seu signo continua lapidando seus sonhos, separando o que \u00e9 ilus\u00e3o do que \u00e9 ess\u00eancia. A semana traz sensibilidade, mas tamb\u00e9m firmeza \u2014 uma combina\u00e7\u00e3o rara e poderosa. No amor, emo\u00e7\u00f5es transbordam; cuidado com idealiza\u00e7\u00f5es. No trabalho, a intui\u00e7\u00e3o \u00e9 seu melhor guia. Evite se dispersar: o que come\u00e7a agora pode florescer no fim do ano.<\/p>\n<p data-start=\"5012\" data-end=\"5370\">&#8230;&#8230;&#8230;&#8230;&#8230;&#8230;&#8230;&#8230;.<\/p>\n<p data-start=\"5012\" data-end=\"5370\"><strong>Anabelle Santa&#8217;cruz \u00e9 Editora de Or\u00e1culos<\/strong><\/p>\n","protected":false},"excerpt":{"rendered":"<p>A semana chega envolta em uma energia de transi\u00e7\u00e3o e intensidade. O Sol em Escorpi\u00e3o ilumina o inconsciente coletivo, convidando cada signo a encarar verdades internas e a fazer as pazes com o que precisa ser encerrado. \u00c9 tempo de renascimento simb\u00f3lico: de soltar velhas amarras, transformar padr\u00f5es e abrir espa\u00e7o para o novo \u2014 [&hellip;]<\/p>\n","protected":false},"author":2,"featured_media":369207,"comment_status":"closed","ping_status":"closed","sticky":false,"template":"","format":"standard","meta":{"_acf_changed":false,"footnotes":""},"categories":[237],"tags":[],"class_list":["post-369206","post","type-post","status-publish","format-standard","has-post-thumbnail","hentry","category-oraculos"],"acf":[],"yoast_head":"<!-- This site is optimized with the Yoast SEO plugin v27.2 - https:\/\/yoast.com\/product\/yoast-seo-wordpress\/ -->\n<title>Novembro chega com o convite \u00e0 entrega, \u00e0 coragem e ao recome\u00e7o - Notibras<\/title>\n<meta name=\"robots\" content=\"index, follow, max-snippet:-1, max-image-preview:large, max-video-preview:-1\" \/>\n<link rel=\"canonical\" href=\"https:\/\/www.notibras.com\/site\/novembro-chega-com-o-convite-a-entrega-a-coragem-e-ao-recomeco\/\" \/>\n<meta property=\"og:locale\" content=\"pt_BR\" \/>\n<meta property=\"og:type\" content=\"article\" \/>\n<meta property=\"og:title\" content=\"Novembro chega com o convite \u00e0 entrega, \u00e0 coragem e ao recome\u00e7o - Notibras\" \/>\n<meta property=\"og:description\" content=\"A semana chega envolta em uma energia de transi\u00e7\u00e3o e intensidade. O Sol em Escorpi\u00e3o ilumina o inconsciente coletivo, convidando cada signo a encarar verdades internas e a fazer as pazes com o que precisa ser encerrado. \u00c9 tempo de renascimento simb\u00f3lico: de soltar velhas amarras, transformar padr\u00f5es e abrir espa\u00e7o para o novo \u2014 [&hellip;]\" \/>\n<meta property=\"og:url\" content=\"https:\/\/www.notibras.com\/site\/novembro-chega-com-o-convite-a-entrega-a-coragem-e-ao-recomeco\/\" \/>\n<meta property=\"og:site_name\" content=\"Notibras\" \/>\n<meta property=\"article:publisher\" content=\"https:\/\/www.facebook.com\/notibras\/\" \/>\n<meta property=\"article:published_time\" content=\"2025-11-02T08:56:33+00:00\" \/>\n<meta property=\"article:modified_time\" content=\"2025-11-02T10:08:57+00:00\" \/>\n<meta property=\"og:image\" content=\"https:\/\/www.notibras.com\/site\/wp-content\/uploads\/2025\/11\/6cc77132-cfad-4e5a-af1b-947690efcd2f-683x1024.png\" \/>\n\t<meta property=\"og:image:width\" content=\"683\" \/>\n\t<meta property=\"og:image:height\" content=\"1024\" \/>\n\t<meta property=\"og:image:type\" content=\"image\/png\" \/>\n<meta name=\"author\" content=\"Reda\u00e7\u00e3o\" \/>\n<meta name=\"twitter:card\" content=\"summary_large_image\" \/>\n<meta name=\"twitter:creator\" content=\"@Notibras\" \/>\n<meta name=\"twitter:site\" content=\"@Notibras\" \/>\n<meta name=\"twitter:label1\" content=\"Escrito por\" \/>\n\t<meta name=\"twitter:data1\" content=\"Reda\u00e7\u00e3o\" \/>\n\t<meta name=\"twitter:label2\" content=\"Est. tempo de leitura\" \/>\n\t<meta name=\"twitter:data2\" content=\"6 minutos\" \/>\n<script type=\"application\/ld+json\" class=\"yoast-schema-graph\">{\"@context\":\"https:\/\/schema.org\",\"@graph\":[{\"@type\":\"Article\",\"@id\":\"https:\/\/www.notibras.com\/site\/novembro-chega-com-o-convite-a-entrega-a-coragem-e-ao-recomeco\/#article\",\"isPartOf\":{\"@id\":\"https:\/\/www.notibras.com\/site\/novembro-chega-com-o-convite-a-entrega-a-coragem-e-ao-recomeco\/\"},\"author\":{\"name\":\"Reda\u00e7\u00e3o\",\"@id\":\"https:\/\/www.notibras.com\/site\/#\/schema\/person\/36ab0979449956132d3e5b517ea76ac8\"},\"headline\":\"Novembro chega com o convite \u00e0 entrega, \u00e0 coragem e ao recome\u00e7o\",\"datePublished\":\"2025-11-02T08:56:33+00:00\",\"dateModified\":\"2025-11-02T10:08:57+00:00\",\"mainEntityOfPage\":{\"@id\":\"https:\/\/www.notibras.com\/site\/novembro-chega-com-o-convite-a-entrega-a-coragem-e-ao-recomeco\/\"},\"wordCount\":1079,\"publisher\":{\"@id\":\"https:\/\/www.notibras.com\/site\/#organization\"},\"image\":{\"@id\":\"https:\/\/www.notibras.com\/site\/novembro-chega-com-o-convite-a-entrega-a-coragem-e-ao-recomeco\/#primaryimage\"},\"thumbnailUrl\":\"https:\/\/www.notibras.com\/site\/wp-content\/uploads\/2025\/11\/6cc77132-cfad-4e5a-af1b-947690efcd2f.png\",\"articleSection\":[\"Or\u00e1culos\"],\"inLanguage\":\"pt-BR\"},{\"@type\":\"WebPage\",\"@id\":\"https:\/\/www.notibras.com\/site\/novembro-chega-com-o-convite-a-entrega-a-coragem-e-ao-recomeco\/\",\"url\":\"https:\/\/www.notibras.com\/site\/novembro-chega-com-o-convite-a-entrega-a-coragem-e-ao-recomeco\/\",\"name\":\"Novembro chega com o convite \u00e0 entrega, \u00e0 coragem e ao recome\u00e7o - Notibras\",\"isPartOf\":{\"@id\":\"https:\/\/www.notibras.com\/site\/#website\"},\"primaryImageOfPage\":{\"@id\":\"https:\/\/www.notibras.com\/site\/novembro-chega-com-o-convite-a-entrega-a-coragem-e-ao-recomeco\/#primaryimage\"},\"image\":{\"@id\":\"https:\/\/www.notibras.com\/site\/novembro-chega-com-o-convite-a-entrega-a-coragem-e-ao-recomeco\/#primaryimage\"},\"thumbnailUrl\":\"https:\/\/www.notibras.com\/site\/wp-content\/uploads\/2025\/11\/6cc77132-cfad-4e5a-af1b-947690efcd2f.png\",\"datePublished\":\"2025-11-02T08:56:33+00:00\",\"dateModified\":\"2025-11-02T10:08:57+00:00\",\"breadcrumb\":{\"@id\":\"https:\/\/www.notibras.com\/site\/novembro-chega-com-o-convite-a-entrega-a-coragem-e-ao-recomeco\/#breadcrumb\"},\"inLanguage\":\"pt-BR\",\"potentialAction\":[{\"@type\":\"ReadAction\",\"target\":[\"https:\/\/www.notibras.com\/site\/novembro-chega-com-o-convite-a-entrega-a-coragem-e-ao-recomeco\/\"]}]},{\"@type\":\"ImageObject\",\"inLanguage\":\"pt-BR\",\"@id\":\"https:\/\/www.notibras.com\/site\/novembro-chega-com-o-convite-a-entrega-a-coragem-e-ao-recomeco\/#primaryimage\",\"url\":\"https:\/\/www.notibras.com\/site\/wp-content\/uploads\/2025\/11\/6cc77132-cfad-4e5a-af1b-947690efcd2f.png\",\"contentUrl\":\"https:\/\/www.notibras.com\/site\/wp-content\/uploads\/2025\/11\/6cc77132-cfad-4e5a-af1b-947690efcd2f.png\",\"width\":1024,\"height\":1536},{\"@type\":\"BreadcrumbList\",\"@id\":\"https:\/\/www.notibras.com\/site\/novembro-chega-com-o-convite-a-entrega-a-coragem-e-ao-recomeco\/#breadcrumb\",\"itemListElement\":[{\"@type\":\"ListItem\",\"position\":1,\"name\":\"In\u00edcio\",\"item\":\"https:\/\/www.notibras.com\/site\/\"},{\"@type\":\"ListItem\",\"position\":2,\"name\":\"Novembro chega com o convite \u00e0 entrega, \u00e0 coragem e ao recome\u00e7o\"}]},{\"@type\":\"WebSite\",\"@id\":\"https:\/\/www.notibras.com\/site\/#website\",\"url\":\"https:\/\/www.notibras.com\/site\/\",\"name\":\"Notibras\",\"description\":\"Not\u00edcias de Bras\u00edlia, do Brasil e do Mundo\",\"publisher\":{\"@id\":\"https:\/\/www.notibras.com\/site\/#organization\"},\"potentialAction\":[{\"@type\":\"SearchAction\",\"target\":{\"@type\":\"EntryPoint\",\"urlTemplate\":\"https:\/\/www.notibras.com\/site\/?s={search_term_string}\"},\"query-input\":{\"@type\":\"PropertyValueSpecification\",\"valueRequired\":true,\"valueName\":\"search_term_string\"}}],\"inLanguage\":\"pt-BR\"},{\"@type\":\"Organization\",\"@id\":\"https:\/\/www.notibras.com\/site\/#organization\",\"name\":\"Grupo Notibras de Comunica\u00e7\u00e3o\",\"url\":\"https:\/\/www.notibras.com\/site\/\",\"logo\":{\"@type\":\"ImageObject\",\"inLanguage\":\"pt-BR\",\"@id\":\"https:\/\/www.notibras.com\/site\/#\/schema\/logo\/image\/\",\"url\":\"https:\/\/www.notibras.com\/site\/wp-content\/uploads\/2023\/01\/notibras23.png\",\"contentUrl\":\"https:\/\/www.notibras.com\/site\/wp-content\/uploads\/2023\/01\/notibras23.png\",\"width\":350,\"height\":87,\"caption\":\"Grupo Notibras de Comunica\u00e7\u00e3o\"},\"image\":{\"@id\":\"https:\/\/www.notibras.com\/site\/#\/schema\/logo\/image\/\"},\"sameAs\":[\"https:\/\/www.facebook.com\/notibras\/\",\"https:\/\/x.com\/Notibras\",\"https:\/\/www.instagram.com\/notibras\/\"]},{\"@type\":\"Person\",\"@id\":\"https:\/\/www.notibras.com\/site\/#\/schema\/person\/36ab0979449956132d3e5b517ea76ac8\",\"name\":\"Reda\u00e7\u00e3o\",\"image\":{\"@type\":\"ImageObject\",\"inLanguage\":\"pt-BR\",\"@id\":\"https:\/\/secure.gravatar.com\/avatar\/e0a867bdedb85fd243eadf09663511f96fc81e0720a4a42581f334ad4303aa6b?s=96&d=mm&r=g\",\"url\":\"https:\/\/secure.gravatar.com\/avatar\/e0a867bdedb85fd243eadf09663511f96fc81e0720a4a42581f334ad4303aa6b?s=96&d=mm&r=g\",\"contentUrl\":\"https:\/\/secure.gravatar.com\/avatar\/e0a867bdedb85fd243eadf09663511f96fc81e0720a4a42581f334ad4303aa6b?s=96&d=mm&r=g\",\"caption\":\"Reda\u00e7\u00e3o\"}}]}<\/script>\n<!-- \/ Yoast SEO plugin. -->","yoast_head_json":{"title":"Novembro chega com o convite \u00e0 entrega, \u00e0 coragem e ao recome\u00e7o - Notibras","robots":{"index":"index","follow":"follow","max-snippet":"max-snippet:-1","max-image-preview":"max-image-preview:large","max-video-preview":"max-video-preview:-1"},"canonical":"https:\/\/www.notibras.com\/site\/novembro-chega-com-o-convite-a-entrega-a-coragem-e-ao-recomeco\/","og_locale":"pt_BR","og_type":"article","og_title":"Novembro chega com o convite \u00e0 entrega, \u00e0 coragem e ao recome\u00e7o - Notibras","og_description":"A semana chega envolta em uma energia de transi\u00e7\u00e3o e intensidade. O Sol em Escorpi\u00e3o ilumina o inconsciente coletivo, convidando cada signo a encarar verdades internas e a fazer as pazes com o que precisa ser encerrado. \u00c9 tempo de renascimento simb\u00f3lico: de soltar velhas amarras, transformar padr\u00f5es e abrir espa\u00e7o para o novo \u2014 [&hellip;]","og_url":"https:\/\/www.notibras.com\/site\/novembro-chega-com-o-convite-a-entrega-a-coragem-e-ao-recomeco\/","og_site_name":"Notibras","article_publisher":"https:\/\/www.facebook.com\/notibras\/","article_published_time":"2025-11-02T08:56:33+00:00","article_modified_time":"2025-11-02T10:08:57+00:00","og_image":[{"width":683,"height":1024,"url":"https:\/\/www.notibras.com\/site\/wp-content\/uploads\/2025\/11\/6cc77132-cfad-4e5a-af1b-947690efcd2f-683x1024.png","type":"image\/png"}],"author":"Reda\u00e7\u00e3o","twitter_card":"summary_large_image","twitter_creator":"@Notibras","twitter_site":"@Notibras","twitter_misc":{"Escrito por":"Reda\u00e7\u00e3o","Est. tempo de leitura":"6 minutos"},"schema":{"@context":"https:\/\/schema.org","@graph":[{"@type":"Article","@id":"https:\/\/www.notibras.com\/site\/novembro-chega-com-o-convite-a-entrega-a-coragem-e-ao-recomeco\/#article","isPartOf":{"@id":"https:\/\/www.notibras.com\/site\/novembro-chega-com-o-convite-a-entrega-a-coragem-e-ao-recomeco\/"},"author":{"name":"Reda\u00e7\u00e3o","@id":"https:\/\/www.notibras.com\/site\/#\/schema\/person\/36ab0979449956132d3e5b517ea76ac8"},"headline":"Novembro chega com o convite \u00e0 entrega, \u00e0 coragem e ao recome\u00e7o","datePublished":"2025-11-02T08:56:33+00:00","dateModified":"2025-11-02T10:08:57+00:00","mainEntityOfPage":{"@id":"https:\/\/www.notibras.com\/site\/novembro-chega-com-o-convite-a-entrega-a-coragem-e-ao-recomeco\/"},"wordCount":1079,"publisher":{"@id":"https:\/\/www.notibras.com\/site\/#organization"},"image":{"@id":"https:\/\/www.notibras.com\/site\/novembro-chega-com-o-convite-a-entrega-a-coragem-e-ao-recomeco\/#primaryimage"},"thumbnailUrl":"https:\/\/www.notibras.com\/site\/wp-content\/uploads\/2025\/11\/6cc77132-cfad-4e5a-af1b-947690efcd2f.png","articleSection":["Or\u00e1culos"],"inLanguage":"pt-BR"},{"@type":"WebPage","@id":"https:\/\/www.notibras.com\/site\/novembro-chega-com-o-convite-a-entrega-a-coragem-e-ao-recomeco\/","url":"https:\/\/www.notibras.com\/site\/novembro-chega-com-o-convite-a-entrega-a-coragem-e-ao-recomeco\/","name":"Novembro chega com o convite \u00e0 entrega, \u00e0 coragem e ao recome\u00e7o - Notibras","isPartOf":{"@id":"https:\/\/www.notibras.com\/site\/#website"},"primaryImageOfPage":{"@id":"https:\/\/www.notibras.com\/site\/novembro-chega-com-o-convite-a-entrega-a-coragem-e-ao-recomeco\/#primaryimage"},"image":{"@id":"https:\/\/www.notibras.com\/site\/novembro-chega-com-o-convite-a-entrega-a-coragem-e-ao-recomeco\/#primaryimage"},"thumbnailUrl":"https:\/\/www.notibras.com\/site\/wp-content\/uploads\/2025\/11\/6cc77132-cfad-4e5a-af1b-947690efcd2f.png","datePublished":"2025-11-02T08:56:33+00:00","dateModified":"2025-11-02T10:08:57+00:00","breadcrumb":{"@id":"https:\/\/www.notibras.com\/site\/novembro-chega-com-o-convite-a-entrega-a-coragem-e-ao-recomeco\/#breadcrumb"},"inLanguage":"pt-BR","potentialAction":[{"@type":"ReadAction","target":["https:\/\/www.notibras.com\/site\/novembro-chega-com-o-convite-a-entrega-a-coragem-e-ao-recomeco\/"]}]},{"@type":"ImageObject","inLanguage":"pt-BR","@id":"https:\/\/www.notibras.com\/site\/novembro-chega-com-o-convite-a-entrega-a-coragem-e-ao-recomeco\/#primaryimage","url":"https:\/\/www.notibras.com\/site\/wp-content\/uploads\/2025\/11\/6cc77132-cfad-4e5a-af1b-947690efcd2f.png","contentUrl":"https:\/\/www.notibras.com\/site\/wp-content\/uploads\/2025\/11\/6cc77132-cfad-4e5a-af1b-947690efcd2f.png","width":1024,"height":1536},{"@type":"BreadcrumbList","@id":"https:\/\/www.notibras.com\/site\/novembro-chega-com-o-convite-a-entrega-a-coragem-e-ao-recomeco\/#breadcrumb","itemListElement":[{"@type":"ListItem","position":1,"name":"In\u00edcio","item":"https:\/\/www.notibras.com\/site\/"},{"@type":"ListItem","position":2,"name":"Novembro chega com o convite \u00e0 entrega, \u00e0 coragem e ao recome\u00e7o"}]},{"@type":"WebSite","@id":"https:\/\/www.notibras.com\/site\/#website","url":"https:\/\/www.notibras.com\/site\/","name":"Notibras","description":"Not\u00edcias de Bras\u00edlia, do Brasil e do Mundo","publisher":{"@id":"https:\/\/www.notibras.com\/site\/#organization"},"potentialAction":[{"@type":"SearchAction","target":{"@type":"EntryPoint","urlTemplate":"https:\/\/www.notibras.com\/site\/?s={search_term_string}"},"query-input":{"@type":"PropertyValueSpecification","valueRequired":true,"valueName":"search_term_string"}}],"inLanguage":"pt-BR"},{"@type":"Organization","@id":"https:\/\/www.notibras.com\/site\/#organization","name":"Grupo Notibras de Comunica\u00e7\u00e3o","url":"https:\/\/www.notibras.com\/site\/","logo":{"@type":"ImageObject","inLanguage":"pt-BR","@id":"https:\/\/www.notibras.com\/site\/#\/schema\/logo\/image\/","url":"https:\/\/www.notibras.com\/site\/wp-content\/uploads\/2023\/01\/notibras23.png","contentUrl":"https:\/\/www.notibras.com\/site\/wp-content\/uploads\/2023\/01\/notibras23.png","width":350,"height":87,"caption":"Grupo Notibras de Comunica\u00e7\u00e3o"},"image":{"@id":"https:\/\/www.notibras.com\/site\/#\/schema\/logo\/image\/"},"sameAs":["https:\/\/www.facebook.com\/notibras\/","https:\/\/x.com\/Notibras","https:\/\/www.instagram.com\/notibras\/"]},{"@type":"Person","@id":"https:\/\/www.notibras.com\/site\/#\/schema\/person\/36ab0979449956132d3e5b517ea76ac8","name":"Reda\u00e7\u00e3o","image":{"@type":"ImageObject","inLanguage":"pt-BR","@id":"https:\/\/secure.gravatar.com\/avatar\/e0a867bdedb85fd243eadf09663511f96fc81e0720a4a42581f334ad4303aa6b?s=96&d=mm&r=g","url":"https:\/\/secure.gravatar.com\/avatar\/e0a867bdedb85fd243eadf09663511f96fc81e0720a4a42581f334ad4303aa6b?s=96&d=mm&r=g","contentUrl":"https:\/\/secure.gravatar.com\/avatar\/e0a867bdedb85fd243eadf09663511f96fc81e0720a4a42581f334ad4303aa6b?s=96&d=mm&r=g","caption":"Reda\u00e7\u00e3o"}}]}},"amp_enabled":true,"_links":{"self":[{"href":"https:\/\/www.notibras.com\/site\/wp-json\/wp\/v2\/posts\/369206","targetHints":{"allow":["GET"]}}],"collection":[{"href":"https:\/\/www.notibras.com\/site\/wp-json\/wp\/v2\/posts"}],"about":[{"href":"https:\/\/www.notibras.com\/site\/wp-json\/wp\/v2\/types\/post"}],"author":[{"embeddable":true,"href":"https:\/\/www.notibras.com\/site\/wp-json\/wp\/v2\/users\/2"}],"replies":[{"embeddable":true,"href":"https:\/\/www.notibras.com\/site\/wp-json\/wp\/v2\/comments?post=369206"}],"version-history":[{"count":1,"href":"https:\/\/www.notibras.com\/site\/wp-json\/wp\/v2\/posts\/369206\/revisions"}],"predecessor-version":[{"id":369208,"href":"https:\/\/www.notibras.com\/site\/wp-json\/wp\/v2\/posts\/369206\/revisions\/369208"}],"wp:featuredmedia":[{"embeddable":true,"href":"https:\/\/www.notibras.com\/site\/wp-json\/wp\/v2\/media\/369207"}],"wp:attachment":[{"href":"https:\/\/www.notibras.com\/site\/wp-json\/wp\/v2\/media?parent=369206"}],"wp:term":[{"taxonomy":"category","embeddable":true,"href":"https:\/\/www.notibras.com\/site\/wp-json\/wp\/v2\/categories?post=369206"},{"taxonomy":"post_tag","embeddable":true,"href":"https:\/\/www.notibras.com\/site\/wp-json\/wp\/v2\/tags?post=369206"}],"curies":[{"name":"wp","href":"https:\/\/api.w.org\/{rel}","templated":true}]}}