{"id":369222,"date":"2025-11-02T06:44:48","date_gmt":"2025-11-02T09:44:48","guid":{"rendered":"https:\/\/www.notibras.com\/site\/?p=369222"},"modified":"2025-11-02T07:47:30","modified_gmt":"2025-11-02T10:47:30","slug":"nordestino-vive-entre-o-medo-e-a-resistencia","status":"publish","type":"post","link":"https:\/\/www.notibras.com\/site\/nordestino-vive-entre-o-medo-e-a-resistencia\/","title":{"rendered":"Nordestino vive entre o medo e a resist\u00eancia"},"content":{"rendered":"<p>No Nordeste, a sirene j\u00e1 n\u00e3o anuncia apenas a chegada da pol\u00edcia \u2014 anuncia tamb\u00e9m o medo. Nas vielas apertadas, nos becos de ch\u00e3o batido, nos bairros onde a vida corre mais depressa do que o rel\u00f3gio, o nordestino aprendeu a diferenciar o som do vento do som do helic\u00f3ptero. E, quando ele passa, tremendo as telhas, n\u00e3o \u00e9 a sensa\u00e7\u00e3o de prote\u00e7\u00e3o que toma conta do peito, mas sim a velha e cansada pergunta: \u201cQuem vai pagar o pre\u00e7o dessa opera\u00e7\u00e3o?\u201d<\/p>\n<p>As opera\u00e7\u00f5es policiais chegam como temporais de ver\u00e3o: barulhentas, violentas e sem aviso. Entra-se casa adentro, revira-se arm\u00e1rio, derruba-se porta \u2014 e, muitas vezes, n\u00e3o se encontra o tal \u201cperigoso\u201d que justificaria tamanha f\u00faria. O que fica, depois que a poeira baixa, \u00e9 o olhar assustado das crian\u00e7as, o sil\u00eancio desconfiado das m\u00e3es e a certeza amarga de que a seguran\u00e7a p\u00fablica n\u00e3o passa perto de quem mais precisa dela.<\/p>\n<p>O nordestino, acostumado a enfrentar seca, fome e desigualdade, agora enfrenta outro tipo de tormenta: a gest\u00e3o da seguran\u00e7a que parece sempre mirar para o lado errado. Os n\u00fameros crescem, as promessas se repetem, e a sensa\u00e7\u00e3o de abandono tamb\u00e9m. As ruas, antes palco de festas, sanfonas e passos apertados, viram campo de confronto \u2014 e o povo continua no meio, espremido entre criminosos que mandam e governos que falham.<\/p>\n<p>H\u00e1 quem diga que \u201c\u00e9 assim mesmo\u201d, que opera\u00e7\u00e3o policial \u00e9 sin\u00f4nimo de for\u00e7a. Mas, por aqui, for\u00e7a demais vira viol\u00eancia, e viol\u00eancia demais vira rotina. O nordestino quer seguran\u00e7a, claro \u2014 mas quer uma que proteja, e n\u00e3o que castigue. Que respeite, e n\u00e3o que humilhe. Que entenda que dentro de cada casa h\u00e1 hist\u00f3rias, mem\u00f3rias, sorrisos\u2026 e n\u00e3o apenas suspeitos.<\/p>\n<p>Ainda assim, mesmo diante das falhas, o povo segue. Tem medo, sim, mas tamb\u00e9m tem coragem. Tem revolta, mas tem luta. Tem a esperan\u00e7a teimosa de que um dia a seguran\u00e7a ser\u00e1 algo mais do que carros blindados e estampidos na madrugada. Ser\u00e1 cuidado. Ser\u00e1 presen\u00e7a. Ser\u00e1 direito.<\/p>\n<p>Enquanto isso n\u00e3o chega, o nordestino continua seu caminho: cabe\u00e7a erguida, passos firmes e o desejo profundo de viver em um lugar onde a pol\u00edcia seja aliada, e n\u00e3o amea\u00e7a. Onde o Estado olhe para a vida antes de olhar para o arsenal. Onde seguran\u00e7a seja mais do que opera\u00e7\u00e3o \u2014 seja dignidade.<\/p>\n<p>E, como sempre, ele resiste. Porque resistir, por aqui, \u00e9 t\u00e3o natural quanto respirar.<\/p>\n","protected":false},"excerpt":{"rendered":"<p>No Nordeste, a sirene j\u00e1 n\u00e3o anuncia apenas a chegada da pol\u00edcia \u2014 anuncia tamb\u00e9m o medo. Nas vielas apertadas, nos becos de ch\u00e3o batido, nos bairros onde a vida corre mais depressa do que o rel\u00f3gio, o nordestino aprendeu a diferenciar o som do vento do som do helic\u00f3ptero. E, quando ele passa, tremendo [&hellip;]<\/p>\n","protected":false},"author":2,"featured_media":369223,"comment_status":"closed","ping_status":"closed","sticky":false,"template":"","format":"standard","meta":{"_acf_changed":false,"footnotes":""},"categories":[165],"tags":[],"class_list":["post-369222","post","type-post","status-publish","format-standard","has-post-thumbnail","hentry","category-nordeste"],"acf":[],"_links":{"self":[{"href":"https:\/\/www.notibras.com\/site\/wp-json\/wp\/v2\/posts\/369222","targetHints":{"allow":["GET"]}}],"collection":[{"href":"https:\/\/www.notibras.com\/site\/wp-json\/wp\/v2\/posts"}],"about":[{"href":"https:\/\/www.notibras.com\/site\/wp-json\/wp\/v2\/types\/post"}],"author":[{"embeddable":true,"href":"https:\/\/www.notibras.com\/site\/wp-json\/wp\/v2\/users\/2"}],"replies":[{"embeddable":true,"href":"https:\/\/www.notibras.com\/site\/wp-json\/wp\/v2\/comments?post=369222"}],"version-history":[{"count":1,"href":"https:\/\/www.notibras.com\/site\/wp-json\/wp\/v2\/posts\/369222\/revisions"}],"predecessor-version":[{"id":369224,"href":"https:\/\/www.notibras.com\/site\/wp-json\/wp\/v2\/posts\/369222\/revisions\/369224"}],"wp:featuredmedia":[{"embeddable":true,"href":"https:\/\/www.notibras.com\/site\/wp-json\/wp\/v2\/media\/369223"}],"wp:attachment":[{"href":"https:\/\/www.notibras.com\/site\/wp-json\/wp\/v2\/media?parent=369222"}],"wp:term":[{"taxonomy":"category","embeddable":true,"href":"https:\/\/www.notibras.com\/site\/wp-json\/wp\/v2\/categories?post=369222"},{"taxonomy":"post_tag","embeddable":true,"href":"https:\/\/www.notibras.com\/site\/wp-json\/wp\/v2\/tags?post=369222"}],"curies":[{"name":"wp","href":"https:\/\/api.w.org\/{rel}","templated":true}]}}