{"id":369343,"date":"2025-11-03T04:30:44","date_gmt":"2025-11-03T07:30:44","guid":{"rendered":"https:\/\/www.notibras.com\/site\/?p=369343"},"modified":"2025-11-03T04:30:44","modified_gmt":"2025-11-03T07:30:44","slug":"forca-da-manga-alavanca-economia-nordestina","status":"publish","type":"post","link":"https:\/\/www.notibras.com\/site\/forca-da-manga-alavanca-economia-nordestina\/","title":{"rendered":"For\u00e7a da manga alavanca economia nordestina"},"content":{"rendered":"<p>No Nordeste, especialmente nas regi\u00f5es de Petrolina (PE) e Juazeiro (BA), a manga se tornou uma das frutas mais importantes para a economia e o desenvolvimento local. O clima quente e seco, combinado com sistemas modernos de irriga\u00e7\u00e3o, fez do sert\u00e3o um dos maiores polos de produ\u00e7\u00e3o de manga do pa\u00eds e at\u00e9 do mundo.<\/p>\n<p>A manga nordestina \u00e9 conhecida pelo sabor doce, a cor vibrante e a excelente qualidade. Isso acontece porque o clima da regi\u00e3o, apesar de seco, \u00e9 ideal para o cultivo da fruta. A irriga\u00e7\u00e3o com as \u00e1guas do Rio S\u00e3o Francisco permite que os produtores mantenham planta\u00e7\u00f5es produtivas durante todo o ano, algo que n\u00e3o seria poss\u00edvel apenas com as chuvas naturais da regi\u00e3o.<\/p>\n<p>Nos munic\u00edpios de Petrolina e Juazeiro, milhares de fam\u00edlias vivem do cultivo, da colheita e da exporta\u00e7\u00e3o da manga. A fruticultura irrigada trouxe emprego, renda e melhores condi\u00e7\u00f5es de vida para a popula\u00e7\u00e3o local. Estima-se que mais de 250 mil pessoas trabalhem direta ou indiretamente com a produ\u00e7\u00e3o da fruta.<\/p>\n<p>Grande parte da manga produzida no Nordeste \u00e9 exportada para pa\u00edses da Europa, os Estados Unidos e o Oriente M\u00e9dio. As variedades mais cultivadas s\u00e3o Tommy Atkins, Palmer e Kent, conhecidas por sua resist\u00eancia e apar\u00eancia atraente. Gra\u00e7as \u00e0 qualidade e ao sabor, a manga nordestina \u00e9 muito valorizada no mercado internacional.<\/p>\n<p>Mas o sucesso tamb\u00e9m traz desafios. O uso respons\u00e1vel da \u00e1gua, o controle de pragas e a necessidade de transporte adequado s\u00e3o preocupa\u00e7\u00f5es constantes. Muitos produtores v\u00eam investindo em tecnologias sustent\u00e1veis, como o reaproveitamento de \u00e1gua, o uso de energia solar e t\u00e9cnicas agr\u00edcolas que preservam o meio ambiente.<\/p>\n<p>Hoje, a manga representa muito mais do que uma fruta: \u00e9 s\u00edmbolo de trabalho, esperan\u00e7a e desenvolvimento para o povo nordestino. Cada manga colhida e exportada carrega o sabor do sert\u00e3o e a for\u00e7a de quem transforma o solo \u00e1rido em um verdadeiro pomar f\u00e9rtil.<\/p>\n","protected":false},"excerpt":{"rendered":"<p>No Nordeste, especialmente nas regi\u00f5es de Petrolina (PE) e Juazeiro (BA), a manga se tornou uma das frutas mais importantes para a economia e o desenvolvimento local. O clima quente e seco, combinado com sistemas modernos de irriga\u00e7\u00e3o, fez do sert\u00e3o um dos maiores polos de produ\u00e7\u00e3o de manga do pa\u00eds e at\u00e9 do mundo. [&hellip;]<\/p>\n","protected":false},"author":2,"featured_media":369344,"comment_status":"closed","ping_status":"closed","sticky":false,"template":"","format":"standard","meta":{"_acf_changed":false,"footnotes":""},"categories":[165],"tags":[],"class_list":["post-369343","post","type-post","status-publish","format-standard","has-post-thumbnail","hentry","category-nordeste"],"acf":[],"_links":{"self":[{"href":"https:\/\/www.notibras.com\/site\/wp-json\/wp\/v2\/posts\/369343","targetHints":{"allow":["GET"]}}],"collection":[{"href":"https:\/\/www.notibras.com\/site\/wp-json\/wp\/v2\/posts"}],"about":[{"href":"https:\/\/www.notibras.com\/site\/wp-json\/wp\/v2\/types\/post"}],"author":[{"embeddable":true,"href":"https:\/\/www.notibras.com\/site\/wp-json\/wp\/v2\/users\/2"}],"replies":[{"embeddable":true,"href":"https:\/\/www.notibras.com\/site\/wp-json\/wp\/v2\/comments?post=369343"}],"version-history":[{"count":1,"href":"https:\/\/www.notibras.com\/site\/wp-json\/wp\/v2\/posts\/369343\/revisions"}],"predecessor-version":[{"id":369345,"href":"https:\/\/www.notibras.com\/site\/wp-json\/wp\/v2\/posts\/369343\/revisions\/369345"}],"wp:featuredmedia":[{"embeddable":true,"href":"https:\/\/www.notibras.com\/site\/wp-json\/wp\/v2\/media\/369344"}],"wp:attachment":[{"href":"https:\/\/www.notibras.com\/site\/wp-json\/wp\/v2\/media?parent=369343"}],"wp:term":[{"taxonomy":"category","embeddable":true,"href":"https:\/\/www.notibras.com\/site\/wp-json\/wp\/v2\/categories?post=369343"},{"taxonomy":"post_tag","embeddable":true,"href":"https:\/\/www.notibras.com\/site\/wp-json\/wp\/v2\/tags?post=369343"}],"curies":[{"name":"wp","href":"https:\/\/api.w.org\/{rel}","templated":true}]}}