{"id":369351,"date":"2025-11-03T04:00:08","date_gmt":"2025-11-03T07:00:08","guid":{"rendered":"https:\/\/www.notibras.com\/site\/?p=369351"},"modified":"2025-11-03T04:40:52","modified_gmt":"2025-11-03T07:40:52","slug":"cresce-preocupacao-do-nordestino-com-violencia-policial","status":"publish","type":"post","link":"https:\/\/www.notibras.com\/site\/cresce-preocupacao-do-nordestino-com-violencia-policial\/","title":{"rendered":"Cresce preocupa\u00e7\u00e3o do nordestino com viol\u00eancia policial"},"content":{"rendered":"<p>O povo daqui j\u00e1 acorda com o cora\u00e7\u00e3o meio apertado, como quem reza sem abrir a boca. A gente sai de casa olhando pros lados, desconfiando at\u00e9 da sombra que o sol bota nos nossos p\u00e9s. \u00c9 que viver no Nordeste, \u00e0s vezes, parece caminhar num ch\u00e3o rachado: a gente pisa firme, mas sabe que pode afundar de repente.<\/p>\n<p>Nas cal\u00e7adas quentes das cidades, o zunido das motos corre mais ligeiro que o vento, e cada buzinada faz o peito da gente tremer, numa mistura de susto e alerta. \u201cSe benza, minha filha\u201d, dizia minha av\u00f3, \u201co mundo t\u00e1 ligeiro demais e o ju\u00edzo do povo parece que ficou pra tr\u00e1s.\u201d E eu me benzo, mesmo sem ser t\u00e3o de igreja, porque no fundo a gente se agarra ao que resta.<\/p>\n<p>A viol\u00eancia, essa danada, se esconde nos becos, nas vielas, nos cantos onde a luz n\u00e3o chega. Mas, pior do que isso, ela entra dentro da gente: deixa a m\u00e3o suada, o passo apressado, o pensamento inquieto. O medo vira companheiro de rotina, desses que ningu\u00e9m convidou, mas insiste em puxar uma cadeira na sala.<\/p>\n<p>Mesmo assim, o nordestino n\u00e3o se dobra f\u00e1cil. A gente tem uma teimosia bonita, daquelas que faz a esperan\u00e7a brotar at\u00e9 em terreno seco. Quando a noite chega, e a rua parece maior do que devia, ainda tem quem sente na cal\u00e7ada pra prosear, quem ofere\u00e7a um caf\u00e9, quem diga um \u201cboa noite\u201d que vale mais que guarda-costas.<\/p>\n<p>Porque aqui, no meio da dureza, a gente aprende a se proteger uns aos outros. \u00c9 na vizinha que vigia pela janela, no comerciante que conhece cada rosto que entra, no menino que corre avisando: \u201ccuidado ali, viu?\u201d. \u00c9 assim que a gente vai vivendo: no aperreio, sim, mas tamb\u00e9m na for\u00e7a de uma comunidade que, mesmo ferida, n\u00e3o larga do outro.<\/p>\n<p>E no fim das contas, o que fica \u00e9 essa vontade danada de que um dia a gente possa andar devagar, olhar o c\u00e9u sem medo, e deixar o cora\u00e7\u00e3o bater no compasso certo \u2014 aquele compasso manso do Nordeste que a viol\u00eancia tenta calar, mas n\u00e3o consegue. Porque o povo daqui \u00e9 de luta, e enquanto houver sol nesse ch\u00e3o, vai haver tamb\u00e9m coragem pra seguir.<\/p>\n","protected":false},"excerpt":{"rendered":"<p>O povo daqui j\u00e1 acorda com o cora\u00e7\u00e3o meio apertado, como quem reza sem abrir a boca. A gente sai de casa olhando pros lados, desconfiando at\u00e9 da sombra que o sol bota nos nossos p\u00e9s. \u00c9 que viver no Nordeste, \u00e0s vezes, parece caminhar num ch\u00e3o rachado: a gente pisa firme, mas sabe que [&hellip;]<\/p>\n","protected":false},"author":2,"featured_media":369352,"comment_status":"closed","ping_status":"closed","sticky":false,"template":"","format":"standard","meta":{"_acf_changed":false,"footnotes":""},"categories":[165],"tags":[],"class_list":["post-369351","post","type-post","status-publish","format-standard","has-post-thumbnail","hentry","category-nordeste"],"acf":[],"_links":{"self":[{"href":"https:\/\/www.notibras.com\/site\/wp-json\/wp\/v2\/posts\/369351","targetHints":{"allow":["GET"]}}],"collection":[{"href":"https:\/\/www.notibras.com\/site\/wp-json\/wp\/v2\/posts"}],"about":[{"href":"https:\/\/www.notibras.com\/site\/wp-json\/wp\/v2\/types\/post"}],"author":[{"embeddable":true,"href":"https:\/\/www.notibras.com\/site\/wp-json\/wp\/v2\/users\/2"}],"replies":[{"embeddable":true,"href":"https:\/\/www.notibras.com\/site\/wp-json\/wp\/v2\/comments?post=369351"}],"version-history":[{"count":1,"href":"https:\/\/www.notibras.com\/site\/wp-json\/wp\/v2\/posts\/369351\/revisions"}],"predecessor-version":[{"id":369353,"href":"https:\/\/www.notibras.com\/site\/wp-json\/wp\/v2\/posts\/369351\/revisions\/369353"}],"wp:featuredmedia":[{"embeddable":true,"href":"https:\/\/www.notibras.com\/site\/wp-json\/wp\/v2\/media\/369352"}],"wp:attachment":[{"href":"https:\/\/www.notibras.com\/site\/wp-json\/wp\/v2\/media?parent=369351"}],"wp:term":[{"taxonomy":"category","embeddable":true,"href":"https:\/\/www.notibras.com\/site\/wp-json\/wp\/v2\/categories?post=369351"},{"taxonomy":"post_tag","embeddable":true,"href":"https:\/\/www.notibras.com\/site\/wp-json\/wp\/v2\/tags?post=369351"}],"curies":[{"name":"wp","href":"https:\/\/api.w.org\/{rel}","templated":true}]}}