{"id":369354,"date":"2025-11-03T05:21:34","date_gmt":"2025-11-03T08:21:34","guid":{"rendered":"https:\/\/www.notibras.com\/site\/?p=369354"},"modified":"2025-11-03T05:21:34","modified_gmt":"2025-11-03T08:21:34","slug":"anubis-o-guardiao-do-alem-na-travessia-egipcia","status":"publish","type":"post","link":"https:\/\/www.notibras.com\/site\/anubis-o-guardiao-do-alem-na-travessia-egipcia\/","title":{"rendered":"An\u00fabis, o guardi\u00e3o do al\u00e9m na travessia eg\u00edpcia"},"content":{"rendered":"<p>Na vastid\u00e3o dourada do deserto, onde o Nilo desenha o destino de uma civiliza\u00e7\u00e3o milenar, o Egito antigo ergueu n\u00e3o apenas pir\u00e2mides e templos, mas uma complexa vis\u00e3o sobre a morte. Para os eg\u00edpcios, morrer n\u00e3o era desaparecer \u2014 era renascer em outra forma, atravessar o v\u00e9u do mundo terreno guiado por um deus de cabe\u00e7a de chacal: An\u00fabis, o guardi\u00e3o das passagens, o mestre dos ritos f\u00fanebres.<\/p>\n<p>Filho de Os\u00edris, o deus da ressurrei\u00e7\u00e3o, e de N\u00e9ftis, deusa da noite e das fronteiras, An\u00fabis simbolizava a ponte entre dois mundos. Sua figura, metade homem, metade animal, encarnava a vigil\u00e2ncia eterna diante da morte \u2014 o chacal, ca\u00e7ador noturno das necr\u00f3poles, tornou-se o protetor das tumbas e o guia das almas.<\/p>\n<p>Durante o ritual da mumifica\u00e7\u00e3o, os sacerdotes usavam m\u00e1scaras com o semblante de An\u00fabis, acreditando que, sob sua ben\u00e7\u00e3o, o corpo seria preservado para a eternidade. O cora\u00e7\u00e3o do morto, s\u00edmbolo da consci\u00eancia, era ent\u00e3o colocado na balan\u00e7a da justi\u00e7a divina, pesado contra a pena de Maat, deusa da verdade e da harmonia. Se o cora\u00e7\u00e3o fosse leve, a alma encontrava o caminho do para\u00edso; se pesado, seria devorada por Ammit, o monstro h\u00edbrido do submundo.<\/p>\n<p>Por tr\u00e1s dessa teologia, havia uma filosofia profunda: a de que a vida terrena era apenas uma prepara\u00e7\u00e3o para a jornada espiritual. Cada gesto, cada palavra e cada escolha formavam o peso do cora\u00e7\u00e3o \u2014 e o destino da alma. O Egito via na morte n\u00e3o um castigo, mas um exame final da exist\u00eancia.<\/p>\n<p>Hoje, mil\u00eanios depois, An\u00fabis ainda fascina a imagina\u00e7\u00e3o humana. Sua imagem aparece em museus, filmes, tatuagens e at\u00e9 em jogos digitais. \u00c9 como se, no fundo, o antigo deus ainda sussurrasse o mesmo enigma: \u201cQuem se conhece em vida, n\u00e3o teme a travessia.\u201d<\/p>\n","protected":false},"excerpt":{"rendered":"<p>Na vastid\u00e3o dourada do deserto, onde o Nilo desenha o destino de uma civiliza\u00e7\u00e3o milenar, o Egito antigo ergueu n\u00e3o apenas pir\u00e2mides e templos, mas uma complexa vis\u00e3o sobre a morte. Para os eg\u00edpcios, morrer n\u00e3o era desaparecer \u2014 era renascer em outra forma, atravessar o v\u00e9u do mundo terreno guiado por um deus de [&hellip;]<\/p>\n","protected":false},"author":2,"featured_media":369355,"comment_status":"closed","ping_status":"closed","sticky":false,"template":"","format":"standard","meta":{"_acf_changed":false,"footnotes":""},"categories":[237],"tags":[],"class_list":["post-369354","post","type-post","status-publish","format-standard","has-post-thumbnail","hentry","category-oraculos"],"acf":[],"yoast_head":"<!-- This site is optimized with the Yoast SEO plugin v27.2 - https:\/\/yoast.com\/product\/yoast-seo-wordpress\/ -->\n<title>An\u00fabis, o guardi\u00e3o do al\u00e9m na travessia eg\u00edpcia - Notibras<\/title>\n<meta name=\"robots\" content=\"index, follow, max-snippet:-1, max-image-preview:large, max-video-preview:-1\" \/>\n<link rel=\"canonical\" href=\"https:\/\/www.notibras.com\/site\/anubis-o-guardiao-do-alem-na-travessia-egipcia\/\" \/>\n<meta property=\"og:locale\" content=\"pt_BR\" \/>\n<meta property=\"og:type\" content=\"article\" \/>\n<meta property=\"og:title\" content=\"An\u00fabis, o guardi\u00e3o do al\u00e9m na travessia eg\u00edpcia - Notibras\" \/>\n<meta property=\"og:description\" content=\"Na vastid\u00e3o dourada do deserto, onde o Nilo desenha o destino de uma civiliza\u00e7\u00e3o milenar, o Egito antigo ergueu n\u00e3o apenas pir\u00e2mides e templos, mas uma complexa vis\u00e3o sobre a morte. Para os eg\u00edpcios, morrer n\u00e3o era desaparecer \u2014 era renascer em outra forma, atravessar o v\u00e9u do mundo terreno guiado por um deus de [&hellip;]\" \/>\n<meta property=\"og:url\" content=\"https:\/\/www.notibras.com\/site\/anubis-o-guardiao-do-alem-na-travessia-egipcia\/\" \/>\n<meta property=\"og:site_name\" content=\"Notibras\" \/>\n<meta property=\"article:publisher\" content=\"https:\/\/www.facebook.com\/notibras\/\" \/>\n<meta property=\"article:published_time\" content=\"2025-11-03T08:21:34+00:00\" \/>\n<meta property=\"og:image\" content=\"https:\/\/www.notibras.com\/site\/wp-content\/uploads\/2025\/11\/bd83c4a0-7c68-44e7-83b2-7105c849d472-683x1024.png\" \/>\n\t<meta property=\"og:image:width\" content=\"683\" \/>\n\t<meta property=\"og:image:height\" content=\"1024\" \/>\n\t<meta property=\"og:image:type\" content=\"image\/png\" \/>\n<meta name=\"author\" content=\"Reda\u00e7\u00e3o\" \/>\n<meta name=\"twitter:card\" content=\"summary_large_image\" \/>\n<meta name=\"twitter:creator\" content=\"@Notibras\" \/>\n<meta name=\"twitter:site\" content=\"@Notibras\" \/>\n<meta name=\"twitter:label1\" content=\"Escrito por\" \/>\n\t<meta name=\"twitter:data1\" content=\"Reda\u00e7\u00e3o\" \/>\n\t<meta name=\"twitter:label2\" content=\"Est. tempo de leitura\" \/>\n\t<meta name=\"twitter:data2\" content=\"2 minutos\" \/>\n<script type=\"application\/ld+json\" class=\"yoast-schema-graph\">{\"@context\":\"https:\/\/schema.org\",\"@graph\":[{\"@type\":\"Article\",\"@id\":\"https:\/\/www.notibras.com\/site\/anubis-o-guardiao-do-alem-na-travessia-egipcia\/#article\",\"isPartOf\":{\"@id\":\"https:\/\/www.notibras.com\/site\/anubis-o-guardiao-do-alem-na-travessia-egipcia\/\"},\"author\":{\"name\":\"Reda\u00e7\u00e3o\",\"@id\":\"https:\/\/www.notibras.com\/site\/#\/schema\/person\/36ab0979449956132d3e5b517ea76ac8\"},\"headline\":\"An\u00fabis, o guardi\u00e3o do al\u00e9m na travessia eg\u00edpcia\",\"datePublished\":\"2025-11-03T08:21:34+00:00\",\"mainEntityOfPage\":{\"@id\":\"https:\/\/www.notibras.com\/site\/anubis-o-guardiao-do-alem-na-travessia-egipcia\/\"},\"wordCount\":343,\"publisher\":{\"@id\":\"https:\/\/www.notibras.com\/site\/#organization\"},\"image\":{\"@id\":\"https:\/\/www.notibras.com\/site\/anubis-o-guardiao-do-alem-na-travessia-egipcia\/#primaryimage\"},\"thumbnailUrl\":\"https:\/\/www.notibras.com\/site\/wp-content\/uploads\/2025\/11\/bd83c4a0-7c68-44e7-83b2-7105c849d472.png\",\"articleSection\":[\"Or\u00e1culos\"],\"inLanguage\":\"pt-BR\"},{\"@type\":\"WebPage\",\"@id\":\"https:\/\/www.notibras.com\/site\/anubis-o-guardiao-do-alem-na-travessia-egipcia\/\",\"url\":\"https:\/\/www.notibras.com\/site\/anubis-o-guardiao-do-alem-na-travessia-egipcia\/\",\"name\":\"An\u00fabis, o guardi\u00e3o do al\u00e9m na travessia eg\u00edpcia - Notibras\",\"isPartOf\":{\"@id\":\"https:\/\/www.notibras.com\/site\/#website\"},\"primaryImageOfPage\":{\"@id\":\"https:\/\/www.notibras.com\/site\/anubis-o-guardiao-do-alem-na-travessia-egipcia\/#primaryimage\"},\"image\":{\"@id\":\"https:\/\/www.notibras.com\/site\/anubis-o-guardiao-do-alem-na-travessia-egipcia\/#primaryimage\"},\"thumbnailUrl\":\"https:\/\/www.notibras.com\/site\/wp-content\/uploads\/2025\/11\/bd83c4a0-7c68-44e7-83b2-7105c849d472.png\",\"datePublished\":\"2025-11-03T08:21:34+00:00\",\"breadcrumb\":{\"@id\":\"https:\/\/www.notibras.com\/site\/anubis-o-guardiao-do-alem-na-travessia-egipcia\/#breadcrumb\"},\"inLanguage\":\"pt-BR\",\"potentialAction\":[{\"@type\":\"ReadAction\",\"target\":[\"https:\/\/www.notibras.com\/site\/anubis-o-guardiao-do-alem-na-travessia-egipcia\/\"]}]},{\"@type\":\"ImageObject\",\"inLanguage\":\"pt-BR\",\"@id\":\"https:\/\/www.notibras.com\/site\/anubis-o-guardiao-do-alem-na-travessia-egipcia\/#primaryimage\",\"url\":\"https:\/\/www.notibras.com\/site\/wp-content\/uploads\/2025\/11\/bd83c4a0-7c68-44e7-83b2-7105c849d472.png\",\"contentUrl\":\"https:\/\/www.notibras.com\/site\/wp-content\/uploads\/2025\/11\/bd83c4a0-7c68-44e7-83b2-7105c849d472.png\",\"width\":1024,\"height\":1536},{\"@type\":\"BreadcrumbList\",\"@id\":\"https:\/\/www.notibras.com\/site\/anubis-o-guardiao-do-alem-na-travessia-egipcia\/#breadcrumb\",\"itemListElement\":[{\"@type\":\"ListItem\",\"position\":1,\"name\":\"In\u00edcio\",\"item\":\"https:\/\/www.notibras.com\/site\/\"},{\"@type\":\"ListItem\",\"position\":2,\"name\":\"An\u00fabis, o guardi\u00e3o do al\u00e9m na travessia eg\u00edpcia\"}]},{\"@type\":\"WebSite\",\"@id\":\"https:\/\/www.notibras.com\/site\/#website\",\"url\":\"https:\/\/www.notibras.com\/site\/\",\"name\":\"Notibras\",\"description\":\"Not\u00edcias de Bras\u00edlia, do Brasil e do Mundo\",\"publisher\":{\"@id\":\"https:\/\/www.notibras.com\/site\/#organization\"},\"potentialAction\":[{\"@type\":\"SearchAction\",\"target\":{\"@type\":\"EntryPoint\",\"urlTemplate\":\"https:\/\/www.notibras.com\/site\/?s={search_term_string}\"},\"query-input\":{\"@type\":\"PropertyValueSpecification\",\"valueRequired\":true,\"valueName\":\"search_term_string\"}}],\"inLanguage\":\"pt-BR\"},{\"@type\":\"Organization\",\"@id\":\"https:\/\/www.notibras.com\/site\/#organization\",\"name\":\"Grupo Notibras de Comunica\u00e7\u00e3o\",\"url\":\"https:\/\/www.notibras.com\/site\/\",\"logo\":{\"@type\":\"ImageObject\",\"inLanguage\":\"pt-BR\",\"@id\":\"https:\/\/www.notibras.com\/site\/#\/schema\/logo\/image\/\",\"url\":\"https:\/\/www.notibras.com\/site\/wp-content\/uploads\/2023\/01\/notibras23.png\",\"contentUrl\":\"https:\/\/www.notibras.com\/site\/wp-content\/uploads\/2023\/01\/notibras23.png\",\"width\":350,\"height\":87,\"caption\":\"Grupo Notibras de Comunica\u00e7\u00e3o\"},\"image\":{\"@id\":\"https:\/\/www.notibras.com\/site\/#\/schema\/logo\/image\/\"},\"sameAs\":[\"https:\/\/www.facebook.com\/notibras\/\",\"https:\/\/x.com\/Notibras\",\"https:\/\/www.instagram.com\/notibras\/\"]},{\"@type\":\"Person\",\"@id\":\"https:\/\/www.notibras.com\/site\/#\/schema\/person\/36ab0979449956132d3e5b517ea76ac8\",\"name\":\"Reda\u00e7\u00e3o\",\"image\":{\"@type\":\"ImageObject\",\"inLanguage\":\"pt-BR\",\"@id\":\"https:\/\/secure.gravatar.com\/avatar\/e0a867bdedb85fd243eadf09663511f96fc81e0720a4a42581f334ad4303aa6b?s=96&d=mm&r=g\",\"url\":\"https:\/\/secure.gravatar.com\/avatar\/e0a867bdedb85fd243eadf09663511f96fc81e0720a4a42581f334ad4303aa6b?s=96&d=mm&r=g\",\"contentUrl\":\"https:\/\/secure.gravatar.com\/avatar\/e0a867bdedb85fd243eadf09663511f96fc81e0720a4a42581f334ad4303aa6b?s=96&d=mm&r=g\",\"caption\":\"Reda\u00e7\u00e3o\"}}]}<\/script>\n<!-- \/ Yoast SEO plugin. -->","yoast_head_json":{"title":"An\u00fabis, o guardi\u00e3o do al\u00e9m na travessia eg\u00edpcia - Notibras","robots":{"index":"index","follow":"follow","max-snippet":"max-snippet:-1","max-image-preview":"max-image-preview:large","max-video-preview":"max-video-preview:-1"},"canonical":"https:\/\/www.notibras.com\/site\/anubis-o-guardiao-do-alem-na-travessia-egipcia\/","og_locale":"pt_BR","og_type":"article","og_title":"An\u00fabis, o guardi\u00e3o do al\u00e9m na travessia eg\u00edpcia - Notibras","og_description":"Na vastid\u00e3o dourada do deserto, onde o Nilo desenha o destino de uma civiliza\u00e7\u00e3o milenar, o Egito antigo ergueu n\u00e3o apenas pir\u00e2mides e templos, mas uma complexa vis\u00e3o sobre a morte. Para os eg\u00edpcios, morrer n\u00e3o era desaparecer \u2014 era renascer em outra forma, atravessar o v\u00e9u do mundo terreno guiado por um deus de [&hellip;]","og_url":"https:\/\/www.notibras.com\/site\/anubis-o-guardiao-do-alem-na-travessia-egipcia\/","og_site_name":"Notibras","article_publisher":"https:\/\/www.facebook.com\/notibras\/","article_published_time":"2025-11-03T08:21:34+00:00","og_image":[{"width":683,"height":1024,"url":"https:\/\/www.notibras.com\/site\/wp-content\/uploads\/2025\/11\/bd83c4a0-7c68-44e7-83b2-7105c849d472-683x1024.png","type":"image\/png"}],"author":"Reda\u00e7\u00e3o","twitter_card":"summary_large_image","twitter_creator":"@Notibras","twitter_site":"@Notibras","twitter_misc":{"Escrito por":"Reda\u00e7\u00e3o","Est. tempo de leitura":"2 minutos"},"schema":{"@context":"https:\/\/schema.org","@graph":[{"@type":"Article","@id":"https:\/\/www.notibras.com\/site\/anubis-o-guardiao-do-alem-na-travessia-egipcia\/#article","isPartOf":{"@id":"https:\/\/www.notibras.com\/site\/anubis-o-guardiao-do-alem-na-travessia-egipcia\/"},"author":{"name":"Reda\u00e7\u00e3o","@id":"https:\/\/www.notibras.com\/site\/#\/schema\/person\/36ab0979449956132d3e5b517ea76ac8"},"headline":"An\u00fabis, o guardi\u00e3o do al\u00e9m na travessia eg\u00edpcia","datePublished":"2025-11-03T08:21:34+00:00","mainEntityOfPage":{"@id":"https:\/\/www.notibras.com\/site\/anubis-o-guardiao-do-alem-na-travessia-egipcia\/"},"wordCount":343,"publisher":{"@id":"https:\/\/www.notibras.com\/site\/#organization"},"image":{"@id":"https:\/\/www.notibras.com\/site\/anubis-o-guardiao-do-alem-na-travessia-egipcia\/#primaryimage"},"thumbnailUrl":"https:\/\/www.notibras.com\/site\/wp-content\/uploads\/2025\/11\/bd83c4a0-7c68-44e7-83b2-7105c849d472.png","articleSection":["Or\u00e1culos"],"inLanguage":"pt-BR"},{"@type":"WebPage","@id":"https:\/\/www.notibras.com\/site\/anubis-o-guardiao-do-alem-na-travessia-egipcia\/","url":"https:\/\/www.notibras.com\/site\/anubis-o-guardiao-do-alem-na-travessia-egipcia\/","name":"An\u00fabis, o guardi\u00e3o do al\u00e9m na travessia eg\u00edpcia - Notibras","isPartOf":{"@id":"https:\/\/www.notibras.com\/site\/#website"},"primaryImageOfPage":{"@id":"https:\/\/www.notibras.com\/site\/anubis-o-guardiao-do-alem-na-travessia-egipcia\/#primaryimage"},"image":{"@id":"https:\/\/www.notibras.com\/site\/anubis-o-guardiao-do-alem-na-travessia-egipcia\/#primaryimage"},"thumbnailUrl":"https:\/\/www.notibras.com\/site\/wp-content\/uploads\/2025\/11\/bd83c4a0-7c68-44e7-83b2-7105c849d472.png","datePublished":"2025-11-03T08:21:34+00:00","breadcrumb":{"@id":"https:\/\/www.notibras.com\/site\/anubis-o-guardiao-do-alem-na-travessia-egipcia\/#breadcrumb"},"inLanguage":"pt-BR","potentialAction":[{"@type":"ReadAction","target":["https:\/\/www.notibras.com\/site\/anubis-o-guardiao-do-alem-na-travessia-egipcia\/"]}]},{"@type":"ImageObject","inLanguage":"pt-BR","@id":"https:\/\/www.notibras.com\/site\/anubis-o-guardiao-do-alem-na-travessia-egipcia\/#primaryimage","url":"https:\/\/www.notibras.com\/site\/wp-content\/uploads\/2025\/11\/bd83c4a0-7c68-44e7-83b2-7105c849d472.png","contentUrl":"https:\/\/www.notibras.com\/site\/wp-content\/uploads\/2025\/11\/bd83c4a0-7c68-44e7-83b2-7105c849d472.png","width":1024,"height":1536},{"@type":"BreadcrumbList","@id":"https:\/\/www.notibras.com\/site\/anubis-o-guardiao-do-alem-na-travessia-egipcia\/#breadcrumb","itemListElement":[{"@type":"ListItem","position":1,"name":"In\u00edcio","item":"https:\/\/www.notibras.com\/site\/"},{"@type":"ListItem","position":2,"name":"An\u00fabis, o guardi\u00e3o do al\u00e9m na travessia eg\u00edpcia"}]},{"@type":"WebSite","@id":"https:\/\/www.notibras.com\/site\/#website","url":"https:\/\/www.notibras.com\/site\/","name":"Notibras","description":"Not\u00edcias de Bras\u00edlia, do Brasil e do Mundo","publisher":{"@id":"https:\/\/www.notibras.com\/site\/#organization"},"potentialAction":[{"@type":"SearchAction","target":{"@type":"EntryPoint","urlTemplate":"https:\/\/www.notibras.com\/site\/?s={search_term_string}"},"query-input":{"@type":"PropertyValueSpecification","valueRequired":true,"valueName":"search_term_string"}}],"inLanguage":"pt-BR"},{"@type":"Organization","@id":"https:\/\/www.notibras.com\/site\/#organization","name":"Grupo Notibras de Comunica\u00e7\u00e3o","url":"https:\/\/www.notibras.com\/site\/","logo":{"@type":"ImageObject","inLanguage":"pt-BR","@id":"https:\/\/www.notibras.com\/site\/#\/schema\/logo\/image\/","url":"https:\/\/www.notibras.com\/site\/wp-content\/uploads\/2023\/01\/notibras23.png","contentUrl":"https:\/\/www.notibras.com\/site\/wp-content\/uploads\/2023\/01\/notibras23.png","width":350,"height":87,"caption":"Grupo Notibras de Comunica\u00e7\u00e3o"},"image":{"@id":"https:\/\/www.notibras.com\/site\/#\/schema\/logo\/image\/"},"sameAs":["https:\/\/www.facebook.com\/notibras\/","https:\/\/x.com\/Notibras","https:\/\/www.instagram.com\/notibras\/"]},{"@type":"Person","@id":"https:\/\/www.notibras.com\/site\/#\/schema\/person\/36ab0979449956132d3e5b517ea76ac8","name":"Reda\u00e7\u00e3o","image":{"@type":"ImageObject","inLanguage":"pt-BR","@id":"https:\/\/secure.gravatar.com\/avatar\/e0a867bdedb85fd243eadf09663511f96fc81e0720a4a42581f334ad4303aa6b?s=96&d=mm&r=g","url":"https:\/\/secure.gravatar.com\/avatar\/e0a867bdedb85fd243eadf09663511f96fc81e0720a4a42581f334ad4303aa6b?s=96&d=mm&r=g","contentUrl":"https:\/\/secure.gravatar.com\/avatar\/e0a867bdedb85fd243eadf09663511f96fc81e0720a4a42581f334ad4303aa6b?s=96&d=mm&r=g","caption":"Reda\u00e7\u00e3o"}}]}},"amp_enabled":true,"_links":{"self":[{"href":"https:\/\/www.notibras.com\/site\/wp-json\/wp\/v2\/posts\/369354","targetHints":{"allow":["GET"]}}],"collection":[{"href":"https:\/\/www.notibras.com\/site\/wp-json\/wp\/v2\/posts"}],"about":[{"href":"https:\/\/www.notibras.com\/site\/wp-json\/wp\/v2\/types\/post"}],"author":[{"embeddable":true,"href":"https:\/\/www.notibras.com\/site\/wp-json\/wp\/v2\/users\/2"}],"replies":[{"embeddable":true,"href":"https:\/\/www.notibras.com\/site\/wp-json\/wp\/v2\/comments?post=369354"}],"version-history":[{"count":1,"href":"https:\/\/www.notibras.com\/site\/wp-json\/wp\/v2\/posts\/369354\/revisions"}],"predecessor-version":[{"id":369356,"href":"https:\/\/www.notibras.com\/site\/wp-json\/wp\/v2\/posts\/369354\/revisions\/369356"}],"wp:featuredmedia":[{"embeddable":true,"href":"https:\/\/www.notibras.com\/site\/wp-json\/wp\/v2\/media\/369355"}],"wp:attachment":[{"href":"https:\/\/www.notibras.com\/site\/wp-json\/wp\/v2\/media?parent=369354"}],"wp:term":[{"taxonomy":"category","embeddable":true,"href":"https:\/\/www.notibras.com\/site\/wp-json\/wp\/v2\/categories?post=369354"},{"taxonomy":"post_tag","embeddable":true,"href":"https:\/\/www.notibras.com\/site\/wp-json\/wp\/v2\/tags?post=369354"}],"curies":[{"name":"wp","href":"https:\/\/api.w.org\/{rel}","templated":true}]}}