{"id":369519,"date":"2025-11-04T06:40:15","date_gmt":"2025-11-04T09:40:15","guid":{"rendered":"https:\/\/www.notibras.com\/site\/?p=369519"},"modified":"2025-11-04T06:41:33","modified_gmt":"2025-11-04T09:41:33","slug":"governo-doa-oculos-para-criancas-atendidas-pela-carretinha-da-saude","status":"publish","type":"post","link":"https:\/\/www.notibras.com\/site\/governo-doa-oculos-para-criancas-atendidas-pela-carretinha-da-saude\/","title":{"rendered":"Governo doa \u00f3culos para crian\u00e7as atendidas pela Carretinha da Sa\u00fade"},"content":{"rendered":"<p>A Secretaria de Estado da Sa\u00fade do Piau\u00ed (Sesapi) realizou mais uma importante a\u00e7\u00e3o voltada ao cuidado com a vis\u00e3o infantil. Foram entregues 95 \u00f3culos de grau a crian\u00e7as atendidas pela Carretinha da Sa\u00fade, projeto que integra o Pacto pelas Crian\u00e7as do Piau\u00ed.<\/p>\n<p>A iniciativa tem como objetivo promover a sa\u00fade ocular e o desenvolvimento integral das crian\u00e7as, garantindo acesso gratuito a consultas oftalmol\u00f3gicas e \u00e0 entrega de \u00f3culos para aquelas que apresentam dificuldade visual.<\/p>\n<p>As crian\u00e7as beneficiadas passaram por consultas na unidade m\u00f3vel da Carretinha da Sa\u00fade, onde foram realizados exames oftalmol\u00f3gicos completos. Ap\u00f3s o diagn\u00f3stico, cada uma p\u00f4de escolher o modelo da arma\u00e7\u00e3o, de forma l\u00fadica e personalizada, tornando o momento ainda mais especial.<\/p>\n<p>Segundo a superintendente de Aten\u00e7\u00e3o Prim\u00e1ria \u00e0 Sa\u00fade e Munic\u00edpios da Sesapi, Leila Santos, a a\u00e7\u00e3o tem impacto direto na vida escolar e social das crian\u00e7as: &#8220;Nosso objetivo \u00e9 proporcionar uma melhor qualidade de vida. Quando uma crian\u00e7a volta a enxergar bem, ela melhora seu rendimento escolar, sua autoestima e o conv\u00edvio em casa e na comunidade\u201d, destacou.<\/p>\n<p>A entrega dos \u00f3culos faz parte das metas do Pacto pelas Crian\u00e7as do Piau\u00ed, uma pol\u00edtica intersetorial voltada \u00e0 primeira inf\u00e2ncia, que re\u00fane a\u00e7\u00f5es nas \u00e1reas de sa\u00fade, educa\u00e7\u00e3o e assist\u00eancia social.<\/p>\n<p>Com a Carretinha da Sa\u00fade, o Governo do Estado leva atendimentos especializados para munic\u00edpios mais distantes, garantindo que o direito \u00e0 sa\u00fade chegue a todas as regi\u00f5es.<\/p>\n<p>Para muitas fam\u00edlias do interior, essa \u00e9 a primeira oportunidade de acesso a um atendimento oftalmol\u00f3gico completo. O gesto simples de receber um par de \u00f3culos representa mudan\u00e7a de rotina e esperan\u00e7a de um futuro melhor.<\/p>\n<p>Pais e m\u00e3es relatam que, com o uso dos \u00f3culos, as crian\u00e7as passam a ter mais concentra\u00e7\u00e3o nas atividades escolares, maior intera\u00e7\u00e3o e menos dificuldade para ler e brincar.<\/p>\n<p>Com a entrega dos 95 \u00f3culos, a Sesapi reafirma o compromisso de cuidar da sa\u00fade visual das crian\u00e7as piauienses e de fortalecer as a\u00e7\u00f5es da aten\u00e7\u00e3o prim\u00e1ria.<\/p>\n<p>O projeto continua percorrendo os munic\u00edpios do estado, ampliando o alcance dos atendimentos e garantindo que mais crian\u00e7as possam enxergar o mundo com nitidez e alegria.<\/p>\n","protected":false},"excerpt":{"rendered":"<p>A Secretaria de Estado da Sa\u00fade do Piau\u00ed (Sesapi) realizou mais uma importante a\u00e7\u00e3o voltada ao cuidado com a vis\u00e3o infantil. Foram entregues 95 \u00f3culos de grau a crian\u00e7as atendidas pela Carretinha da Sa\u00fade, projeto que integra o Pacto pelas Crian\u00e7as do Piau\u00ed. A iniciativa tem como objetivo promover a sa\u00fade ocular e o desenvolvimento [&hellip;]<\/p>\n","protected":false},"author":2,"featured_media":369520,"comment_status":"closed","ping_status":"closed","sticky":false,"template":"","format":"standard","meta":{"_acf_changed":false,"footnotes":""},"categories":[165],"tags":[],"class_list":["post-369519","post","type-post","status-publish","format-standard","has-post-thumbnail","hentry","category-nordeste"],"acf":[],"_links":{"self":[{"href":"https:\/\/www.notibras.com\/site\/wp-json\/wp\/v2\/posts\/369519","targetHints":{"allow":["GET"]}}],"collection":[{"href":"https:\/\/www.notibras.com\/site\/wp-json\/wp\/v2\/posts"}],"about":[{"href":"https:\/\/www.notibras.com\/site\/wp-json\/wp\/v2\/types\/post"}],"author":[{"embeddable":true,"href":"https:\/\/www.notibras.com\/site\/wp-json\/wp\/v2\/users\/2"}],"replies":[{"embeddable":true,"href":"https:\/\/www.notibras.com\/site\/wp-json\/wp\/v2\/comments?post=369519"}],"version-history":[{"count":3,"href":"https:\/\/www.notibras.com\/site\/wp-json\/wp\/v2\/posts\/369519\/revisions"}],"predecessor-version":[{"id":369523,"href":"https:\/\/www.notibras.com\/site\/wp-json\/wp\/v2\/posts\/369519\/revisions\/369523"}],"wp:featuredmedia":[{"embeddable":true,"href":"https:\/\/www.notibras.com\/site\/wp-json\/wp\/v2\/media\/369520"}],"wp:attachment":[{"href":"https:\/\/www.notibras.com\/site\/wp-json\/wp\/v2\/media?parent=369519"}],"wp:term":[{"taxonomy":"category","embeddable":true,"href":"https:\/\/www.notibras.com\/site\/wp-json\/wp\/v2\/categories?post=369519"},{"taxonomy":"post_tag","embeddable":true,"href":"https:\/\/www.notibras.com\/site\/wp-json\/wp\/v2\/tags?post=369519"}],"curies":[{"name":"wp","href":"https:\/\/api.w.org\/{rel}","templated":true}]}}