{"id":369663,"date":"2025-11-05T00:34:53","date_gmt":"2025-11-05T03:34:53","guid":{"rendered":"https:\/\/www.notibras.com\/site\/?p=369663"},"modified":"2025-11-05T05:36:30","modified_gmt":"2025-11-05T08:36:30","slug":"vazamento-de-combustivel-de-avioes-polui-corrego-e-mata-flora-e-fauna","status":"publish","type":"post","link":"https:\/\/www.notibras.com\/site\/vazamento-de-combustivel-de-avioes-polui-corrego-e-mata-flora-e-fauna\/","title":{"rendered":"Vazamento de combust\u00edvel de avi\u00f5es polui c\u00f3rrego e mata flora e fauna"},"content":{"rendered":"<p>Um vazamento de combust\u00edvel de avi\u00f5es atingiu, nesta ter\u00e7a-feira (4), um canal que passa por comunidades pr\u00f3ximas ao Aeroporto Internacional do Recife\/Guararapes \u2013 Gilberto Freyre, na Zona Sul da capital. Moradores relatam que o l\u00edquido esbranqui\u00e7ado e com forte odor come\u00e7ou a aparecer pela manh\u00e3, provocando mau cheiro intenso e a morte de peixes e outros animais aqu\u00e1ticos.<\/p>\n<p>Segundo os moradores do bairro da Imbiribeira, o problema teve in\u00edcio ap\u00f3s uma chuva fraca, quando o combust\u00edvel come\u00e7ou a escorrer por galerias pluviais que desaguam no canal da Lagoa Encantada. \u201cO cheiro \u00e9 muito forte, parece gasolina. A gente n\u00e3o consegue ficar dentro de casa e os peixes come\u00e7aram a morrer logo depois que a \u00e1gua ficou branca\u201d, contou a moradora Maria das Dores, que vive h\u00e1 mais de 20 anos na regi\u00e3o.<\/p>\n<p>Equipes do Corpo de Bombeiros e da Ag\u00eancia Estadual de Meio Ambiente (CPRH) foram acionadas para conter o vazamento e recolher amostras da \u00e1gua. Em nota, a CPRH informou que t\u00e9cnicos est\u00e3o analisando a origem do combust\u00edvel e que medidas emergenciais foram adotadas para reduzir o impacto ambiental. Barreiras de conten\u00e7\u00e3o foram instaladas para evitar que o produto se espalhe por outros trechos do canal.<\/p>\n<p>A administra\u00e7\u00e3o do Aeroporto do Recife, sob responsabilidade da Aena Brasil, confirmou que o vazamento partiu de uma tubula\u00e7\u00e3o usada no abastecimento de aeronaves e que j\u00e1 iniciou procedimentos internos para identificar as causas do incidente. A empresa afirmou ainda que o sistema foi isolado e que o abastecimento est\u00e1 sendo feito de forma segura em \u00e1reas alternativas.<\/p>\n<p>Enquanto isso, moradores continuam preocupados com os riscos \u00e0 sa\u00fade e \u00e0 contamina\u00e7\u00e3o do solo. \u201cTem crian\u00e7a, tem idoso, todo mundo respirando esse cheiro. A gente est\u00e1 com medo de que isso cause doen\u00e7a\u201d, relatou o comerciante Paulo Nascimento.<\/p>\n<p>O Instituto Brasileiro do Meio Ambiente e dos Recursos Naturais Renov\u00e1veis (Ibama) informou que acompanha o caso e poder\u00e1 aplicar san\u00e7\u00f5es caso seja comprovada neglig\u00eancia. A recomenda\u00e7\u00e3o das autoridades \u00e9 evitar o contato com a \u00e1gua at\u00e9 a completa conten\u00e7\u00e3o do vazamento e a limpeza do canal.<\/p>\n","protected":false},"excerpt":{"rendered":"<p>Um vazamento de combust\u00edvel de avi\u00f5es atingiu, nesta ter\u00e7a-feira (4), um canal que passa por comunidades pr\u00f3ximas ao Aeroporto Internacional do Recife\/Guararapes \u2013 Gilberto Freyre, na Zona Sul da capital. Moradores relatam que o l\u00edquido esbranqui\u00e7ado e com forte odor come\u00e7ou a aparecer pela manh\u00e3, provocando mau cheiro intenso e a morte de peixes e [&hellip;]<\/p>\n","protected":false},"author":2,"featured_media":369664,"comment_status":"closed","ping_status":"closed","sticky":false,"template":"","format":"standard","meta":{"_acf_changed":false,"footnotes":""},"categories":[165],"tags":[],"class_list":["post-369663","post","type-post","status-publish","format-standard","has-post-thumbnail","hentry","category-nordeste"],"acf":[],"_links":{"self":[{"href":"https:\/\/www.notibras.com\/site\/wp-json\/wp\/v2\/posts\/369663","targetHints":{"allow":["GET"]}}],"collection":[{"href":"https:\/\/www.notibras.com\/site\/wp-json\/wp\/v2\/posts"}],"about":[{"href":"https:\/\/www.notibras.com\/site\/wp-json\/wp\/v2\/types\/post"}],"author":[{"embeddable":true,"href":"https:\/\/www.notibras.com\/site\/wp-json\/wp\/v2\/users\/2"}],"replies":[{"embeddable":true,"href":"https:\/\/www.notibras.com\/site\/wp-json\/wp\/v2\/comments?post=369663"}],"version-history":[{"count":1,"href":"https:\/\/www.notibras.com\/site\/wp-json\/wp\/v2\/posts\/369663\/revisions"}],"predecessor-version":[{"id":369665,"href":"https:\/\/www.notibras.com\/site\/wp-json\/wp\/v2\/posts\/369663\/revisions\/369665"}],"wp:featuredmedia":[{"embeddable":true,"href":"https:\/\/www.notibras.com\/site\/wp-json\/wp\/v2\/media\/369664"}],"wp:attachment":[{"href":"https:\/\/www.notibras.com\/site\/wp-json\/wp\/v2\/media?parent=369663"}],"wp:term":[{"taxonomy":"category","embeddable":true,"href":"https:\/\/www.notibras.com\/site\/wp-json\/wp\/v2\/categories?post=369663"},{"taxonomy":"post_tag","embeddable":true,"href":"https:\/\/www.notibras.com\/site\/wp-json\/wp\/v2\/tags?post=369663"}],"curies":[{"name":"wp","href":"https:\/\/api.w.org\/{rel}","templated":true}]}}