{"id":369672,"date":"2025-11-05T06:33:56","date_gmt":"2025-11-05T09:33:56","guid":{"rendered":"https:\/\/www.notibras.com\/site\/?p=369672"},"modified":"2025-11-05T06:33:56","modified_gmt":"2025-11-05T09:33:56","slug":"a-fragrancia-sagrada-que-atravessa-milenios","status":"publish","type":"post","link":"https:\/\/www.notibras.com\/site\/a-fragrancia-sagrada-que-atravessa-milenios\/","title":{"rendered":"A fragr\u00e2ncia sagrada que atravessa mil\u00eanios"},"content":{"rendered":"<p data-start=\"160\" data-end=\"466\">Desde os primeiros sopros da civiliza\u00e7\u00e3o, a humanidade buscou na fuma\u00e7a do incenso uma ponte entre o vis\u00edvel e o invis\u00edvel. Antes mesmo das palavras organizarem a f\u00e9, o perfume que se elevava ao c\u00e9u j\u00e1 traduzia a linguagem do sagrado \u2014 uma oferenda et\u00e9rea, que ascendia em espirais rumo ao mist\u00e9rio divino.<\/p>\n<p data-start=\"503\" data-end=\"903\">No Egito, os sacerdotes queimavam resinas de ol\u00edbano e mirra diante das est\u00e1tuas dos deuses. Acreditava-se que o aroma purificava o templo e o esp\u00edrito, afastando impurezas e aproximando os homens dos deuses. Em papiros e relevos, h\u00e1 registros de f\u00f3rmulas secretas de incensos usados em rituais de inicia\u00e7\u00e3o, nos quais o perfume era mais do que um ornamento \u2014 era um canal energ\u00e9tico entre os planos.<\/p>\n<p data-start=\"905\" data-end=\"1250\">Na \u00cdndia, o uso do <em data-start=\"924\" data-end=\"931\">dhupa<\/em> acompanha os Vedas, textos sagrados que datam de mais de 3.000 anos. Cada ess\u00eancia representava um aspecto do divino: o s\u00e2ndalo para a sabedoria, o jasmim para o amor, o patchouli para a for\u00e7a vital. Queimar incenso era \u2014 e ainda \u00e9 \u2014 um ato de consagra\u00e7\u00e3o da mente e do ambiente, preparando o terreno para a medita\u00e7\u00e3o.<\/p>\n<p data-start=\"1252\" data-end=\"1597\">Na China ancestral, o incenso assumiu papel filos\u00f3fico. Conf\u00facio o via como s\u00edmbolo de disciplina e harmonia, enquanto o taoismo o adotou como instrumento para equilibrar o <em data-start=\"1425\" data-end=\"1429\">qi<\/em>, a energia vital. J\u00e1 em Roma e na Gr\u00e9cia, era comum que o fumo arom\u00e1tico acompanhasse os sacrif\u00edcios, levando os pedidos humanos aos c\u00e9us como um mensageiro perfumado.<\/p>\n<p data-start=\"1639\" data-end=\"2034\">Com o avan\u00e7o do cristianismo, o incenso foi incorporado \u00e0s liturgias como sinal de santifica\u00e7\u00e3o e ascens\u00e3o espiritual. Nos mosteiros, ervas e resinas eram misturadas com arte alqu\u00edmica, buscando o equil\u00edbrio entre Terra e Esp\u00edrito. Enquanto a fuma\u00e7a subia, acreditava-se que as ora\u00e7\u00f5es tamb\u00e9m se elevavam \u2014 uma met\u00e1fora que atravessou s\u00e9culos e se manteve nas catedrais e nos templos do Oriente.<\/p>\n<p data-start=\"2036\" data-end=\"2331\">Durante o Renascimento, alquimistas e magos naturais redescobriram o incenso sob uma \u00f3tica simb\u00f3lica. As fragr\u00e2ncias eram associadas aos planetas, aos elementos e \u00e0s for\u00e7as astrais. Queimar certas resinas, dizia-se, podia abrir portais de intui\u00e7\u00e3o ou favorecer a comunica\u00e7\u00e3o com os planos sutis.<\/p>\n<p data-start=\"2366\" data-end=\"2745\">A partir do s\u00e9culo XIX, com o florescimento das escolas esot\u00e9ricas europeias e do espiritualismo orientalista, o incenso voltou a ocupar lugar de destaque. Te\u00f3sofos, ocultistas e m\u00edsticos modernos o viram como ferramenta de concentra\u00e7\u00e3o e purifica\u00e7\u00e3o energ\u00e9tica. O aroma tornou-se parte das pr\u00e1ticas de medita\u00e7\u00e3o, dos rituais herm\u00e9ticos e da busca interior t\u00edpica da era moderna.<\/p>\n<p data-start=\"2747\" data-end=\"3062\">Hoje, no s\u00e9culo XXI, o incenso ainda cumpre a mesma fun\u00e7\u00e3o que tinha nas pir\u00e2mides e nos templos antigos: transformar o ambiente em santu\u00e1rio, e o instante em sil\u00eancio sagrado. Seja em um altar dom\u00e9stico ou em uma cerim\u00f4nia espiritual, sua fuma\u00e7a continua a desenhar no ar o caminho da alma em dire\u00e7\u00e3o ao invis\u00edvel.<\/p>\n<p data-start=\"3110\" data-end=\"3395\">Mais do que simples fragr\u00e2ncia, o incenso \u00e9 mem\u00f3ria da espiritualidade humana. \u00c9 a lembran\u00e7a de que o invis\u00edvel pode ser sentido \u2014 n\u00e3o apenas compreendido. Em cada bast\u00e3o aceso, revive o gesto ancestral de acender o esp\u00edrito, deixando que o perfume fale o que as palavras n\u00e3o alcan\u00e7am.<\/p>\n<p data-start=\"3110\" data-end=\"3395\">&#8230;&#8230;&#8230;&#8230;&#8230;&#8230;..<\/p>\n<p data-start=\"3110\" data-end=\"3395\"><strong>Anabelle Santa&#8217;cruz \u00e9 Editora de Or\u00e1culos<\/strong><\/p>\n","protected":false},"excerpt":{"rendered":"<p>Desde os primeiros sopros da civiliza\u00e7\u00e3o, a humanidade buscou na fuma\u00e7a do incenso uma ponte entre o vis\u00edvel e o invis\u00edvel. Antes mesmo das palavras organizarem a f\u00e9, o perfume que se elevava ao c\u00e9u j\u00e1 traduzia a linguagem do sagrado \u2014 uma oferenda et\u00e9rea, que ascendia em espirais rumo ao mist\u00e9rio divino. No Egito, [&hellip;]<\/p>\n","protected":false},"author":2,"featured_media":369673,"comment_status":"closed","ping_status":"closed","sticky":false,"template":"","format":"standard","meta":{"_acf_changed":false,"footnotes":""},"categories":[237],"tags":[],"class_list":["post-369672","post","type-post","status-publish","format-standard","has-post-thumbnail","hentry","category-oraculos"],"acf":[],"yoast_head":"<!-- This site is optimized with the Yoast SEO plugin v27.2 - https:\/\/yoast.com\/product\/yoast-seo-wordpress\/ -->\n<title>A fragr\u00e2ncia sagrada que atravessa mil\u00eanios - Notibras<\/title>\n<meta name=\"robots\" content=\"index, follow, max-snippet:-1, max-image-preview:large, max-video-preview:-1\" \/>\n<link rel=\"canonical\" href=\"https:\/\/www.notibras.com\/site\/a-fragrancia-sagrada-que-atravessa-milenios\/\" \/>\n<meta property=\"og:locale\" content=\"pt_BR\" \/>\n<meta property=\"og:type\" content=\"article\" \/>\n<meta property=\"og:title\" content=\"A fragr\u00e2ncia sagrada que atravessa mil\u00eanios - Notibras\" \/>\n<meta property=\"og:description\" content=\"Desde os primeiros sopros da civiliza\u00e7\u00e3o, a humanidade buscou na fuma\u00e7a do incenso uma ponte entre o vis\u00edvel e o invis\u00edvel. Antes mesmo das palavras organizarem a f\u00e9, o perfume que se elevava ao c\u00e9u j\u00e1 traduzia a linguagem do sagrado \u2014 uma oferenda et\u00e9rea, que ascendia em espirais rumo ao mist\u00e9rio divino. No Egito, [&hellip;]\" \/>\n<meta property=\"og:url\" content=\"https:\/\/www.notibras.com\/site\/a-fragrancia-sagrada-que-atravessa-milenios\/\" \/>\n<meta property=\"og:site_name\" content=\"Notibras\" \/>\n<meta property=\"article:publisher\" content=\"https:\/\/www.facebook.com\/notibras\/\" \/>\n<meta property=\"article:published_time\" content=\"2025-11-05T09:33:56+00:00\" \/>\n<meta property=\"og:image\" content=\"https:\/\/www.notibras.com\/site\/wp-content\/uploads\/2025\/11\/2791f765-bb33-490b-a1f9-c1be0f22521e-683x1024.png\" \/>\n\t<meta property=\"og:image:width\" content=\"683\" \/>\n\t<meta property=\"og:image:height\" content=\"1024\" \/>\n\t<meta property=\"og:image:type\" content=\"image\/png\" \/>\n<meta name=\"author\" content=\"Reda\u00e7\u00e3o\" \/>\n<meta name=\"twitter:card\" content=\"summary_large_image\" \/>\n<meta name=\"twitter:creator\" content=\"@Notibras\" \/>\n<meta name=\"twitter:site\" content=\"@Notibras\" \/>\n<meta name=\"twitter:label1\" content=\"Escrito por\" \/>\n\t<meta name=\"twitter:data1\" content=\"Reda\u00e7\u00e3o\" \/>\n\t<meta name=\"twitter:label2\" content=\"Est. tempo de leitura\" \/>\n\t<meta name=\"twitter:data2\" content=\"4 minutos\" \/>\n<script type=\"application\/ld+json\" class=\"yoast-schema-graph\">{\"@context\":\"https:\/\/schema.org\",\"@graph\":[{\"@type\":\"Article\",\"@id\":\"https:\/\/www.notibras.com\/site\/a-fragrancia-sagrada-que-atravessa-milenios\/#article\",\"isPartOf\":{\"@id\":\"https:\/\/www.notibras.com\/site\/a-fragrancia-sagrada-que-atravessa-milenios\/\"},\"author\":{\"name\":\"Reda\u00e7\u00e3o\",\"@id\":\"https:\/\/www.notibras.com\/site\/#\/schema\/person\/36ab0979449956132d3e5b517ea76ac8\"},\"headline\":\"A fragr\u00e2ncia sagrada que atravessa mil\u00eanios\",\"datePublished\":\"2025-11-05T09:33:56+00:00\",\"mainEntityOfPage\":{\"@id\":\"https:\/\/www.notibras.com\/site\/a-fragrancia-sagrada-que-atravessa-milenios\/\"},\"wordCount\":581,\"publisher\":{\"@id\":\"https:\/\/www.notibras.com\/site\/#organization\"},\"image\":{\"@id\":\"https:\/\/www.notibras.com\/site\/a-fragrancia-sagrada-que-atravessa-milenios\/#primaryimage\"},\"thumbnailUrl\":\"https:\/\/www.notibras.com\/site\/wp-content\/uploads\/2025\/11\/2791f765-bb33-490b-a1f9-c1be0f22521e.png\",\"articleSection\":[\"Or\u00e1culos\"],\"inLanguage\":\"pt-BR\"},{\"@type\":\"WebPage\",\"@id\":\"https:\/\/www.notibras.com\/site\/a-fragrancia-sagrada-que-atravessa-milenios\/\",\"url\":\"https:\/\/www.notibras.com\/site\/a-fragrancia-sagrada-que-atravessa-milenios\/\",\"name\":\"A fragr\u00e2ncia sagrada que atravessa mil\u00eanios - Notibras\",\"isPartOf\":{\"@id\":\"https:\/\/www.notibras.com\/site\/#website\"},\"primaryImageOfPage\":{\"@id\":\"https:\/\/www.notibras.com\/site\/a-fragrancia-sagrada-que-atravessa-milenios\/#primaryimage\"},\"image\":{\"@id\":\"https:\/\/www.notibras.com\/site\/a-fragrancia-sagrada-que-atravessa-milenios\/#primaryimage\"},\"thumbnailUrl\":\"https:\/\/www.notibras.com\/site\/wp-content\/uploads\/2025\/11\/2791f765-bb33-490b-a1f9-c1be0f22521e.png\",\"datePublished\":\"2025-11-05T09:33:56+00:00\",\"breadcrumb\":{\"@id\":\"https:\/\/www.notibras.com\/site\/a-fragrancia-sagrada-que-atravessa-milenios\/#breadcrumb\"},\"inLanguage\":\"pt-BR\",\"potentialAction\":[{\"@type\":\"ReadAction\",\"target\":[\"https:\/\/www.notibras.com\/site\/a-fragrancia-sagrada-que-atravessa-milenios\/\"]}]},{\"@type\":\"ImageObject\",\"inLanguage\":\"pt-BR\",\"@id\":\"https:\/\/www.notibras.com\/site\/a-fragrancia-sagrada-que-atravessa-milenios\/#primaryimage\",\"url\":\"https:\/\/www.notibras.com\/site\/wp-content\/uploads\/2025\/11\/2791f765-bb33-490b-a1f9-c1be0f22521e.png\",\"contentUrl\":\"https:\/\/www.notibras.com\/site\/wp-content\/uploads\/2025\/11\/2791f765-bb33-490b-a1f9-c1be0f22521e.png\",\"width\":1024,\"height\":1536},{\"@type\":\"BreadcrumbList\",\"@id\":\"https:\/\/www.notibras.com\/site\/a-fragrancia-sagrada-que-atravessa-milenios\/#breadcrumb\",\"itemListElement\":[{\"@type\":\"ListItem\",\"position\":1,\"name\":\"In\u00edcio\",\"item\":\"https:\/\/www.notibras.com\/site\/\"},{\"@type\":\"ListItem\",\"position\":2,\"name\":\"A fragr\u00e2ncia sagrada que atravessa mil\u00eanios\"}]},{\"@type\":\"WebSite\",\"@id\":\"https:\/\/www.notibras.com\/site\/#website\",\"url\":\"https:\/\/www.notibras.com\/site\/\",\"name\":\"Notibras\",\"description\":\"Not\u00edcias de Bras\u00edlia, do Brasil e do Mundo\",\"publisher\":{\"@id\":\"https:\/\/www.notibras.com\/site\/#organization\"},\"potentialAction\":[{\"@type\":\"SearchAction\",\"target\":{\"@type\":\"EntryPoint\",\"urlTemplate\":\"https:\/\/www.notibras.com\/site\/?s={search_term_string}\"},\"query-input\":{\"@type\":\"PropertyValueSpecification\",\"valueRequired\":true,\"valueName\":\"search_term_string\"}}],\"inLanguage\":\"pt-BR\"},{\"@type\":\"Organization\",\"@id\":\"https:\/\/www.notibras.com\/site\/#organization\",\"name\":\"Grupo Notibras de Comunica\u00e7\u00e3o\",\"url\":\"https:\/\/www.notibras.com\/site\/\",\"logo\":{\"@type\":\"ImageObject\",\"inLanguage\":\"pt-BR\",\"@id\":\"https:\/\/www.notibras.com\/site\/#\/schema\/logo\/image\/\",\"url\":\"https:\/\/www.notibras.com\/site\/wp-content\/uploads\/2023\/01\/notibras23.png\",\"contentUrl\":\"https:\/\/www.notibras.com\/site\/wp-content\/uploads\/2023\/01\/notibras23.png\",\"width\":350,\"height\":87,\"caption\":\"Grupo Notibras de Comunica\u00e7\u00e3o\"},\"image\":{\"@id\":\"https:\/\/www.notibras.com\/site\/#\/schema\/logo\/image\/\"},\"sameAs\":[\"https:\/\/www.facebook.com\/notibras\/\",\"https:\/\/x.com\/Notibras\",\"https:\/\/www.instagram.com\/notibras\/\"]},{\"@type\":\"Person\",\"@id\":\"https:\/\/www.notibras.com\/site\/#\/schema\/person\/36ab0979449956132d3e5b517ea76ac8\",\"name\":\"Reda\u00e7\u00e3o\",\"image\":{\"@type\":\"ImageObject\",\"inLanguage\":\"pt-BR\",\"@id\":\"https:\/\/secure.gravatar.com\/avatar\/e0a867bdedb85fd243eadf09663511f96fc81e0720a4a42581f334ad4303aa6b?s=96&d=mm&r=g\",\"url\":\"https:\/\/secure.gravatar.com\/avatar\/e0a867bdedb85fd243eadf09663511f96fc81e0720a4a42581f334ad4303aa6b?s=96&d=mm&r=g\",\"contentUrl\":\"https:\/\/secure.gravatar.com\/avatar\/e0a867bdedb85fd243eadf09663511f96fc81e0720a4a42581f334ad4303aa6b?s=96&d=mm&r=g\",\"caption\":\"Reda\u00e7\u00e3o\"}}]}<\/script>\n<!-- \/ Yoast SEO plugin. -->","yoast_head_json":{"title":"A fragr\u00e2ncia sagrada que atravessa mil\u00eanios - Notibras","robots":{"index":"index","follow":"follow","max-snippet":"max-snippet:-1","max-image-preview":"max-image-preview:large","max-video-preview":"max-video-preview:-1"},"canonical":"https:\/\/www.notibras.com\/site\/a-fragrancia-sagrada-que-atravessa-milenios\/","og_locale":"pt_BR","og_type":"article","og_title":"A fragr\u00e2ncia sagrada que atravessa mil\u00eanios - Notibras","og_description":"Desde os primeiros sopros da civiliza\u00e7\u00e3o, a humanidade buscou na fuma\u00e7a do incenso uma ponte entre o vis\u00edvel e o invis\u00edvel. Antes mesmo das palavras organizarem a f\u00e9, o perfume que se elevava ao c\u00e9u j\u00e1 traduzia a linguagem do sagrado \u2014 uma oferenda et\u00e9rea, que ascendia em espirais rumo ao mist\u00e9rio divino. No Egito, [&hellip;]","og_url":"https:\/\/www.notibras.com\/site\/a-fragrancia-sagrada-que-atravessa-milenios\/","og_site_name":"Notibras","article_publisher":"https:\/\/www.facebook.com\/notibras\/","article_published_time":"2025-11-05T09:33:56+00:00","og_image":[{"width":683,"height":1024,"url":"https:\/\/www.notibras.com\/site\/wp-content\/uploads\/2025\/11\/2791f765-bb33-490b-a1f9-c1be0f22521e-683x1024.png","type":"image\/png"}],"author":"Reda\u00e7\u00e3o","twitter_card":"summary_large_image","twitter_creator":"@Notibras","twitter_site":"@Notibras","twitter_misc":{"Escrito por":"Reda\u00e7\u00e3o","Est. tempo de leitura":"4 minutos"},"schema":{"@context":"https:\/\/schema.org","@graph":[{"@type":"Article","@id":"https:\/\/www.notibras.com\/site\/a-fragrancia-sagrada-que-atravessa-milenios\/#article","isPartOf":{"@id":"https:\/\/www.notibras.com\/site\/a-fragrancia-sagrada-que-atravessa-milenios\/"},"author":{"name":"Reda\u00e7\u00e3o","@id":"https:\/\/www.notibras.com\/site\/#\/schema\/person\/36ab0979449956132d3e5b517ea76ac8"},"headline":"A fragr\u00e2ncia sagrada que atravessa mil\u00eanios","datePublished":"2025-11-05T09:33:56+00:00","mainEntityOfPage":{"@id":"https:\/\/www.notibras.com\/site\/a-fragrancia-sagrada-que-atravessa-milenios\/"},"wordCount":581,"publisher":{"@id":"https:\/\/www.notibras.com\/site\/#organization"},"image":{"@id":"https:\/\/www.notibras.com\/site\/a-fragrancia-sagrada-que-atravessa-milenios\/#primaryimage"},"thumbnailUrl":"https:\/\/www.notibras.com\/site\/wp-content\/uploads\/2025\/11\/2791f765-bb33-490b-a1f9-c1be0f22521e.png","articleSection":["Or\u00e1culos"],"inLanguage":"pt-BR"},{"@type":"WebPage","@id":"https:\/\/www.notibras.com\/site\/a-fragrancia-sagrada-que-atravessa-milenios\/","url":"https:\/\/www.notibras.com\/site\/a-fragrancia-sagrada-que-atravessa-milenios\/","name":"A fragr\u00e2ncia sagrada que atravessa mil\u00eanios - Notibras","isPartOf":{"@id":"https:\/\/www.notibras.com\/site\/#website"},"primaryImageOfPage":{"@id":"https:\/\/www.notibras.com\/site\/a-fragrancia-sagrada-que-atravessa-milenios\/#primaryimage"},"image":{"@id":"https:\/\/www.notibras.com\/site\/a-fragrancia-sagrada-que-atravessa-milenios\/#primaryimage"},"thumbnailUrl":"https:\/\/www.notibras.com\/site\/wp-content\/uploads\/2025\/11\/2791f765-bb33-490b-a1f9-c1be0f22521e.png","datePublished":"2025-11-05T09:33:56+00:00","breadcrumb":{"@id":"https:\/\/www.notibras.com\/site\/a-fragrancia-sagrada-que-atravessa-milenios\/#breadcrumb"},"inLanguage":"pt-BR","potentialAction":[{"@type":"ReadAction","target":["https:\/\/www.notibras.com\/site\/a-fragrancia-sagrada-que-atravessa-milenios\/"]}]},{"@type":"ImageObject","inLanguage":"pt-BR","@id":"https:\/\/www.notibras.com\/site\/a-fragrancia-sagrada-que-atravessa-milenios\/#primaryimage","url":"https:\/\/www.notibras.com\/site\/wp-content\/uploads\/2025\/11\/2791f765-bb33-490b-a1f9-c1be0f22521e.png","contentUrl":"https:\/\/www.notibras.com\/site\/wp-content\/uploads\/2025\/11\/2791f765-bb33-490b-a1f9-c1be0f22521e.png","width":1024,"height":1536},{"@type":"BreadcrumbList","@id":"https:\/\/www.notibras.com\/site\/a-fragrancia-sagrada-que-atravessa-milenios\/#breadcrumb","itemListElement":[{"@type":"ListItem","position":1,"name":"In\u00edcio","item":"https:\/\/www.notibras.com\/site\/"},{"@type":"ListItem","position":2,"name":"A fragr\u00e2ncia sagrada que atravessa mil\u00eanios"}]},{"@type":"WebSite","@id":"https:\/\/www.notibras.com\/site\/#website","url":"https:\/\/www.notibras.com\/site\/","name":"Notibras","description":"Not\u00edcias de Bras\u00edlia, do Brasil e do Mundo","publisher":{"@id":"https:\/\/www.notibras.com\/site\/#organization"},"potentialAction":[{"@type":"SearchAction","target":{"@type":"EntryPoint","urlTemplate":"https:\/\/www.notibras.com\/site\/?s={search_term_string}"},"query-input":{"@type":"PropertyValueSpecification","valueRequired":true,"valueName":"search_term_string"}}],"inLanguage":"pt-BR"},{"@type":"Organization","@id":"https:\/\/www.notibras.com\/site\/#organization","name":"Grupo Notibras de Comunica\u00e7\u00e3o","url":"https:\/\/www.notibras.com\/site\/","logo":{"@type":"ImageObject","inLanguage":"pt-BR","@id":"https:\/\/www.notibras.com\/site\/#\/schema\/logo\/image\/","url":"https:\/\/www.notibras.com\/site\/wp-content\/uploads\/2023\/01\/notibras23.png","contentUrl":"https:\/\/www.notibras.com\/site\/wp-content\/uploads\/2023\/01\/notibras23.png","width":350,"height":87,"caption":"Grupo Notibras de Comunica\u00e7\u00e3o"},"image":{"@id":"https:\/\/www.notibras.com\/site\/#\/schema\/logo\/image\/"},"sameAs":["https:\/\/www.facebook.com\/notibras\/","https:\/\/x.com\/Notibras","https:\/\/www.instagram.com\/notibras\/"]},{"@type":"Person","@id":"https:\/\/www.notibras.com\/site\/#\/schema\/person\/36ab0979449956132d3e5b517ea76ac8","name":"Reda\u00e7\u00e3o","image":{"@type":"ImageObject","inLanguage":"pt-BR","@id":"https:\/\/secure.gravatar.com\/avatar\/e0a867bdedb85fd243eadf09663511f96fc81e0720a4a42581f334ad4303aa6b?s=96&d=mm&r=g","url":"https:\/\/secure.gravatar.com\/avatar\/e0a867bdedb85fd243eadf09663511f96fc81e0720a4a42581f334ad4303aa6b?s=96&d=mm&r=g","contentUrl":"https:\/\/secure.gravatar.com\/avatar\/e0a867bdedb85fd243eadf09663511f96fc81e0720a4a42581f334ad4303aa6b?s=96&d=mm&r=g","caption":"Reda\u00e7\u00e3o"}}]}},"amp_enabled":true,"_links":{"self":[{"href":"https:\/\/www.notibras.com\/site\/wp-json\/wp\/v2\/posts\/369672","targetHints":{"allow":["GET"]}}],"collection":[{"href":"https:\/\/www.notibras.com\/site\/wp-json\/wp\/v2\/posts"}],"about":[{"href":"https:\/\/www.notibras.com\/site\/wp-json\/wp\/v2\/types\/post"}],"author":[{"embeddable":true,"href":"https:\/\/www.notibras.com\/site\/wp-json\/wp\/v2\/users\/2"}],"replies":[{"embeddable":true,"href":"https:\/\/www.notibras.com\/site\/wp-json\/wp\/v2\/comments?post=369672"}],"version-history":[{"count":1,"href":"https:\/\/www.notibras.com\/site\/wp-json\/wp\/v2\/posts\/369672\/revisions"}],"predecessor-version":[{"id":369674,"href":"https:\/\/www.notibras.com\/site\/wp-json\/wp\/v2\/posts\/369672\/revisions\/369674"}],"wp:featuredmedia":[{"embeddable":true,"href":"https:\/\/www.notibras.com\/site\/wp-json\/wp\/v2\/media\/369673"}],"wp:attachment":[{"href":"https:\/\/www.notibras.com\/site\/wp-json\/wp\/v2\/media?parent=369672"}],"wp:term":[{"taxonomy":"category","embeddable":true,"href":"https:\/\/www.notibras.com\/site\/wp-json\/wp\/v2\/categories?post=369672"},{"taxonomy":"post_tag","embeddable":true,"href":"https:\/\/www.notibras.com\/site\/wp-json\/wp\/v2\/tags?post=369672"}],"curies":[{"name":"wp","href":"https:\/\/api.w.org\/{rel}","templated":true}]}}