{"id":36979,"date":"2015-02-13T10:29:38","date_gmt":"2015-02-13T13:29:38","guid":{"rendered":"http:\/\/www.notibras.com\/site\/?p=36979"},"modified":"2015-02-13T14:49:59","modified_gmt":"2015-02-13T17:49:59","slug":"rapaz-avisa-pelo-face-pega-arma-mata-ex-e-se-suicida","status":"publish","type":"post","link":"https:\/\/www.notibras.com\/site\/rapaz-avisa-pelo-face-pega-arma-mata-ex-e-se-suicida\/","title":{"rendered":"Rapaz avisa pelo Face, pega arma, mata a ex e se suicida"},"content":{"rendered":"<p class=\"text\">Um crime com tra\u00e7os passionais chocou os moradores de Bauru, no interior de S\u00e3o Paulo, na quinta-feira 12. Um homem de 38 anos matou a ex-namorada, de 25, com um tiro na testa. Depois cometeu suic\u00eddio, tamb\u00e9m com um tiro na cabe\u00e7a. O crime aconteceu no escrit\u00f3rio de advocacia onde a jovem trabalhava no Jardim Bela Vista, por volta das 11h30.<\/p>\n<p class=\"text\">Evandro Jos\u00e9 Siqueira n\u00e3o aceitava o t\u00e9rmino do relacionamento com Daniela Pavanelo Segantin. O casal chegou a morar junto na casa dele.<\/p>\n<p class=\"text\">Pouco tempo antes do ocorrido Evandro, que trabalhava em uma concession\u00e1ria de carros, publicou em sua p\u00e1gina pessoal no Facebook uma mensagem tentando justificar o crime e as raz\u00f5es pelas quais tomaria tal atitude. Al\u00e9m disso, deixou orienta\u00e7\u00f5es sobre a partilha da heran\u00e7a deixada por ele \u00e0 fam\u00edlia. A p\u00e1gina foi tirada do ar por familiares logo ap\u00f3s o ocorrido.<\/p>\n<blockquote>\n<p class=\"text\">De acordo com informa\u00e7\u00f5es de pessoas pr\u00f3ximas ao casal, eles tinham um relacionamento de idas e vindas de aproximadamente tr\u00eas anos. Consultora de vendas de produtos de beleza, Daniela tamb\u00e9m trabalhava como recepcionista no escrit\u00f3rio de advocacia h\u00e1 pouco mais de seis meses e todos no local sabiam do momento conturbado que o casal vivia. A jovem chegou a confidenciar para os amigos de trabalho o medo que alimentava de que o ex-namorado lhe fizesse alguma maldade.<\/p>\n<\/blockquote>\n<p class=\"text\">Segundo a pol\u00edcia, Evandro chegou ao escrit\u00f3rio da ex-namorada por volta das 11h30. Estacionou o ve\u00edculo e interfonou, j\u00e1 que a empresa trabalha com as portas fechadas. De acordo com a Pol\u00edcia Militar, o homem teve a entrada autorizada, foi at\u00e9 Daniela e efetuou um disparo a queima roupa contra ela, que morreu na hora. Em seguida, ainda no local, ele atirou contra a pr\u00f3pria cabe\u00e7a. Funcion\u00e1rios do escrit\u00f3rio, muito chocados, relataram aos policiais que n\u00e3o se ouviu qualquer discuss\u00e3o entre o casal e que foi tudo muito r\u00e1pido. No momento do crime, tr\u00eas pessoas trabalhavam no andar superior do escrit\u00f3rio.<\/p>\n<p class=\"text\">Apesar da autoria do crime ser conhecida e o autor n\u00e3o poder mais ser punido, o delegado respons\u00e1vel pelo caso pretender ouvir diversas pessoas nos pr\u00f3ximos dias. A arma, um rev\u00f3lver calibre 38, e algumas muni\u00e7\u00f5es ainda n\u00e3o deflagradas foram apreendidos.<\/p>\n<p class=\"text\">No longo texto escrito por Evandro comunicando que estava prestes a cometer o crime e publicado no Facebook, ele acusa duas pessoas pelo relacionamento com a jovem n\u00e3o ter dado certo. Em um trecho, o homem aponta um policial militar da Capital como poss\u00edvel amante de Daniela e cita tamb\u00e9m uma mulher, conhecida do casal, respons\u00e1vel pela aproxima\u00e7\u00e3o da jovem com o policial.<\/p>\n","protected":false},"excerpt":{"rendered":"<p>Um crime com tra\u00e7os passionais chocou os moradores de Bauru, no interior de S\u00e3o Paulo, na quinta-feira 12. Um homem de 38 anos matou a ex-namorada, de 25, com um tiro na testa. Depois cometeu suic\u00eddio, tamb\u00e9m com um tiro na cabe\u00e7a. O crime aconteceu no escrit\u00f3rio de advocacia onde a jovem trabalhava no Jardim [&hellip;]<\/p>\n","protected":false},"author":2,"featured_media":36980,"comment_status":"open","ping_status":"closed","sticky":false,"template":"","format":"standard","meta":{"_acf_changed":false,"footnotes":""},"categories":[16],"tags":[],"class_list":["post-36979","post","type-post","status-publish","format-standard","has-post-thumbnail","hentry","category-brasil"],"acf":[],"yoast_head":"<!-- This site is optimized with the Yoast SEO plugin v27.2 - https:\/\/yoast.com\/product\/yoast-seo-wordpress\/ -->\n<title>Rapaz avisa pelo Face, pega arma, mata a ex e se suicida - Notibras<\/title>\n<meta name=\"robots\" content=\"index, follow, max-snippet:-1, max-image-preview:large, max-video-preview:-1\" \/>\n<link rel=\"canonical\" href=\"https:\/\/www.notibras.com\/site\/rapaz-avisa-pelo-face-pega-arma-mata-ex-e-se-suicida\/\" \/>\n<meta property=\"og:locale\" content=\"pt_BR\" \/>\n<meta property=\"og:type\" content=\"article\" \/>\n<meta property=\"og:title\" content=\"Rapaz avisa pelo Face, pega arma, mata a ex e se suicida - Notibras\" \/>\n<meta property=\"og:description\" content=\"Um crime com tra\u00e7os passionais chocou os moradores de Bauru, no interior de S\u00e3o Paulo, na quinta-feira 12. Um homem de 38 anos matou a ex-namorada, de 25, com um tiro na testa. Depois cometeu suic\u00eddio, tamb\u00e9m com um tiro na cabe\u00e7a. O crime aconteceu no escrit\u00f3rio de advocacia onde a jovem trabalhava no Jardim [&hellip;]\" \/>\n<meta property=\"og:url\" content=\"https:\/\/www.notibras.com\/site\/rapaz-avisa-pelo-face-pega-arma-mata-ex-e-se-suicida\/\" \/>\n<meta property=\"og:site_name\" content=\"Notibras\" \/>\n<meta property=\"article:publisher\" content=\"https:\/\/www.facebook.com\/notibras\/\" \/>\n<meta property=\"article:published_time\" content=\"2015-02-13T13:29:38+00:00\" \/>\n<meta property=\"article:modified_time\" content=\"2015-02-13T17:49:59+00:00\" \/>\n<meta property=\"og:image\" content=\"https:\/\/www.notibras.com\/site\/wp-content\/uploads\/2015\/02\/br2.jpg\" \/>\n\t<meta property=\"og:image:width\" content=\"460\" \/>\n\t<meta property=\"og:image:height\" content=\"460\" \/>\n\t<meta property=\"og:image:type\" content=\"image\/jpeg\" \/>\n<meta name=\"author\" content=\"Reda\u00e7\u00e3o\" \/>\n<meta name=\"twitter:card\" content=\"summary_large_image\" \/>\n<meta name=\"twitter:creator\" content=\"@Notibras\" \/>\n<meta name=\"twitter:site\" content=\"@Notibras\" \/>\n<meta name=\"twitter:label1\" content=\"Escrito por\" \/>\n\t<meta name=\"twitter:data1\" content=\"Reda\u00e7\u00e3o\" \/>\n\t<meta name=\"twitter:label2\" content=\"Est. tempo de leitura\" \/>\n\t<meta name=\"twitter:data2\" content=\"2 minutos\" \/>\n<script type=\"application\/ld+json\" class=\"yoast-schema-graph\">{\"@context\":\"https:\/\/schema.org\",\"@graph\":[{\"@type\":\"Article\",\"@id\":\"https:\/\/www.notibras.com\/site\/rapaz-avisa-pelo-face-pega-arma-mata-ex-e-se-suicida\/#article\",\"isPartOf\":{\"@id\":\"https:\/\/www.notibras.com\/site\/rapaz-avisa-pelo-face-pega-arma-mata-ex-e-se-suicida\/\"},\"author\":{\"name\":\"Reda\u00e7\u00e3o\",\"@id\":\"https:\/\/www.notibras.com\/site\/#\/schema\/person\/36ab0979449956132d3e5b517ea76ac8\"},\"headline\":\"Rapaz avisa pelo Face, pega arma, mata a ex e se suicida\",\"datePublished\":\"2015-02-13T13:29:38+00:00\",\"dateModified\":\"2015-02-13T17:49:59+00:00\",\"mainEntityOfPage\":{\"@id\":\"https:\/\/www.notibras.com\/site\/rapaz-avisa-pelo-face-pega-arma-mata-ex-e-se-suicida\/\"},\"wordCount\":478,\"commentCount\":0,\"publisher\":{\"@id\":\"https:\/\/www.notibras.com\/site\/#organization\"},\"image\":{\"@id\":\"https:\/\/www.notibras.com\/site\/rapaz-avisa-pelo-face-pega-arma-mata-ex-e-se-suicida\/#primaryimage\"},\"thumbnailUrl\":\"https:\/\/www.notibras.com\/site\/wp-content\/uploads\/2015\/02\/br2.jpg\",\"articleSection\":[\"Brasil\"],\"inLanguage\":\"pt-BR\",\"potentialAction\":[{\"@type\":\"CommentAction\",\"name\":\"Comment\",\"target\":[\"https:\/\/www.notibras.com\/site\/rapaz-avisa-pelo-face-pega-arma-mata-ex-e-se-suicida\/#respond\"]}]},{\"@type\":\"WebPage\",\"@id\":\"https:\/\/www.notibras.com\/site\/rapaz-avisa-pelo-face-pega-arma-mata-ex-e-se-suicida\/\",\"url\":\"https:\/\/www.notibras.com\/site\/rapaz-avisa-pelo-face-pega-arma-mata-ex-e-se-suicida\/\",\"name\":\"Rapaz avisa pelo Face, pega arma, mata a ex e se suicida - Notibras\",\"isPartOf\":{\"@id\":\"https:\/\/www.notibras.com\/site\/#website\"},\"primaryImageOfPage\":{\"@id\":\"https:\/\/www.notibras.com\/site\/rapaz-avisa-pelo-face-pega-arma-mata-ex-e-se-suicida\/#primaryimage\"},\"image\":{\"@id\":\"https:\/\/www.notibras.com\/site\/rapaz-avisa-pelo-face-pega-arma-mata-ex-e-se-suicida\/#primaryimage\"},\"thumbnailUrl\":\"https:\/\/www.notibras.com\/site\/wp-content\/uploads\/2015\/02\/br2.jpg\",\"datePublished\":\"2015-02-13T13:29:38+00:00\",\"dateModified\":\"2015-02-13T17:49:59+00:00\",\"breadcrumb\":{\"@id\":\"https:\/\/www.notibras.com\/site\/rapaz-avisa-pelo-face-pega-arma-mata-ex-e-se-suicida\/#breadcrumb\"},\"inLanguage\":\"pt-BR\",\"potentialAction\":[{\"@type\":\"ReadAction\",\"target\":[\"https:\/\/www.notibras.com\/site\/rapaz-avisa-pelo-face-pega-arma-mata-ex-e-se-suicida\/\"]}]},{\"@type\":\"ImageObject\",\"inLanguage\":\"pt-BR\",\"@id\":\"https:\/\/www.notibras.com\/site\/rapaz-avisa-pelo-face-pega-arma-mata-ex-e-se-suicida\/#primaryimage\",\"url\":\"https:\/\/www.notibras.com\/site\/wp-content\/uploads\/2015\/02\/br2.jpg\",\"contentUrl\":\"https:\/\/www.notibras.com\/site\/wp-content\/uploads\/2015\/02\/br2.jpg\",\"width\":460,\"height\":460},{\"@type\":\"BreadcrumbList\",\"@id\":\"https:\/\/www.notibras.com\/site\/rapaz-avisa-pelo-face-pega-arma-mata-ex-e-se-suicida\/#breadcrumb\",\"itemListElement\":[{\"@type\":\"ListItem\",\"position\":1,\"name\":\"In\u00edcio\",\"item\":\"https:\/\/www.notibras.com\/site\/\"},{\"@type\":\"ListItem\",\"position\":2,\"name\":\"Rapaz avisa pelo Face, pega arma, mata a ex e se suicida\"}]},{\"@type\":\"WebSite\",\"@id\":\"https:\/\/www.notibras.com\/site\/#website\",\"url\":\"https:\/\/www.notibras.com\/site\/\",\"name\":\"Notibras\",\"description\":\"Not\u00edcias de Bras\u00edlia, do Brasil e do Mundo\",\"publisher\":{\"@id\":\"https:\/\/www.notibras.com\/site\/#organization\"},\"potentialAction\":[{\"@type\":\"SearchAction\",\"target\":{\"@type\":\"EntryPoint\",\"urlTemplate\":\"https:\/\/www.notibras.com\/site\/?s={search_term_string}\"},\"query-input\":{\"@type\":\"PropertyValueSpecification\",\"valueRequired\":true,\"valueName\":\"search_term_string\"}}],\"inLanguage\":\"pt-BR\"},{\"@type\":\"Organization\",\"@id\":\"https:\/\/www.notibras.com\/site\/#organization\",\"name\":\"Grupo Notibras de Comunica\u00e7\u00e3o\",\"url\":\"https:\/\/www.notibras.com\/site\/\",\"logo\":{\"@type\":\"ImageObject\",\"inLanguage\":\"pt-BR\",\"@id\":\"https:\/\/www.notibras.com\/site\/#\/schema\/logo\/image\/\",\"url\":\"https:\/\/www.notibras.com\/site\/wp-content\/uploads\/2023\/01\/notibras23.png\",\"contentUrl\":\"https:\/\/www.notibras.com\/site\/wp-content\/uploads\/2023\/01\/notibras23.png\",\"width\":350,\"height\":87,\"caption\":\"Grupo Notibras de Comunica\u00e7\u00e3o\"},\"image\":{\"@id\":\"https:\/\/www.notibras.com\/site\/#\/schema\/logo\/image\/\"},\"sameAs\":[\"https:\/\/www.facebook.com\/notibras\/\",\"https:\/\/x.com\/Notibras\",\"https:\/\/www.instagram.com\/notibras\/\"]},{\"@type\":\"Person\",\"@id\":\"https:\/\/www.notibras.com\/site\/#\/schema\/person\/36ab0979449956132d3e5b517ea76ac8\",\"name\":\"Reda\u00e7\u00e3o\",\"image\":{\"@type\":\"ImageObject\",\"inLanguage\":\"pt-BR\",\"@id\":\"https:\/\/secure.gravatar.com\/avatar\/e0a867bdedb85fd243eadf09663511f96fc81e0720a4a42581f334ad4303aa6b?s=96&d=mm&r=g\",\"url\":\"https:\/\/secure.gravatar.com\/avatar\/e0a867bdedb85fd243eadf09663511f96fc81e0720a4a42581f334ad4303aa6b?s=96&d=mm&r=g\",\"contentUrl\":\"https:\/\/secure.gravatar.com\/avatar\/e0a867bdedb85fd243eadf09663511f96fc81e0720a4a42581f334ad4303aa6b?s=96&d=mm&r=g\",\"caption\":\"Reda\u00e7\u00e3o\"}}]}<\/script>\n<!-- \/ Yoast SEO plugin. -->","yoast_head_json":{"title":"Rapaz avisa pelo Face, pega arma, mata a ex e se suicida - Notibras","robots":{"index":"index","follow":"follow","max-snippet":"max-snippet:-1","max-image-preview":"max-image-preview:large","max-video-preview":"max-video-preview:-1"},"canonical":"https:\/\/www.notibras.com\/site\/rapaz-avisa-pelo-face-pega-arma-mata-ex-e-se-suicida\/","og_locale":"pt_BR","og_type":"article","og_title":"Rapaz avisa pelo Face, pega arma, mata a ex e se suicida - Notibras","og_description":"Um crime com tra\u00e7os passionais chocou os moradores de Bauru, no interior de S\u00e3o Paulo, na quinta-feira 12. Um homem de 38 anos matou a ex-namorada, de 25, com um tiro na testa. Depois cometeu suic\u00eddio, tamb\u00e9m com um tiro na cabe\u00e7a. O crime aconteceu no escrit\u00f3rio de advocacia onde a jovem trabalhava no Jardim [&hellip;]","og_url":"https:\/\/www.notibras.com\/site\/rapaz-avisa-pelo-face-pega-arma-mata-ex-e-se-suicida\/","og_site_name":"Notibras","article_publisher":"https:\/\/www.facebook.com\/notibras\/","article_published_time":"2015-02-13T13:29:38+00:00","article_modified_time":"2015-02-13T17:49:59+00:00","og_image":[{"width":460,"height":460,"url":"https:\/\/www.notibras.com\/site\/wp-content\/uploads\/2015\/02\/br2.jpg","type":"image\/jpeg"}],"author":"Reda\u00e7\u00e3o","twitter_card":"summary_large_image","twitter_creator":"@Notibras","twitter_site":"@Notibras","twitter_misc":{"Escrito por":"Reda\u00e7\u00e3o","Est. tempo de leitura":"2 minutos"},"schema":{"@context":"https:\/\/schema.org","@graph":[{"@type":"Article","@id":"https:\/\/www.notibras.com\/site\/rapaz-avisa-pelo-face-pega-arma-mata-ex-e-se-suicida\/#article","isPartOf":{"@id":"https:\/\/www.notibras.com\/site\/rapaz-avisa-pelo-face-pega-arma-mata-ex-e-se-suicida\/"},"author":{"name":"Reda\u00e7\u00e3o","@id":"https:\/\/www.notibras.com\/site\/#\/schema\/person\/36ab0979449956132d3e5b517ea76ac8"},"headline":"Rapaz avisa pelo Face, pega arma, mata a ex e se suicida","datePublished":"2015-02-13T13:29:38+00:00","dateModified":"2015-02-13T17:49:59+00:00","mainEntityOfPage":{"@id":"https:\/\/www.notibras.com\/site\/rapaz-avisa-pelo-face-pega-arma-mata-ex-e-se-suicida\/"},"wordCount":478,"commentCount":0,"publisher":{"@id":"https:\/\/www.notibras.com\/site\/#organization"},"image":{"@id":"https:\/\/www.notibras.com\/site\/rapaz-avisa-pelo-face-pega-arma-mata-ex-e-se-suicida\/#primaryimage"},"thumbnailUrl":"https:\/\/www.notibras.com\/site\/wp-content\/uploads\/2015\/02\/br2.jpg","articleSection":["Brasil"],"inLanguage":"pt-BR","potentialAction":[{"@type":"CommentAction","name":"Comment","target":["https:\/\/www.notibras.com\/site\/rapaz-avisa-pelo-face-pega-arma-mata-ex-e-se-suicida\/#respond"]}]},{"@type":"WebPage","@id":"https:\/\/www.notibras.com\/site\/rapaz-avisa-pelo-face-pega-arma-mata-ex-e-se-suicida\/","url":"https:\/\/www.notibras.com\/site\/rapaz-avisa-pelo-face-pega-arma-mata-ex-e-se-suicida\/","name":"Rapaz avisa pelo Face, pega arma, mata a ex e se suicida - Notibras","isPartOf":{"@id":"https:\/\/www.notibras.com\/site\/#website"},"primaryImageOfPage":{"@id":"https:\/\/www.notibras.com\/site\/rapaz-avisa-pelo-face-pega-arma-mata-ex-e-se-suicida\/#primaryimage"},"image":{"@id":"https:\/\/www.notibras.com\/site\/rapaz-avisa-pelo-face-pega-arma-mata-ex-e-se-suicida\/#primaryimage"},"thumbnailUrl":"https:\/\/www.notibras.com\/site\/wp-content\/uploads\/2015\/02\/br2.jpg","datePublished":"2015-02-13T13:29:38+00:00","dateModified":"2015-02-13T17:49:59+00:00","breadcrumb":{"@id":"https:\/\/www.notibras.com\/site\/rapaz-avisa-pelo-face-pega-arma-mata-ex-e-se-suicida\/#breadcrumb"},"inLanguage":"pt-BR","potentialAction":[{"@type":"ReadAction","target":["https:\/\/www.notibras.com\/site\/rapaz-avisa-pelo-face-pega-arma-mata-ex-e-se-suicida\/"]}]},{"@type":"ImageObject","inLanguage":"pt-BR","@id":"https:\/\/www.notibras.com\/site\/rapaz-avisa-pelo-face-pega-arma-mata-ex-e-se-suicida\/#primaryimage","url":"https:\/\/www.notibras.com\/site\/wp-content\/uploads\/2015\/02\/br2.jpg","contentUrl":"https:\/\/www.notibras.com\/site\/wp-content\/uploads\/2015\/02\/br2.jpg","width":460,"height":460},{"@type":"BreadcrumbList","@id":"https:\/\/www.notibras.com\/site\/rapaz-avisa-pelo-face-pega-arma-mata-ex-e-se-suicida\/#breadcrumb","itemListElement":[{"@type":"ListItem","position":1,"name":"In\u00edcio","item":"https:\/\/www.notibras.com\/site\/"},{"@type":"ListItem","position":2,"name":"Rapaz avisa pelo Face, pega arma, mata a ex e se suicida"}]},{"@type":"WebSite","@id":"https:\/\/www.notibras.com\/site\/#website","url":"https:\/\/www.notibras.com\/site\/","name":"Notibras","description":"Not\u00edcias de Bras\u00edlia, do Brasil e do Mundo","publisher":{"@id":"https:\/\/www.notibras.com\/site\/#organization"},"potentialAction":[{"@type":"SearchAction","target":{"@type":"EntryPoint","urlTemplate":"https:\/\/www.notibras.com\/site\/?s={search_term_string}"},"query-input":{"@type":"PropertyValueSpecification","valueRequired":true,"valueName":"search_term_string"}}],"inLanguage":"pt-BR"},{"@type":"Organization","@id":"https:\/\/www.notibras.com\/site\/#organization","name":"Grupo Notibras de Comunica\u00e7\u00e3o","url":"https:\/\/www.notibras.com\/site\/","logo":{"@type":"ImageObject","inLanguage":"pt-BR","@id":"https:\/\/www.notibras.com\/site\/#\/schema\/logo\/image\/","url":"https:\/\/www.notibras.com\/site\/wp-content\/uploads\/2023\/01\/notibras23.png","contentUrl":"https:\/\/www.notibras.com\/site\/wp-content\/uploads\/2023\/01\/notibras23.png","width":350,"height":87,"caption":"Grupo Notibras de Comunica\u00e7\u00e3o"},"image":{"@id":"https:\/\/www.notibras.com\/site\/#\/schema\/logo\/image\/"},"sameAs":["https:\/\/www.facebook.com\/notibras\/","https:\/\/x.com\/Notibras","https:\/\/www.instagram.com\/notibras\/"]},{"@type":"Person","@id":"https:\/\/www.notibras.com\/site\/#\/schema\/person\/36ab0979449956132d3e5b517ea76ac8","name":"Reda\u00e7\u00e3o","image":{"@type":"ImageObject","inLanguage":"pt-BR","@id":"https:\/\/secure.gravatar.com\/avatar\/e0a867bdedb85fd243eadf09663511f96fc81e0720a4a42581f334ad4303aa6b?s=96&d=mm&r=g","url":"https:\/\/secure.gravatar.com\/avatar\/e0a867bdedb85fd243eadf09663511f96fc81e0720a4a42581f334ad4303aa6b?s=96&d=mm&r=g","contentUrl":"https:\/\/secure.gravatar.com\/avatar\/e0a867bdedb85fd243eadf09663511f96fc81e0720a4a42581f334ad4303aa6b?s=96&d=mm&r=g","caption":"Reda\u00e7\u00e3o"}}]}},"amp_enabled":true,"_links":{"self":[{"href":"https:\/\/www.notibras.com\/site\/wp-json\/wp\/v2\/posts\/36979","targetHints":{"allow":["GET"]}}],"collection":[{"href":"https:\/\/www.notibras.com\/site\/wp-json\/wp\/v2\/posts"}],"about":[{"href":"https:\/\/www.notibras.com\/site\/wp-json\/wp\/v2\/types\/post"}],"author":[{"embeddable":true,"href":"https:\/\/www.notibras.com\/site\/wp-json\/wp\/v2\/users\/2"}],"replies":[{"embeddable":true,"href":"https:\/\/www.notibras.com\/site\/wp-json\/wp\/v2\/comments?post=36979"}],"version-history":[{"count":0,"href":"https:\/\/www.notibras.com\/site\/wp-json\/wp\/v2\/posts\/36979\/revisions"}],"wp:featuredmedia":[{"embeddable":true,"href":"https:\/\/www.notibras.com\/site\/wp-json\/wp\/v2\/media\/36980"}],"wp:attachment":[{"href":"https:\/\/www.notibras.com\/site\/wp-json\/wp\/v2\/media?parent=36979"}],"wp:term":[{"taxonomy":"category","embeddable":true,"href":"https:\/\/www.notibras.com\/site\/wp-json\/wp\/v2\/categories?post=36979"},{"taxonomy":"post_tag","embeddable":true,"href":"https:\/\/www.notibras.com\/site\/wp-json\/wp\/v2\/tags?post=36979"}],"curies":[{"name":"wp","href":"https:\/\/api.w.org\/{rel}","templated":true}]}}