{"id":369801,"date":"2025-11-06T08:14:19","date_gmt":"2025-11-06T11:14:19","guid":{"rendered":"https:\/\/www.notibras.com\/site\/?p=369801"},"modified":"2025-11-06T08:15:43","modified_gmt":"2025-11-06T11:15:43","slug":"agressao-a-mulher-cresce-cada-vez-mais-em-salvador-natal-e-fortaleza","status":"publish","type":"post","link":"https:\/\/www.notibras.com\/site\/agressao-a-mulher-cresce-cada-vez-mais-em-salvador-natal-e-fortaleza\/","title":{"rendered":"Agress\u00e3o \u00e0 mulher cresce cada vez mais em Salvador, Natal e Fortaleza"},"content":{"rendered":"<p>No mapa colorido do Nordeste, onde o mar costuma cantar esperan\u00e7a e o vento espalha hist\u00f3rias antigas, tr\u00eas cidades acendem alarmes que ningu\u00e9m deveria ignorar. Salvador, Natal e Fortaleza \u2014 t\u00e3o cheias de vida, de f\u00e9, de m\u00fasica e de gente pulsando \u2014 se encontram presas em um triste elo que nenhuma delas merece carregar: o peso cruel da viol\u00eancia f\u00edsica contra mulheres.<\/p>\n<p>\u00c9 como se, por tr\u00e1s das fachadas coloniais, das praias douradas e dos mercados cheios de risos, houvesse uma sombra que insiste em se prolongar. Uma sombra que invade casas, atravessa madrugadas e marca corpos e mem\u00f3rias. Salvador, com sua alegria ancestral, tenta disfar\u00e7ar as dores que ecoam nos becos e avenidas. Natal, cidade de sol generoso, v\u00ea mulheres caminhando \u00e0 luz do dia com medo do escuro que algumas rela\u00e7\u00f5es escondem. Fortaleza, gigante do litoral, assiste ao sil\u00eancio sufocado de tantas que n\u00e3o encontram acolhimento.<\/p>\n<p>A viol\u00eancia contra a mulher aqui n\u00e3o \u00e9 um caso isolado \u2014 \u00e9 um grito que atravessa fronteiras. Mas nessas tr\u00eas capitais, o grito vem mais alto, mais agudo, mais insistente. Como se pedisse socorro para uma liberdade que ainda n\u00e3o chegou. Como se dissesse que, apesar dos avan\u00e7os, h\u00e1 uma ferida aberta que continua sangrando no cora\u00e7\u00e3o nordestino.<\/p>\n<p>E o mais triste \u00e9 perceber que a viol\u00eancia f\u00edsica nunca chega sozinha. Vem acompanhada do medo, da culpa que n\u00e3o \u00e9 delas, do abandono institucional, do olhar atravessado da sociedade que ainda insiste em perguntar \u201co que ela fez?\u201d. Vem tamb\u00e9m da repeti\u00e7\u00e3o de padr\u00f5es, da falta de pol\u00edticas consistentes, da aus\u00eancia de redes que protejam antes que a dor aconte\u00e7a.<\/p>\n<p>Mas entre as ruas dessas cidades tamb\u00e9m h\u00e1 mulheres que resistem, que se levantam, que denunciam, que encontram outras m\u00e3os para segurar. H\u00e1 coletivos, profissionais, vizinhas, amigas \u2014 e h\u00e1 a esperan\u00e7a de que a liberdade verdadeira ainda esteja no horizonte. Porque liberdade que ignora a dor feminina n\u00e3o \u00e9 liberdade: \u00e9 ilus\u00e3o.<\/p>\n<p>Que Salvador, Natal e Fortaleza se tornem, um dia, capitais de outra manchete, outra hist\u00f3ria: a da supera\u00e7\u00e3o da viol\u00eancia, a da vida protegida, a da dignidade restaurada. At\u00e9 l\u00e1, seguimos contando, denunciando e escrevendo para que nenhuma mulher seja ferida no lugar onde deveria ser livre.<\/p>\n","protected":false},"excerpt":{"rendered":"<p>No mapa colorido do Nordeste, onde o mar costuma cantar esperan\u00e7a e o vento espalha hist\u00f3rias antigas, tr\u00eas cidades acendem alarmes que ningu\u00e9m deveria ignorar. Salvador, Natal e Fortaleza \u2014 t\u00e3o cheias de vida, de f\u00e9, de m\u00fasica e de gente pulsando \u2014 se encontram presas em um triste elo que nenhuma delas merece carregar: [&hellip;]<\/p>\n","protected":false},"author":2,"featured_media":369802,"comment_status":"closed","ping_status":"closed","sticky":false,"template":"","format":"standard","meta":{"_acf_changed":false,"footnotes":""},"categories":[165],"tags":[],"class_list":["post-369801","post","type-post","status-publish","format-standard","has-post-thumbnail","hentry","category-nordeste"],"acf":[],"_links":{"self":[{"href":"https:\/\/www.notibras.com\/site\/wp-json\/wp\/v2\/posts\/369801","targetHints":{"allow":["GET"]}}],"collection":[{"href":"https:\/\/www.notibras.com\/site\/wp-json\/wp\/v2\/posts"}],"about":[{"href":"https:\/\/www.notibras.com\/site\/wp-json\/wp\/v2\/types\/post"}],"author":[{"embeddable":true,"href":"https:\/\/www.notibras.com\/site\/wp-json\/wp\/v2\/users\/2"}],"replies":[{"embeddable":true,"href":"https:\/\/www.notibras.com\/site\/wp-json\/wp\/v2\/comments?post=369801"}],"version-history":[{"count":2,"href":"https:\/\/www.notibras.com\/site\/wp-json\/wp\/v2\/posts\/369801\/revisions"}],"predecessor-version":[{"id":369804,"href":"https:\/\/www.notibras.com\/site\/wp-json\/wp\/v2\/posts\/369801\/revisions\/369804"}],"wp:featuredmedia":[{"embeddable":true,"href":"https:\/\/www.notibras.com\/site\/wp-json\/wp\/v2\/media\/369802"}],"wp:attachment":[{"href":"https:\/\/www.notibras.com\/site\/wp-json\/wp\/v2\/media?parent=369801"}],"wp:term":[{"taxonomy":"category","embeddable":true,"href":"https:\/\/www.notibras.com\/site\/wp-json\/wp\/v2\/categories?post=369801"},{"taxonomy":"post_tag","embeddable":true,"href":"https:\/\/www.notibras.com\/site\/wp-json\/wp\/v2\/tags?post=369801"}],"curies":[{"name":"wp","href":"https:\/\/api.w.org\/{rel}","templated":true}]}}