{"id":369805,"date":"2025-11-06T00:19:52","date_gmt":"2025-11-06T03:19:52","guid":{"rendered":"https:\/\/www.notibras.com\/site\/?p=369805"},"modified":"2025-11-06T08:21:09","modified_gmt":"2025-11-06T11:21:09","slug":"piaui-recebe-medicamento-inedito-para-tratamento-do-cancer-de-mama","status":"publish","type":"post","link":"https:\/\/www.notibras.com\/site\/piaui-recebe-medicamento-inedito-para-tratamento-do-cancer-de-mama\/","title":{"rendered":"Piau\u00ed recebe medicamento in\u00e9dito para tratamento do c\u00e2ncer de mama"},"content":{"rendered":"<p>O Piau\u00ed come\u00e7ou a receber, nesta semana, o novo medicamento trastuzumabe deruxtecana, usado no tratamento do c\u00e2ncer de mama metast\u00e1tico do tipo HER2 positivo. O rem\u00e9dio, considerado um avan\u00e7o no combate \u00e0 doen\u00e7a, passou a ser disponibilizado pelo Sistema \u00danico de Sa\u00fade (SUS) ap\u00f3s aprova\u00e7\u00e3o do Minist\u00e9rio da Sa\u00fade e deve beneficiar dezenas de pacientes em todo o estado.<\/p>\n<p>Segundo a Secretaria de Estado da Sa\u00fade (Sesapi), o medicamento chegou ao Hospital S\u00e3o Marcos, em Teresina, refer\u00eancia no tratamento oncol\u00f3gico no Piau\u00ed. O f\u00e1rmaco \u00e9 indicado para casos em que o c\u00e2ncer j\u00e1 se espalhou para outras partes do corpo e n\u00e3o responde mais \u00e0s terapias convencionais.<\/p>\n<p>De acordo com especialistas, o trastuzumabe deruxtecana atua de forma direcionada, levando subst\u00e2ncias que atacam as c\u00e9lulas cancer\u00edgenas sem afetar tanto as c\u00e9lulas saud\u00e1veis. Estudos cl\u00ednicos apontam que o medicamento pode aumentar significativamente a sobrevida e a qualidade de vida das pacientes, representando uma nova esperan\u00e7a para quem enfrenta a doen\u00e7a em est\u00e1gio avan\u00e7ado.<\/p>\n<p>\u201c\u00c9 uma conquista importante para o SUS e para as mulheres piauienses. Antes, esse tratamento s\u00f3 estava dispon\u00edvel na rede privada e tinha um custo muito alto, inacess\u00edvel para a maioria das pacientes\u201d, explicou a oncologista Dra. Ana Cl\u00e1udia Mendes, coordenadora do servi\u00e7o de oncologia do hospital.<\/p>\n<p>O Minist\u00e9rio da Sa\u00fade informou que o Piau\u00ed \u00e9 um dos primeiros estados do Nordeste a receber o medicamento. A previs\u00e3o \u00e9 de que a distribui\u00e7\u00e3o se amplie gradualmente para outras unidades da federa\u00e7\u00e3o ao longo dos pr\u00f3ximos meses.<\/p>\n<p>Para as pacientes e familiares, a not\u00edcia foi recebida com esperan\u00e7a. \u201cMinha m\u00e3e faz tratamento h\u00e1 dois anos e essa nova medica\u00e7\u00e3o traz uma nova chance. \u00c9 um al\u00edvio saber que agora ela pode ter acesso pelo SUS\u201d, disse a filha de uma paciente, Luciana Oliveira.<\/p>\n<p>O c\u00e2ncer de mama \u00e9 o tipo que mais acomete mulheres no Brasil, com estimativa de mais de 70 mil novos casos por ano, segundo o Instituto Nacional de C\u00e2ncer (Inca). A inclus\u00e3o do novo medicamento no SUS refor\u00e7a o compromisso das autoridades de sa\u00fade em ampliar o acesso a terapias modernas e eficazes contra a doen\u00e7a.<\/p>\n","protected":false},"excerpt":{"rendered":"<p>O Piau\u00ed come\u00e7ou a receber, nesta semana, o novo medicamento trastuzumabe deruxtecana, usado no tratamento do c\u00e2ncer de mama metast\u00e1tico do tipo HER2 positivo. O rem\u00e9dio, considerado um avan\u00e7o no combate \u00e0 doen\u00e7a, passou a ser disponibilizado pelo Sistema \u00danico de Sa\u00fade (SUS) ap\u00f3s aprova\u00e7\u00e3o do Minist\u00e9rio da Sa\u00fade e deve beneficiar dezenas de pacientes [&hellip;]<\/p>\n","protected":false},"author":2,"featured_media":369806,"comment_status":"closed","ping_status":"closed","sticky":false,"template":"","format":"standard","meta":{"_acf_changed":false,"footnotes":""},"categories":[165],"tags":[],"class_list":["post-369805","post","type-post","status-publish","format-standard","has-post-thumbnail","hentry","category-nordeste"],"acf":[],"_links":{"self":[{"href":"https:\/\/www.notibras.com\/site\/wp-json\/wp\/v2\/posts\/369805","targetHints":{"allow":["GET"]}}],"collection":[{"href":"https:\/\/www.notibras.com\/site\/wp-json\/wp\/v2\/posts"}],"about":[{"href":"https:\/\/www.notibras.com\/site\/wp-json\/wp\/v2\/types\/post"}],"author":[{"embeddable":true,"href":"https:\/\/www.notibras.com\/site\/wp-json\/wp\/v2\/users\/2"}],"replies":[{"embeddable":true,"href":"https:\/\/www.notibras.com\/site\/wp-json\/wp\/v2\/comments?post=369805"}],"version-history":[{"count":1,"href":"https:\/\/www.notibras.com\/site\/wp-json\/wp\/v2\/posts\/369805\/revisions"}],"predecessor-version":[{"id":369807,"href":"https:\/\/www.notibras.com\/site\/wp-json\/wp\/v2\/posts\/369805\/revisions\/369807"}],"wp:featuredmedia":[{"embeddable":true,"href":"https:\/\/www.notibras.com\/site\/wp-json\/wp\/v2\/media\/369806"}],"wp:attachment":[{"href":"https:\/\/www.notibras.com\/site\/wp-json\/wp\/v2\/media?parent=369805"}],"wp:term":[{"taxonomy":"category","embeddable":true,"href":"https:\/\/www.notibras.com\/site\/wp-json\/wp\/v2\/categories?post=369805"},{"taxonomy":"post_tag","embeddable":true,"href":"https:\/\/www.notibras.com\/site\/wp-json\/wp\/v2\/tags?post=369805"}],"curies":[{"name":"wp","href":"https:\/\/api.w.org\/{rel}","templated":true}]}}