{"id":369808,"date":"2025-11-06T08:30:11","date_gmt":"2025-11-06T11:30:11","guid":{"rendered":"https:\/\/www.notibras.com\/site\/?p=369808"},"modified":"2025-11-06T08:30:11","modified_gmt":"2025-11-06T11:30:11","slug":"testes-nucleares-dos-americanos-podem-provocar-reacao-em-cadeia","status":"publish","type":"post","link":"https:\/\/www.notibras.com\/site\/testes-nucleares-dos-americanos-podem-provocar-reacao-em-cadeia\/","title":{"rendered":"Testes nucleares dos americanos podem provocar rea\u00e7\u00e3o em cadeia"},"content":{"rendered":"<p>A Associa\u00e7\u00e3o Americana para o Controle de Armas (ACA, na sigla em ingl\u00eas) alertou que n\u00e3o h\u00e1 nenhuma raz\u00e3o t\u00e9cnica, militar ou pol\u00edtica para os Estados Unidos retomarem os testes nucleares.<\/p>\n<p>Os Estados Unidos realizaram 1.030 testes nucleares desde 1945, representando a maioria dos 2.056 testes realizados em todo o mundo, observou o \u00f3rg\u00e3o de fiscaliza\u00e7\u00e3o em um comunicado.<\/p>\n<p>A retomada dos testes nucleares &#8220;poderia desencadear uma rea\u00e7\u00e3o em cadeia de testes nucleares por parte dos advers\u00e1rios dos EUA e destruir o Tratado de N\u00e3o Prolifera\u00e7\u00e3o Nuclear&#8221;, enfatizou Daryl Kimball, diretor executivo da ACA.<\/p>\n<p>O presidente Donald Trump afirmou que os EUA come\u00e7ariam a testar suas armas nucleares &#8220;em igualdade de condi\u00e7\u00f5es&#8221; com os programas de outros pa\u00edses.<\/p>\n<p>Em resposta, a R\u00fassia reafirmou que sua morat\u00f3ria sobre testes de armas nucleares permanece em vigor.<\/p>\n<p>O Kremlin tamb\u00e9m esclareceu que, se a alega\u00e7\u00e3o de Trump sobre testes estrangeiros se referia ao programa Burevestnik da R\u00fassia, era imprecisa, pois esses testes n\u00e3o s\u00e3o nucleares.<\/p>\n","protected":false},"excerpt":{"rendered":"<p>A Associa\u00e7\u00e3o Americana para o Controle de Armas (ACA, na sigla em ingl\u00eas) alertou que n\u00e3o h\u00e1 nenhuma raz\u00e3o t\u00e9cnica, militar ou pol\u00edtica para os Estados Unidos retomarem os testes nucleares. Os Estados Unidos realizaram 1.030 testes nucleares desde 1945, representando a maioria dos 2.056 testes realizados em todo o mundo, observou o \u00f3rg\u00e3o de [&hellip;]<\/p>\n","protected":false},"author":2,"featured_media":369809,"comment_status":"closed","ping_status":"closed","sticky":false,"template":"","format":"standard","meta":{"_acf_changed":false,"footnotes":""},"categories":[159],"tags":[],"class_list":["post-369808","post","type-post","status-publish","format-standard","has-post-thumbnail","hentry","category-apocalipse"],"acf":[],"yoast_head":"<!-- This site is optimized with the Yoast SEO plugin v27.2 - https:\/\/yoast.com\/product\/yoast-seo-wordpress\/ -->\n<title>Testes nucleares dos americanos podem provocar rea\u00e7\u00e3o em cadeia - Notibras<\/title>\n<meta name=\"robots\" content=\"index, follow, max-snippet:-1, max-image-preview:large, max-video-preview:-1\" \/>\n<link rel=\"canonical\" href=\"https:\/\/www.notibras.com\/site\/testes-nucleares-dos-americanos-podem-provocar-reacao-em-cadeia\/\" \/>\n<meta property=\"og:locale\" content=\"pt_BR\" \/>\n<meta property=\"og:type\" content=\"article\" \/>\n<meta property=\"og:title\" content=\"Testes nucleares dos americanos podem provocar rea\u00e7\u00e3o em cadeia - Notibras\" \/>\n<meta property=\"og:description\" content=\"A Associa\u00e7\u00e3o Americana para o Controle de Armas (ACA, na sigla em ingl\u00eas) alertou que n\u00e3o h\u00e1 nenhuma raz\u00e3o t\u00e9cnica, militar ou pol\u00edtica para os Estados Unidos retomarem os testes nucleares. Os Estados Unidos realizaram 1.030 testes nucleares desde 1945, representando a maioria dos 2.056 testes realizados em todo o mundo, observou o \u00f3rg\u00e3o de [&hellip;]\" \/>\n<meta property=\"og:url\" content=\"https:\/\/www.notibras.com\/site\/testes-nucleares-dos-americanos-podem-provocar-reacao-em-cadeia\/\" \/>\n<meta property=\"og:site_name\" content=\"Notibras\" \/>\n<meta property=\"article:publisher\" content=\"https:\/\/www.facebook.com\/notibras\/\" \/>\n<meta property=\"article:published_time\" content=\"2025-11-06T11:30:11+00:00\" \/>\n<meta property=\"og:image\" content=\"https:\/\/www.notibras.com\/site\/wp-content\/uploads\/2025\/11\/1114941018_0_120_711_520_1920x0_80_0_0_347a78605b608e8ae187d49737c781b9.png.webp\" \/>\n\t<meta property=\"og:image:width\" content=\"1920\" \/>\n\t<meta property=\"og:image:height\" content=\"1081\" \/>\n\t<meta property=\"og:image:type\" content=\"image\/webp\" \/>\n<meta name=\"author\" content=\"Reda\u00e7\u00e3o\" \/>\n<meta name=\"twitter:card\" content=\"summary_large_image\" \/>\n<meta name=\"twitter:creator\" content=\"@Notibras\" \/>\n<meta name=\"twitter:site\" content=\"@Notibras\" \/>\n<meta name=\"twitter:label1\" content=\"Escrito por\" \/>\n\t<meta name=\"twitter:data1\" content=\"Reda\u00e7\u00e3o\" \/>\n\t<meta name=\"twitter:label2\" content=\"Est. tempo de leitura\" \/>\n\t<meta name=\"twitter:data2\" content=\"2 minutos\" \/>\n<script type=\"application\/ld+json\" class=\"yoast-schema-graph\">{\"@context\":\"https:\/\/schema.org\",\"@graph\":[{\"@type\":\"Article\",\"@id\":\"https:\/\/www.notibras.com\/site\/testes-nucleares-dos-americanos-podem-provocar-reacao-em-cadeia\/#article\",\"isPartOf\":{\"@id\":\"https:\/\/www.notibras.com\/site\/testes-nucleares-dos-americanos-podem-provocar-reacao-em-cadeia\/\"},\"author\":{\"name\":\"Reda\u00e7\u00e3o\",\"@id\":\"https:\/\/www.notibras.com\/site\/#\/schema\/person\/36ab0979449956132d3e5b517ea76ac8\"},\"headline\":\"Testes nucleares dos americanos podem provocar rea\u00e7\u00e3o em cadeia\",\"datePublished\":\"2025-11-06T11:30:11+00:00\",\"mainEntityOfPage\":{\"@id\":\"https:\/\/www.notibras.com\/site\/testes-nucleares-dos-americanos-podem-provocar-reacao-em-cadeia\/\"},\"wordCount\":191,\"publisher\":{\"@id\":\"https:\/\/www.notibras.com\/site\/#organization\"},\"image\":{\"@id\":\"https:\/\/www.notibras.com\/site\/testes-nucleares-dos-americanos-podem-provocar-reacao-em-cadeia\/#primaryimage\"},\"thumbnailUrl\":\"https:\/\/www.notibras.com\/site\/wp-content\/uploads\/2025\/11\/1114941018_0_120_711_520_1920x0_80_0_0_347a78605b608e8ae187d49737c781b9.png.webp\",\"articleSection\":[\"Apocalipse\"],\"inLanguage\":\"pt-BR\"},{\"@type\":\"WebPage\",\"@id\":\"https:\/\/www.notibras.com\/site\/testes-nucleares-dos-americanos-podem-provocar-reacao-em-cadeia\/\",\"url\":\"https:\/\/www.notibras.com\/site\/testes-nucleares-dos-americanos-podem-provocar-reacao-em-cadeia\/\",\"name\":\"Testes nucleares dos americanos podem provocar rea\u00e7\u00e3o em cadeia - Notibras\",\"isPartOf\":{\"@id\":\"https:\/\/www.notibras.com\/site\/#website\"},\"primaryImageOfPage\":{\"@id\":\"https:\/\/www.notibras.com\/site\/testes-nucleares-dos-americanos-podem-provocar-reacao-em-cadeia\/#primaryimage\"},\"image\":{\"@id\":\"https:\/\/www.notibras.com\/site\/testes-nucleares-dos-americanos-podem-provocar-reacao-em-cadeia\/#primaryimage\"},\"thumbnailUrl\":\"https:\/\/www.notibras.com\/site\/wp-content\/uploads\/2025\/11\/1114941018_0_120_711_520_1920x0_80_0_0_347a78605b608e8ae187d49737c781b9.png.webp\",\"datePublished\":\"2025-11-06T11:30:11+00:00\",\"breadcrumb\":{\"@id\":\"https:\/\/www.notibras.com\/site\/testes-nucleares-dos-americanos-podem-provocar-reacao-em-cadeia\/#breadcrumb\"},\"inLanguage\":\"pt-BR\",\"potentialAction\":[{\"@type\":\"ReadAction\",\"target\":[\"https:\/\/www.notibras.com\/site\/testes-nucleares-dos-americanos-podem-provocar-reacao-em-cadeia\/\"]}]},{\"@type\":\"ImageObject\",\"inLanguage\":\"pt-BR\",\"@id\":\"https:\/\/www.notibras.com\/site\/testes-nucleares-dos-americanos-podem-provocar-reacao-em-cadeia\/#primaryimage\",\"url\":\"https:\/\/www.notibras.com\/site\/wp-content\/uploads\/2025\/11\/1114941018_0_120_711_520_1920x0_80_0_0_347a78605b608e8ae187d49737c781b9.png.webp\",\"contentUrl\":\"https:\/\/www.notibras.com\/site\/wp-content\/uploads\/2025\/11\/1114941018_0_120_711_520_1920x0_80_0_0_347a78605b608e8ae187d49737c781b9.png.webp\",\"width\":1920,\"height\":1081},{\"@type\":\"BreadcrumbList\",\"@id\":\"https:\/\/www.notibras.com\/site\/testes-nucleares-dos-americanos-podem-provocar-reacao-em-cadeia\/#breadcrumb\",\"itemListElement\":[{\"@type\":\"ListItem\",\"position\":1,\"name\":\"In\u00edcio\",\"item\":\"https:\/\/www.notibras.com\/site\/\"},{\"@type\":\"ListItem\",\"position\":2,\"name\":\"Testes nucleares dos americanos podem provocar rea\u00e7\u00e3o em cadeia\"}]},{\"@type\":\"WebSite\",\"@id\":\"https:\/\/www.notibras.com\/site\/#website\",\"url\":\"https:\/\/www.notibras.com\/site\/\",\"name\":\"Notibras\",\"description\":\"Not\u00edcias de Bras\u00edlia, do Brasil e do Mundo\",\"publisher\":{\"@id\":\"https:\/\/www.notibras.com\/site\/#organization\"},\"potentialAction\":[{\"@type\":\"SearchAction\",\"target\":{\"@type\":\"EntryPoint\",\"urlTemplate\":\"https:\/\/www.notibras.com\/site\/?s={search_term_string}\"},\"query-input\":{\"@type\":\"PropertyValueSpecification\",\"valueRequired\":true,\"valueName\":\"search_term_string\"}}],\"inLanguage\":\"pt-BR\"},{\"@type\":\"Organization\",\"@id\":\"https:\/\/www.notibras.com\/site\/#organization\",\"name\":\"Grupo Notibras de Comunica\u00e7\u00e3o\",\"url\":\"https:\/\/www.notibras.com\/site\/\",\"logo\":{\"@type\":\"ImageObject\",\"inLanguage\":\"pt-BR\",\"@id\":\"https:\/\/www.notibras.com\/site\/#\/schema\/logo\/image\/\",\"url\":\"https:\/\/www.notibras.com\/site\/wp-content\/uploads\/2023\/01\/notibras23.png\",\"contentUrl\":\"https:\/\/www.notibras.com\/site\/wp-content\/uploads\/2023\/01\/notibras23.png\",\"width\":350,\"height\":87,\"caption\":\"Grupo Notibras de Comunica\u00e7\u00e3o\"},\"image\":{\"@id\":\"https:\/\/www.notibras.com\/site\/#\/schema\/logo\/image\/\"},\"sameAs\":[\"https:\/\/www.facebook.com\/notibras\/\",\"https:\/\/x.com\/Notibras\",\"https:\/\/www.instagram.com\/notibras\/\"]},{\"@type\":\"Person\",\"@id\":\"https:\/\/www.notibras.com\/site\/#\/schema\/person\/36ab0979449956132d3e5b517ea76ac8\",\"name\":\"Reda\u00e7\u00e3o\",\"image\":{\"@type\":\"ImageObject\",\"inLanguage\":\"pt-BR\",\"@id\":\"https:\/\/secure.gravatar.com\/avatar\/e0a867bdedb85fd243eadf09663511f96fc81e0720a4a42581f334ad4303aa6b?s=96&d=mm&r=g\",\"url\":\"https:\/\/secure.gravatar.com\/avatar\/e0a867bdedb85fd243eadf09663511f96fc81e0720a4a42581f334ad4303aa6b?s=96&d=mm&r=g\",\"contentUrl\":\"https:\/\/secure.gravatar.com\/avatar\/e0a867bdedb85fd243eadf09663511f96fc81e0720a4a42581f334ad4303aa6b?s=96&d=mm&r=g\",\"caption\":\"Reda\u00e7\u00e3o\"}}]}<\/script>\n<!-- \/ Yoast SEO plugin. -->","yoast_head_json":{"title":"Testes nucleares dos americanos podem provocar rea\u00e7\u00e3o em cadeia - Notibras","robots":{"index":"index","follow":"follow","max-snippet":"max-snippet:-1","max-image-preview":"max-image-preview:large","max-video-preview":"max-video-preview:-1"},"canonical":"https:\/\/www.notibras.com\/site\/testes-nucleares-dos-americanos-podem-provocar-reacao-em-cadeia\/","og_locale":"pt_BR","og_type":"article","og_title":"Testes nucleares dos americanos podem provocar rea\u00e7\u00e3o em cadeia - Notibras","og_description":"A Associa\u00e7\u00e3o Americana para o Controle de Armas (ACA, na sigla em ingl\u00eas) alertou que n\u00e3o h\u00e1 nenhuma raz\u00e3o t\u00e9cnica, militar ou pol\u00edtica para os Estados Unidos retomarem os testes nucleares. Os Estados Unidos realizaram 1.030 testes nucleares desde 1945, representando a maioria dos 2.056 testes realizados em todo o mundo, observou o \u00f3rg\u00e3o de [&hellip;]","og_url":"https:\/\/www.notibras.com\/site\/testes-nucleares-dos-americanos-podem-provocar-reacao-em-cadeia\/","og_site_name":"Notibras","article_publisher":"https:\/\/www.facebook.com\/notibras\/","article_published_time":"2025-11-06T11:30:11+00:00","og_image":[{"width":1920,"height":1081,"url":"https:\/\/www.notibras.com\/site\/wp-content\/uploads\/2025\/11\/1114941018_0_120_711_520_1920x0_80_0_0_347a78605b608e8ae187d49737c781b9.png.webp","type":"image\/webp"}],"author":"Reda\u00e7\u00e3o","twitter_card":"summary_large_image","twitter_creator":"@Notibras","twitter_site":"@Notibras","twitter_misc":{"Escrito por":"Reda\u00e7\u00e3o","Est. tempo de leitura":"2 minutos"},"schema":{"@context":"https:\/\/schema.org","@graph":[{"@type":"Article","@id":"https:\/\/www.notibras.com\/site\/testes-nucleares-dos-americanos-podem-provocar-reacao-em-cadeia\/#article","isPartOf":{"@id":"https:\/\/www.notibras.com\/site\/testes-nucleares-dos-americanos-podem-provocar-reacao-em-cadeia\/"},"author":{"name":"Reda\u00e7\u00e3o","@id":"https:\/\/www.notibras.com\/site\/#\/schema\/person\/36ab0979449956132d3e5b517ea76ac8"},"headline":"Testes nucleares dos americanos podem provocar rea\u00e7\u00e3o em cadeia","datePublished":"2025-11-06T11:30:11+00:00","mainEntityOfPage":{"@id":"https:\/\/www.notibras.com\/site\/testes-nucleares-dos-americanos-podem-provocar-reacao-em-cadeia\/"},"wordCount":191,"publisher":{"@id":"https:\/\/www.notibras.com\/site\/#organization"},"image":{"@id":"https:\/\/www.notibras.com\/site\/testes-nucleares-dos-americanos-podem-provocar-reacao-em-cadeia\/#primaryimage"},"thumbnailUrl":"https:\/\/www.notibras.com\/site\/wp-content\/uploads\/2025\/11\/1114941018_0_120_711_520_1920x0_80_0_0_347a78605b608e8ae187d49737c781b9.png.webp","articleSection":["Apocalipse"],"inLanguage":"pt-BR"},{"@type":"WebPage","@id":"https:\/\/www.notibras.com\/site\/testes-nucleares-dos-americanos-podem-provocar-reacao-em-cadeia\/","url":"https:\/\/www.notibras.com\/site\/testes-nucleares-dos-americanos-podem-provocar-reacao-em-cadeia\/","name":"Testes nucleares dos americanos podem provocar rea\u00e7\u00e3o em cadeia - Notibras","isPartOf":{"@id":"https:\/\/www.notibras.com\/site\/#website"},"primaryImageOfPage":{"@id":"https:\/\/www.notibras.com\/site\/testes-nucleares-dos-americanos-podem-provocar-reacao-em-cadeia\/#primaryimage"},"image":{"@id":"https:\/\/www.notibras.com\/site\/testes-nucleares-dos-americanos-podem-provocar-reacao-em-cadeia\/#primaryimage"},"thumbnailUrl":"https:\/\/www.notibras.com\/site\/wp-content\/uploads\/2025\/11\/1114941018_0_120_711_520_1920x0_80_0_0_347a78605b608e8ae187d49737c781b9.png.webp","datePublished":"2025-11-06T11:30:11+00:00","breadcrumb":{"@id":"https:\/\/www.notibras.com\/site\/testes-nucleares-dos-americanos-podem-provocar-reacao-em-cadeia\/#breadcrumb"},"inLanguage":"pt-BR","potentialAction":[{"@type":"ReadAction","target":["https:\/\/www.notibras.com\/site\/testes-nucleares-dos-americanos-podem-provocar-reacao-em-cadeia\/"]}]},{"@type":"ImageObject","inLanguage":"pt-BR","@id":"https:\/\/www.notibras.com\/site\/testes-nucleares-dos-americanos-podem-provocar-reacao-em-cadeia\/#primaryimage","url":"https:\/\/www.notibras.com\/site\/wp-content\/uploads\/2025\/11\/1114941018_0_120_711_520_1920x0_80_0_0_347a78605b608e8ae187d49737c781b9.png.webp","contentUrl":"https:\/\/www.notibras.com\/site\/wp-content\/uploads\/2025\/11\/1114941018_0_120_711_520_1920x0_80_0_0_347a78605b608e8ae187d49737c781b9.png.webp","width":1920,"height":1081},{"@type":"BreadcrumbList","@id":"https:\/\/www.notibras.com\/site\/testes-nucleares-dos-americanos-podem-provocar-reacao-em-cadeia\/#breadcrumb","itemListElement":[{"@type":"ListItem","position":1,"name":"In\u00edcio","item":"https:\/\/www.notibras.com\/site\/"},{"@type":"ListItem","position":2,"name":"Testes nucleares dos americanos podem provocar rea\u00e7\u00e3o em cadeia"}]},{"@type":"WebSite","@id":"https:\/\/www.notibras.com\/site\/#website","url":"https:\/\/www.notibras.com\/site\/","name":"Notibras","description":"Not\u00edcias de Bras\u00edlia, do Brasil e do Mundo","publisher":{"@id":"https:\/\/www.notibras.com\/site\/#organization"},"potentialAction":[{"@type":"SearchAction","target":{"@type":"EntryPoint","urlTemplate":"https:\/\/www.notibras.com\/site\/?s={search_term_string}"},"query-input":{"@type":"PropertyValueSpecification","valueRequired":true,"valueName":"search_term_string"}}],"inLanguage":"pt-BR"},{"@type":"Organization","@id":"https:\/\/www.notibras.com\/site\/#organization","name":"Grupo Notibras de Comunica\u00e7\u00e3o","url":"https:\/\/www.notibras.com\/site\/","logo":{"@type":"ImageObject","inLanguage":"pt-BR","@id":"https:\/\/www.notibras.com\/site\/#\/schema\/logo\/image\/","url":"https:\/\/www.notibras.com\/site\/wp-content\/uploads\/2023\/01\/notibras23.png","contentUrl":"https:\/\/www.notibras.com\/site\/wp-content\/uploads\/2023\/01\/notibras23.png","width":350,"height":87,"caption":"Grupo Notibras de Comunica\u00e7\u00e3o"},"image":{"@id":"https:\/\/www.notibras.com\/site\/#\/schema\/logo\/image\/"},"sameAs":["https:\/\/www.facebook.com\/notibras\/","https:\/\/x.com\/Notibras","https:\/\/www.instagram.com\/notibras\/"]},{"@type":"Person","@id":"https:\/\/www.notibras.com\/site\/#\/schema\/person\/36ab0979449956132d3e5b517ea76ac8","name":"Reda\u00e7\u00e3o","image":{"@type":"ImageObject","inLanguage":"pt-BR","@id":"https:\/\/secure.gravatar.com\/avatar\/e0a867bdedb85fd243eadf09663511f96fc81e0720a4a42581f334ad4303aa6b?s=96&d=mm&r=g","url":"https:\/\/secure.gravatar.com\/avatar\/e0a867bdedb85fd243eadf09663511f96fc81e0720a4a42581f334ad4303aa6b?s=96&d=mm&r=g","contentUrl":"https:\/\/secure.gravatar.com\/avatar\/e0a867bdedb85fd243eadf09663511f96fc81e0720a4a42581f334ad4303aa6b?s=96&d=mm&r=g","caption":"Reda\u00e7\u00e3o"}}]}},"amp_enabled":true,"_links":{"self":[{"href":"https:\/\/www.notibras.com\/site\/wp-json\/wp\/v2\/posts\/369808","targetHints":{"allow":["GET"]}}],"collection":[{"href":"https:\/\/www.notibras.com\/site\/wp-json\/wp\/v2\/posts"}],"about":[{"href":"https:\/\/www.notibras.com\/site\/wp-json\/wp\/v2\/types\/post"}],"author":[{"embeddable":true,"href":"https:\/\/www.notibras.com\/site\/wp-json\/wp\/v2\/users\/2"}],"replies":[{"embeddable":true,"href":"https:\/\/www.notibras.com\/site\/wp-json\/wp\/v2\/comments?post=369808"}],"version-history":[{"count":1,"href":"https:\/\/www.notibras.com\/site\/wp-json\/wp\/v2\/posts\/369808\/revisions"}],"predecessor-version":[{"id":369810,"href":"https:\/\/www.notibras.com\/site\/wp-json\/wp\/v2\/posts\/369808\/revisions\/369810"}],"wp:featuredmedia":[{"embeddable":true,"href":"https:\/\/www.notibras.com\/site\/wp-json\/wp\/v2\/media\/369809"}],"wp:attachment":[{"href":"https:\/\/www.notibras.com\/site\/wp-json\/wp\/v2\/media?parent=369808"}],"wp:term":[{"taxonomy":"category","embeddable":true,"href":"https:\/\/www.notibras.com\/site\/wp-json\/wp\/v2\/categories?post=369808"},{"taxonomy":"post_tag","embeddable":true,"href":"https:\/\/www.notibras.com\/site\/wp-json\/wp\/v2\/tags?post=369808"}],"curies":[{"name":"wp","href":"https:\/\/api.w.org\/{rel}","templated":true}]}}