{"id":369811,"date":"2025-11-06T06:41:53","date_gmt":"2025-11-06T09:41:53","guid":{"rendered":"https:\/\/www.notibras.com\/site\/?p=369811"},"modified":"2025-11-06T08:43:20","modified_gmt":"2025-11-06T11:43:20","slug":"festival-cidades-do-futuro-reune-artistas-e-ativistas-em-salvador","status":"publish","type":"post","link":"https:\/\/www.notibras.com\/site\/festival-cidades-do-futuro-reune-artistas-e-ativistas-em-salvador\/","title":{"rendered":"Festival Cidades do Futuro re\u00fane artistas e ativistas em Salvador"},"content":{"rendered":"<p>Enquanto Bel\u00e9m (PA) se prepara para receber a COP 30, a partir da pr\u00f3xima segunda-feira (10), Salvador j\u00e1 vive clima de mobiliza\u00e7\u00f5es por um futuro sustent\u00e1vel. Temas como justi\u00e7a clim\u00e1tica, cidades ecol\u00f3gicas e patrim\u00f4nio ambiental est\u00e3o na programa\u00e7\u00e3o do Festival Nosso Futuro, como parte das celebra\u00e7\u00f5es dos 200 anos de rela\u00e7\u00f5es diplom\u00e1ticas entre o Brasil e a Fran\u00e7a.<\/p>\n<p>At\u00e9 s\u00e1bado (8), a capital baiana estar\u00e1 ocupada por eventos culturais, gastron\u00f4micos, exposi\u00e7\u00f5es e oficinas com ativistas, artistas e empreendedores engajados na constru\u00e7\u00e3o de territ\u00f3rios mais justos e sustent\u00e1veis. Evento re\u00fane, em sua maioria, jovens franceses, brasileiros e africanos preocupados com o futuro do planeta, diante das mudan\u00e7as clim\u00e1ticas.<\/p>\n<p>Foi esse mesmo p\u00fablico que lotou, nessa quarta-feira (5), o Museu de Arte Moderna para a abertura oficial do F\u00f3rum Brasil-Fran\u00e7a: di\u00e1logos com a \u00c1frica, que contou com a presen\u00e7a do presidente franc\u00eas Emmanuel Macron, ao lado de representantes do governo do Brasil e do Benim.<\/p>\n<p>Ao se dirigir ao p\u00fablico presente, Macron falou da import\u00e2ncia do di\u00e1logo e da capacidade de inova\u00e7\u00e3o para um futuro sustent\u00e1vel. O presidente franc\u00eas destacou a arte como elo de comunica\u00e7\u00e3o entre Europa, \u00c1frica e Am\u00e9rica do Sul.<\/p>\n<p>\u201cEu espero muito desse \u2018tri\u00e2ngulo amoroso\u2019\u201d, disse o franc\u00eas em refer\u00eancia aos tr\u00eas continentes, provocando risadas dos presentes.<\/p>\n<p>Tamb\u00e9m estiveram no evento o ministro das Rela\u00e7\u00f5es Exteriores do Benim, Olushegun Adjadi Bakari, a ministra da Cultura, Margareth Menezes, o governador da Bahia, Jer\u00f4nimo Rodrigues, e o prefeito de Salvador, Bruno Reis.<\/p>\n<p>A ministra Margareth Menezes fez quest\u00e3o de enfatizar a import\u00e2ncia das discuss\u00f5es e da inclus\u00e3o dos jovens na tem\u00e1tica, para que se encontre \u201cum lugar de futuro com dignidade para todos\u201d.<\/p>\n<p>Para Bakari, a experi\u00eancia de outras seis edi\u00e7\u00f5es do f\u00f3rum realizadas no continente africano, inclusive no Benim, confirma a identidade cultural comum entre os tr\u00eas mundos e reafirma a import\u00e2ncia da cultura e da juventude \u00e0 frente da constru\u00e7\u00e3o de territ\u00f3rios inclusivos e mais justos.<\/p>\n","protected":false},"excerpt":{"rendered":"<p>Enquanto Bel\u00e9m (PA) se prepara para receber a COP 30, a partir da pr\u00f3xima segunda-feira (10), Salvador j\u00e1 vive clima de mobiliza\u00e7\u00f5es por um futuro sustent\u00e1vel. Temas como justi\u00e7a clim\u00e1tica, cidades ecol\u00f3gicas e patrim\u00f4nio ambiental est\u00e3o na programa\u00e7\u00e3o do Festival Nosso Futuro, como parte das celebra\u00e7\u00f5es dos 200 anos de rela\u00e7\u00f5es diplom\u00e1ticas entre o Brasil [&hellip;]<\/p>\n","protected":false},"author":2,"featured_media":369812,"comment_status":"closed","ping_status":"closed","sticky":false,"template":"","format":"standard","meta":{"_acf_changed":false,"footnotes":""},"categories":[165],"tags":[],"class_list":["post-369811","post","type-post","status-publish","format-standard","has-post-thumbnail","hentry","category-nordeste"],"acf":[],"_links":{"self":[{"href":"https:\/\/www.notibras.com\/site\/wp-json\/wp\/v2\/posts\/369811","targetHints":{"allow":["GET"]}}],"collection":[{"href":"https:\/\/www.notibras.com\/site\/wp-json\/wp\/v2\/posts"}],"about":[{"href":"https:\/\/www.notibras.com\/site\/wp-json\/wp\/v2\/types\/post"}],"author":[{"embeddable":true,"href":"https:\/\/www.notibras.com\/site\/wp-json\/wp\/v2\/users\/2"}],"replies":[{"embeddable":true,"href":"https:\/\/www.notibras.com\/site\/wp-json\/wp\/v2\/comments?post=369811"}],"version-history":[{"count":1,"href":"https:\/\/www.notibras.com\/site\/wp-json\/wp\/v2\/posts\/369811\/revisions"}],"predecessor-version":[{"id":369813,"href":"https:\/\/www.notibras.com\/site\/wp-json\/wp\/v2\/posts\/369811\/revisions\/369813"}],"wp:featuredmedia":[{"embeddable":true,"href":"https:\/\/www.notibras.com\/site\/wp-json\/wp\/v2\/media\/369812"}],"wp:attachment":[{"href":"https:\/\/www.notibras.com\/site\/wp-json\/wp\/v2\/media?parent=369811"}],"wp:term":[{"taxonomy":"category","embeddable":true,"href":"https:\/\/www.notibras.com\/site\/wp-json\/wp\/v2\/categories?post=369811"},{"taxonomy":"post_tag","embeddable":true,"href":"https:\/\/www.notibras.com\/site\/wp-json\/wp\/v2\/tags?post=369811"}],"curies":[{"name":"wp","href":"https:\/\/api.w.org\/{rel}","templated":true}]}}