{"id":369855,"date":"2025-11-07T00:45:41","date_gmt":"2025-11-07T03:45:41","guid":{"rendered":"https:\/\/www.notibras.com\/site\/?p=369855"},"modified":"2025-11-06T23:23:21","modified_gmt":"2025-11-07T02:23:21","slug":"gdf-apresenta-solucoes-de-sustentabilidade-do-distrito-federal","status":"publish","type":"post","link":"https:\/\/www.notibras.com\/site\/gdf-apresenta-solucoes-de-sustentabilidade-do-distrito-federal\/","title":{"rendered":"GDF apresenta solu\u00e7\u00f5es de sustentabilidade do Distrito Federal"},"content":{"rendered":"<p>A Secretaria do Meio Ambiente do Distrito Federal (Sema-DF) e o Instituto Bras\u00edlia Ambiental estar\u00e3o na 30\u00aa Confer\u00eancia das Na\u00e7\u00f5es Unidas sobre Mudan\u00e7as Clim\u00e1ticas (COP 30), em Bel\u00e9m (PA). O evento \u00e9 considerado um marco hist\u00f3rico para o Brasil e para biomas fundamentais como o da Amaz\u00f4nia e o do Cerrado.<\/p>\n<p>A delega\u00e7\u00e3o do Distrito Federal ser\u00e1 composta por t\u00e9cnicos e gestores, com o objetivo de fortalecer as pol\u00edticas p\u00fablicas ambientais e garantir o alinhamento dos programas distritais \u00e0s metas globais de mitiga\u00e7\u00e3o e adapta\u00e7\u00e3o \u00e0s mudan\u00e7as clim\u00e1ticas. Entre as iniciativas que ter\u00e3o destaque na confer\u00eancia est\u00e3o o Plano Carbono Neutro do DF, o Plano de Adapta\u00e7\u00e3o e mitiga\u00e7\u00e3o \u00e0s Mudan\u00e7as do Clima, o Invent\u00e1rio de Emiss\u00f5es de Gases de Efeito Estufa (GEE) e o Programa de Preven\u00e7\u00e3o e Combate aos Inc\u00eandios Florestais (PPCIF).<\/p>\n<p>Para a vice-governadora do Distrito Federal, Celina Le\u00e3o, o compromisso da capital federal com a agenda ambiental j\u00e1 \u00e9 reconhecido nacionalmente. \u201cO Distrito Federal tem demonstrado que sustentabilidade n\u00e3o \u00e9 apenas discurso, \u00e9 a\u00e7\u00e3o concreta. A COP 30 ser\u00e1 uma oportunidade de mostrar ao mundo o que estamos fazendo em defesa do Cerrado e da qualidade de vida da nossa popula\u00e7\u00e3o\u201d, afirmou.<\/p>\n<p>De acordo com o secret\u00e1rio do Meio Ambiente do DF, Gutemberg Gomes, a participa\u00e7\u00e3o na COP 30 \u00e9 fundamental para integrar os planos e programas locais \u00e0s diretrizes globais de enfrentamento \u00e0 crise clim\u00e1tica. Segundo ele, a moderniza\u00e7\u00e3o da gest\u00e3o ambiental, com uso de tecnologias e estrat\u00e9gias de reflorestamento e preven\u00e7\u00e3o de desastres, precisa estar alinhada \u00e0s decis\u00f5es que nortear\u00e3o as pol\u00edticas p\u00fablicas no pa\u00eds e nos estados. \u201cNosso objetivo \u00e9 apresentar o Distrito Federal como um exemplo de sustentabilidade e garantir que o Cerrado, o cora\u00e7\u00e3o do Brasil, se apresente ao mundo como um s\u00edmbolo de resili\u00eancia, biodiversidade e esperan\u00e7a\u201d, afirmou.<\/p>\n<p>Segundo o presidente do Instituto Bras\u00edlia Ambiental, R\u00f4ney Nemer, a confer\u00eancia \u00e9 uma oportunidade estrat\u00e9gica de ampliar o reconhecimento do Cerrado como bioma vital para o pa\u00eds. \u201cTemos no Distrito Federal o ber\u00e7o das \u00e1guas, o segundo maior bioma do pa\u00eds. Precisamos demonstrar ao mundo que o Brasil vai para al\u00e9m da Amaz\u00f4nia, e que nossos projetos e iniciativas s\u00e3o importantes para a continuidade das gera\u00e7\u00f5es\u201d, afirmou. Segundo ele, para al\u00e9m de discutir o cuidado com o meio ambiente como um todo, a COP 30 \u00e9 um espa\u00e7o essencial para evidenciar a pot\u00eancia do Cerrado como produtor de \u00e1gua e protagonista da sustentabilidade nacional.<\/p>\n<p>O DF tamb\u00e9m marcar\u00e1 presen\u00e7a no painel Gest\u00e3o territorial, sociobiodiversidade e economia verde: experi\u00eancias do Distrito Federal no enfrentamento \u00e0s mudan\u00e7as clim\u00e1ticas.<\/p>\n<p><strong>Programa\u00e7\u00e3o do painel:<\/strong><\/p>\n<p>Painel 1 \u2014 O secret\u00e1rio Gutemberg Gomes apresenta a moderniza\u00e7\u00e3o da gest\u00e3o ambiental e as estrat\u00e9gias para o desenvolvimento sustent\u00e1vel do DF<\/p>\n<p>Painel 2 \u2014 Rog\u00e9rio Silva (Sema-DF) aborda o uso e ocupa\u00e7\u00e3o do solo como instrumento para reduzir vulnerabilidades clim\u00e1ticas e promover cidades mais resilientes<\/p>\n<p>Painel 3 \u2014 Glauco Amorim (Sema-DF) fala sobre o papel do poder p\u00fablico na dinamiza\u00e7\u00e3o das cadeias da sociobiodiversidade e no fortalecimento da economia circular e inclusiva<\/p>\n<p>Painel 4 \u2014 Dahiana Ribeiro (Instituto Arapoti) apresenta o projeto Ecograna, que transforma res\u00edduos recicl\u00e1veis em cr\u00e9ditos verdes, incentivando a educa\u00e7\u00e3o ambiental e financeira<\/p>\n<p>Painel 5 \u2014 Marcos Ant\u00f4nio Trajano Ferreira (SES-DF) detalha o projeto dos Hortos Agroflorestais Medicinais Biodin\u00e2micos<\/p>\n<p>Painel 6 \u2014 R\u00f4ney Nemer (Bras\u00edlia Ambiental) destaca a import\u00e2ncia das Reservas Particulares do Patrim\u00f4nio Natural (RPPN) como instrumento de conserva\u00e7\u00e3o e engajamento do setor privado<\/p>\n<p><strong>Coopera\u00e7\u00e3o e proje\u00e7\u00e3o global<\/strong><\/p>\n<p>A participa\u00e7\u00e3o da Sema-DF e do Instituto Bras\u00edlia Ambiental refor\u00e7a a import\u00e2ncia da articula\u00e7\u00e3o com organismos internacionais, ag\u00eancias de fomento, governos e organiza\u00e7\u00f5es da sociedade civil. O objetivo \u00e9 consolidar parcerias para capta\u00e7\u00e3o de recursos, transfer\u00eancia de tecnologias limpas e execu\u00e7\u00e3o de projetos sustent\u00e1veis nas \u00e1reas de energia renov\u00e1vel, gest\u00e3o h\u00eddrica e agricultura de baixo carbono.<\/p>\n<p>O GDF tamb\u00e9m levar\u00e1 \u00e0 COP 30 resultados de projetos como o Sistema Distrital de Informa\u00e7\u00f5es Ambientais (Sisdia), a primeira usina p\u00fablica de energia fotovoltaica, o Programa Parque Educador e o Plano de Gerenciamento de Res\u00edduos S\u00f3lidos Digital (PGRS), que refletem o compromisso do DF com pr\u00e1ticas sustent\u00e1veis e eficientes.<\/p>\n<p>A Sema-DF e o Bras\u00edlia Ambiental reconhecem que o protagonismo ambiental da capital do pa\u00eds \u00e9 fruto da compet\u00eancia t\u00e9cnica e do comprometimento de seus servidores. A presen\u00e7a na COP 30 reafirma o papel do DF como refer\u00eancia nacional em pol\u00edticas p\u00fablicas eficazes para o enfrentamento das mudan\u00e7as clim\u00e1ticas.<\/p>\n","protected":false},"excerpt":{"rendered":"<p>A Secretaria do Meio Ambiente do Distrito Federal (Sema-DF) e o Instituto Bras\u00edlia Ambiental estar\u00e3o na 30\u00aa Confer\u00eancia das Na\u00e7\u00f5es Unidas sobre Mudan\u00e7as Clim\u00e1ticas (COP 30), em Bel\u00e9m (PA). O evento \u00e9 considerado um marco hist\u00f3rico para o Brasil e para biomas fundamentais como o da Amaz\u00f4nia e o do Cerrado. A delega\u00e7\u00e3o do Distrito [&hellip;]<\/p>\n","protected":false},"author":21,"featured_media":369856,"comment_status":"closed","ping_status":"closed","sticky":false,"template":"","format":"standard","meta":{"_acf_changed":false,"footnotes":""},"categories":[161],"tags":[],"class_list":["post-369855","post","type-post","status-publish","format-standard","has-post-thumbnail","hentry","category-quadradinho-em-foco"],"acf":[],"_links":{"self":[{"href":"https:\/\/www.notibras.com\/site\/wp-json\/wp\/v2\/posts\/369855","targetHints":{"allow":["GET"]}}],"collection":[{"href":"https:\/\/www.notibras.com\/site\/wp-json\/wp\/v2\/posts"}],"about":[{"href":"https:\/\/www.notibras.com\/site\/wp-json\/wp\/v2\/types\/post"}],"author":[{"embeddable":true,"href":"https:\/\/www.notibras.com\/site\/wp-json\/wp\/v2\/users\/21"}],"replies":[{"embeddable":true,"href":"https:\/\/www.notibras.com\/site\/wp-json\/wp\/v2\/comments?post=369855"}],"version-history":[{"count":3,"href":"https:\/\/www.notibras.com\/site\/wp-json\/wp\/v2\/posts\/369855\/revisions"}],"predecessor-version":[{"id":369872,"href":"https:\/\/www.notibras.com\/site\/wp-json\/wp\/v2\/posts\/369855\/revisions\/369872"}],"wp:featuredmedia":[{"embeddable":true,"href":"https:\/\/www.notibras.com\/site\/wp-json\/wp\/v2\/media\/369856"}],"wp:attachment":[{"href":"https:\/\/www.notibras.com\/site\/wp-json\/wp\/v2\/media?parent=369855"}],"wp:term":[{"taxonomy":"category","embeddable":true,"href":"https:\/\/www.notibras.com\/site\/wp-json\/wp\/v2\/categories?post=369855"},{"taxonomy":"post_tag","embeddable":true,"href":"https:\/\/www.notibras.com\/site\/wp-json\/wp\/v2\/tags?post=369855"}],"curies":[{"name":"wp","href":"https:\/\/api.w.org\/{rel}","templated":true}]}}