{"id":369885,"date":"2025-11-07T00:21:50","date_gmt":"2025-11-07T03:21:50","guid":{"rendered":"https:\/\/www.notibras.com\/site\/?p=369885"},"modified":"2025-11-07T00:26:43","modified_gmt":"2025-11-07T03:26:43","slug":"brasil-primo-de-basilio-vive-em-um-abismo-por-deixar-a-ciencia-de-lado","status":"publish","type":"post","link":"https:\/\/www.notibras.com\/site\/brasil-primo-de-basilio-vive-em-um-abismo-por-deixar-a-ciencia-de-lado\/","title":{"rendered":"Brasil, primo de Bas\u00edlio, vive em um abismo por deixar a Ci\u00eancia de lado"},"content":{"rendered":"<p>O atraso, seja pol\u00edtico, seja econ\u00f4mico, sempre foi a ideologia da classe dominante aqui instalada pelas naus portuguesas, dependente da irmandade siamesa entre latif\u00fandio e escravismo. O primarismo fez-se valer como necessidade da pol\u00edtica de posse da terra, alternativa \u00e0 coloniza\u00e7\u00e3o para a qual Portugal carecia de meios. Assim, com as nuances impostas pelo processo hist\u00f3rico, o atraso estrutural chega ao capitalismo e \u00e0 Rep\u00fablica nos meados do s\u00e9culo XX, impondo ao novo regime, no contrapelo da modernidade prometida, o modelo colonial da\u00a0<i>plantation<\/i>, voltado para a exporta\u00e7\u00e3o.<\/p>\n<p>A Rep\u00fablica herda os males do Imp\u00e9rio.<\/p>\n<p>Os primeiros ide\u00f3logos do primarismo, impl\u00edcita nele a depend\u00eancia e a aliena\u00e7\u00e3o de um projeto de na\u00e7\u00e3o e de pa\u00eds, destacaram-se ainda antes da Independ\u00eancia, e um de seus \u00edcones certamente \u00e9 o Visconde de Cairu, defensor da abertura comercial e de nossa integra\u00e7\u00e3o atl\u00e2ntica \u2014 necessariamente dependente \u2014 como fornecedores de produtos prim\u00e1rios (<i>Princ\u00edpios de economia pol\u00edtica<\/i>, 1804). Te\u00f3filo Otoni, meio s\u00e9culo adiante, insistiria na prioridade brasileira da agricultura de exporta\u00e7\u00e3o (<i>Discursos parlamentares<\/i>, 1850). Um pouco mais tarde (1870\u20131888), \u00e0s v\u00e9speras da despedida da monarquia, o Partido Conservador, chefiando o \u00faltimo gabinete de Pedro II, proclama nosso destino como &#8220;um pa\u00eds agr\u00edcola por natureza&#8221; e &#8220;a lavoura como o esteio da nacionalidade&#8221;.<\/p>\n<p>Essa ideologia domina o pa\u00eds, ainda hoje, nada obstante a Rep\u00fablica, nada obstante o movimento de 1930, nada obstante os esfor\u00e7os industrialistas, a crise do caf\u00e9 e as iniciativas do getulismo no &#8220;Estado Novo&#8221;.<\/p>\n<p>Nos anos 1940, nos estertores da Segunda Guerra Mundial, o mantra conservador e antidesenvolvimentista ainda faz escola. Seu mais importante formulador ser\u00e1 o engenheiro-economista Eug\u00eanio Gudin, liberal ortodoxo. Sua tribuna s\u00e3o a universidade, a grande imprensa, o Estado (foi ministro da Fazenda no governo Caf\u00e9 Filho, 1954\u20131955) e, talvez principalmente, a Funda\u00e7\u00e3o Get\u00falio Vargas, onde funda o Instituto Brasileiro de Economia (IBRE) e a\u00a0<i>Revista de Economia<\/i>, castelo forte do pensamento conservador e monetarista que mais tarde dar\u00e1 sustenta\u00e7\u00e3o \u00e0 pol\u00edtica econ\u00f4mica da ditadura. Escreveu\u00a0<i>Princ\u00edpios de economia monet\u00e1ria<\/i>\u00a0(1943), e sua vasta colabora\u00e7\u00e3o em\u00a0<i>O Globo<\/i>\u00a0est\u00e1 reunida em\u00a0<i>O pensamento de Eug\u00eanio Gudin<\/i>, editado pela FGV.\u00a0O patriarca do pensamento econ\u00f4mico conservador retoma a tese da &#8220;voca\u00e7\u00e3o\u00a0agr\u00edcola do pa\u00eds&#8221;, combate o planejamento \u2014 acusado por ele como instrumento de &#8220;desequil\u00edbrios inflacion\u00e1rios&#8221; \u2014 e investe contra qualquer pol\u00edtica de prote\u00e7\u00e3o ao similar nacional e toda sorte de est\u00edmulo ou incentivo \u00e0 produ\u00e7\u00e3o industrial. Nos anos 1940 enfrentou pol\u00eamicas com Roberto Simonsen, l\u00edder industrial paulista e defensor, desde os idos de 1930, do planejamento industrial.<\/p>\n<p>A industrializa\u00e7\u00e3o como raiz do desenvolvimento toma corpo pol\u00edtico nos governos Vargas e JK e, no plano te\u00f3rico, nas formula\u00e7\u00f5es de Ign\u00e1cio Rangel (supera\u00e7\u00e3o da estrutura agr\u00e1rio-exportadora) e Celso Furtado, o mais fecundo dos analistas da forma\u00e7\u00e3o econ\u00f4mica do pa\u00eds no s\u00e9culo passado, com importante passagem pela administra\u00e7\u00e3o p\u00fablica. Foi superintendente da Sudene nos governos JK (1956\u20131961) e J\u00e2nio (1961), e ministro do Planejamento no per\u00edodo Jo\u00e3o Goulart (1961\u20131964), quando teve seus direitos pol\u00edticos cassados pelo regime militar.<\/p>\n<p>Nos anos 1950, em contraste com os pa\u00edses que se desenvolviam, o Brasil era ainda uma economia essencialmente agr\u00e1rio-exportadora, marcada por forte depend\u00eancia das vendas de caf\u00e9, algod\u00e3o e cacau; a industrializa\u00e7\u00e3o incipiente se concentrava nas regi\u00f5es Sudeste e Sul. A ind\u00fastria de transforma\u00e7\u00e3o representava pouco mais de 20% do PIB, mas era voltada sobretudo \u00e0 substitui\u00e7\u00e3o de importa\u00e7\u00f5es de bens de consumo leves \u2014 t\u00eaxteis, alimentos processados, cal\u00e7ados etc. \u2014, com reduzida presen\u00e7a de setores de bens de capital e tecnologia. Algo como 50% da popula\u00e7\u00e3o viviam no campo, e o analfabetismo lavrava. O sistema produtivo permanecia dependente de importa\u00e7\u00f5es de insumos industriais, de m\u00e1quinas e de tecnologia, al\u00e9m de sens\u00edvel \u00e0s flutua\u00e7\u00f5es externas de pre\u00e7o das <i>commodities<\/i>\u00a0e \u00e0s seguidas crises cambiais.<\/p>\n<p>Na abertura da d\u00e9cada, no outro lado do mundo, um pa\u00eds devastado \u2014 com renda per capita inferior \u00e0 de quase toda a Am\u00e9rica Latina, industrializa\u00e7\u00e3o em seus primeiros vagidos, baixa produtividade agr\u00edcola, 80% de sua popula\u00e7\u00e3o pobre ou paup\u00e9rrima morando no campo, taxa de analfabetismo que ultrapassava os 80% \u2014 cobrou a aten\u00e7\u00e3o do planeta ao anunciar uma revolu\u00e7\u00e3o fora dos padr\u00f5es ocidentais. Era o Estado mao\u00edsta, um processo de reconstru\u00e7\u00e3o nacional sob economia planificada, priorizando a reforma agr\u00e1ria e a cria\u00e7\u00e3o de uma ind\u00fastria pesada estatal.<\/p>\n<p>Nos anos 1950 e 1960, essa China ainda reproduzia a matriz do modelo sovi\u00e9tico de desenvolvimento, com \u00eanfase em siderurgia, gera\u00e7\u00e3o de energia e produ\u00e7\u00e3o de m\u00e1quinas de baixo n\u00edvel tecnol\u00f3gico, mas lan\u00e7ava as bases de uma industrializa\u00e7\u00e3o autocentrada e de um sistema de ci\u00eancia e educa\u00e7\u00e3o estatal, que, d\u00e9cadas depois, permitiriam a transi\u00e7\u00e3o para o capitalismo de Estado reformado de Deng Xiaoping e o salto tecnol\u00f3gico das reformas a partir de 1978, vencida a &#8220;Revolu\u00e7\u00e3o Cultural&#8221;.<\/p>\n<p>Mas era uma China posta a pique. Exaurida, vinha da Segunda Guerra Mundial, da invas\u00e3o japonesa (1937\u20131945), do devastador colonialismo brit\u00e2nico (s\u00e9culo XIX e in\u00edcio do XX) e de sua &#8220;Guerra do \u00d3pio&#8221; (1839\u20131842 e 1856\u20131860); e, ao fim, vinha ainda de uma guerra civil que, em cerca de 22 anos (1927\u20131949), matara aproximadamente 2% de sua popula\u00e7\u00e3o \u2014 algo entre 1,5 e 2 milh\u00f5es de pessoas.<\/p>\n<p>Aqui, abaixo do equador, est\u00e1vamos afastados das garras do colonialismo europeu; n\u00e3o cont\u00e1vamos com amea\u00e7as \u00e0 nossa integridade territorial, cheg\u00e1vamos da Segunda Guerra como vitoriosos e amealh\u00e1vamos divisas. Import\u00e1vamos mat\u00e9ria pl\u00e1stica, petr\u00f3leo barato, consum\u00edamos Coca-Cola, revistas em quadrinhos, masc\u00e1vamos chicletes e namor\u00e1vamos o cinema estadunidense.<\/p>\n<p>Na d\u00e9cada anterior, patrocin\u00e1ramos um movimento inter-olig\u00e1rquico, conhecido como &#8220;Revolu\u00e7\u00e3o de 1930&#8221;, que abrira caminho para a moderniza\u00e7\u00e3o do Estado. Em 1945, abandon\u00e1ramos uma ditadura modernizante para ingressar em uma democracia representativa e, em 1950, eleg\u00edamos um governo trabalhista que ousava falar na emerg\u00eancia da classe trabalhadora.<\/p>\n<p>Nada sugeria a persist\u00eancia de nosso atraso \u2014 o atraso que recus\u00e1vamos reconhecer. Parec\u00edamos nos contentar com nosso papel subalterno e com nossas limitadas expectativas de futuro.<\/p>\n<p>Enquanto o Brasil se desindustrializava e permanecia sitiado pelo padr\u00e3o prim\u00e1rio-exportador (70% de nossas exporta\u00e7\u00f5es, ainda hoje, s\u00e3o <i>commodities<\/i>, enquanto 80% das importa\u00e7\u00f5es est\u00e3o na conta de manufaturados), a China, entre 1975 e 2023, saltava de um subdesenvolvimento mais profundo e complexo do que o nosso para se tornar a maior plataforma manufatureira do planeta: 90% de suas exporta\u00e7\u00f5es hoje s\u00e3o industriais.<\/p>\n<p>Permanecemos, neste 2025, na periferia atrasada do capitalismo, no Sul global, cuidando de nossas exporta\u00e7\u00f5es de <i>commodities<\/i>\u00a0e da importa\u00e7\u00e3o de tecnologia e bens manufaturados. Observe-se, por\u00e9m, que o gigante asi\u00e1tico n\u00e3o obrou milagres. A hist\u00f3ria desconhece acasos, e a economia rejeita prod\u00edgios.<\/p>\n<p>Sen\u00e3o, vejamos:<\/p>\n<p>Nos anos 1970, tanto o Brasil quanto a China investiam algo como 2% de seus respectivos PIBs em pesquisa e desenvolvimento; a paridade dos n\u00fameros, por\u00e9m, n\u00e3o revela a distin\u00e7\u00e3o dos projetos pol\u00edticos. Aqui come\u00e7am as diferen\u00e7as de fundo que tamb\u00e9m v\u00e3o determinar futuros essencialmente diversos.<\/p>\n<p>A partir de 1999, a China multiplica seus investimentos para, em 2024, destinar 2,6% de seu PIB (663 a Ci\u00eancia, Tecnologia e Inova\u00e7\u00e3o, enquanto n\u00f3s nos conformamos com apenas 1,2% de nosso PIB, cifra inferior \u00e0 alcan\u00e7ada no j\u00e1 long\u00ednquo 2003. Ademais, a partir de 1990, nos d\u00e9ramos \u00e0 irresponsabilidade pol\u00edtica de descontinuar a estrat\u00e9gia de coordena\u00e7\u00e3o Estado\u2013ind\u00fastria\u2013conhecimento, gerando \u00f3bvias consequ\u00eancias negativas na desindustrializa\u00e7\u00e3o e na crescente depend\u00eancia tecnol\u00f3gica, que coarta nosso desenvolvimento.<\/p>\n<p>Em 1978, j\u00e1 sob a lideran\u00e7a de Deng Xiaoping, a\u00a0 China levara a cabo o chamado &#8220;ciclo de reforma e abertura&#8221;, revendo sua estrat\u00e9gia de desenvolvimento. O Estado coordena o complexo educa\u00e7\u00e3o\u2013pesquisa cient\u00edfica\u2013pol\u00edtica industrial como um \u00fanico projeto nacional de desenvolvimento, com defini\u00e7\u00e3o clara de pol\u00edticas priorit\u00e1rias e investimentos persistentes na forma\u00e7\u00e3o de matem\u00e1ticos e engenheiros \u2014 no mesmo per\u00edodo em que o Brasil, no rastro das crises econ\u00f4micas do final da d\u00e9cada de 1970 e in\u00edcio dos anos 1980, ingressa num ciclo de descontinuidade dos projetos estrat\u00e9gicos e de redu\u00e7\u00e3o da capacidade do Estado de coordenar investimentos e manter pol\u00edticas estruturantes.<\/p>\n<p>O Estado, aqui, tem reduzida sua capacidade de coordenar investimentos em ci\u00eancia e tecnologia, desfaz-se de uma pol\u00edtica industrial de longo prazo e compromete a forma\u00e7\u00e3o de cadeias produtivas complexas. Como efeito cumulativo, agrava-se a depend\u00eancia tecnol\u00f3gica externa, sobretudo na importa\u00e7\u00e3o de equipamentos e processos industriais.<\/p>\n<p>Em 2024, a diferen\u00e7a entre os dois modelos \u2014 e a dist\u00e2ncia entre os dois n\u00edveis de desenvolvimento \u2014 encontra-se consolidada. A China investe cerca de 2,5% do PIB (1,93 trilh\u00e3o\u00a0 de d\u00f3lares) \u00a0em pesquisa e desenvolvimento, formando uma economia com crescente autonomia tecnol\u00f3gica e protagonismo global em \u00e1reas como energia renov\u00e1vel, eletr\u00f4nica, telecomunica\u00e7\u00f5es, semicondutores, intelig\u00eancia artificial e produ\u00e7\u00e3o farmac\u00eautica avan\u00e7ada. O Brasil investe aproximadamente 1,2% de seu PIB (663 bilh\u00f5es de d\u00f3lares) \u00a0em P&amp;D, grande parte concentrada em universidades p\u00fablicas, com m\u00ednima participa\u00e7\u00e3o do setor privado na gera\u00e7\u00e3o de inova\u00e7\u00e3o.<\/p>\n<p>As multinacionais investem em suas matrizes, e a ind\u00fastria nacional opta por pagar\u00a0<i>royalties<\/i>.<\/p>\n<p>Em s\u00edntese, enquanto a China consolidou a ci\u00eancia e a tecnologia como eixo de seu desenvolvimento econ\u00f4mico, social e pol\u00edtico, no Brasil persistem a instabilidade or\u00e7ament\u00e1ria e a domin\u00e2ncia do mantra de um ajuste fiscal, que n\u00e3o encontra explica\u00e7\u00e3o fora do imp\u00e9rio do neoliberalismo e de nossa depend\u00eancia pol\u00edtica e ideol\u00f3gica do grande capital.<\/p>\n<p>O Fundo Nacional de Desenvolvimento Cient\u00edfico e Tecnol\u00f3gico (FNDCT) \u00e9 a principal fonte brasileira de fomento \u00e0 ci\u00eancia e tecnologia, e dele dependem tanto a pesquisa universit\u00e1ria quanto os investimentos privados em inova\u00e7\u00e3o. Seus recursos or\u00e7ament\u00e1rios, em obedi\u00eancia ao mantra do ajuste fiscal, sofreram, em 2025, um corte de 29%, o que corresponde a algo como R$ 31,3 bilh\u00f5es.<\/p>\n<p>A explica\u00e7\u00e3o de nosso atraso, principalmente em face do desenvolvimento acelerado da China, n\u00e3o se deve, pois, \u00e0 disparidade dos n\u00fameros, mas \u00e0 sua causa: a disparidade dos projetos, de sua continuidade e descontinuidade e, principalmente, da extrema diversidade das estrat\u00e9gias.<br \/>\nTudo tem seu pre\u00e7o, e as consequ\u00eancias, como ensinava o conselheiro Ac\u00e1cio, v\u00eam depois.<\/p>\n<p>&#8230;&#8230;&#8230;&#8230;&#8230;&#8230;&#8230;..<\/p>\n<p><strong>Roberto Amaral foi ministro da Ci\u00eancia e Tecnologia no governo Lula 1<\/strong><\/p>\n","protected":false},"excerpt":{"rendered":"<p>O atraso, seja pol\u00edtico, seja econ\u00f4mico, sempre foi a ideologia da classe dominante aqui instalada pelas naus portuguesas, dependente da irmandade siamesa entre latif\u00fandio e escravismo. O primarismo fez-se valer como necessidade da pol\u00edtica de posse da terra, alternativa \u00e0 coloniza\u00e7\u00e3o para a qual Portugal carecia de meios. Assim, com as nuances impostas pelo processo [&hellip;]<\/p>\n","protected":false},"author":2,"featured_media":292113,"comment_status":"closed","ping_status":"closed","sticky":false,"template":"","format":"standard","meta":{"_acf_changed":false,"footnotes":""},"categories":[16],"tags":[95],"class_list":["post-369885","post","type-post","status-publish","format-standard","has-post-thumbnail","hentry","category-brasil","tag-capa"],"acf":[],"yoast_head":"<!-- This site is optimized with the Yoast SEO plugin v27.2 - https:\/\/yoast.com\/product\/yoast-seo-wordpress\/ -->\n<title>Brasil, primo de Bas\u00edlio, vive em um abismo por deixar a Ci\u00eancia de lado - Notibras<\/title>\n<meta name=\"robots\" content=\"index, follow, max-snippet:-1, max-image-preview:large, max-video-preview:-1\" \/>\n<link rel=\"canonical\" href=\"https:\/\/www.notibras.com\/site\/brasil-primo-de-basilio-vive-em-um-abismo-por-deixar-a-ciencia-de-lado\/\" \/>\n<meta property=\"og:locale\" content=\"pt_BR\" \/>\n<meta property=\"og:type\" content=\"article\" \/>\n<meta property=\"og:title\" content=\"Brasil, primo de Bas\u00edlio, vive em um abismo por deixar a Ci\u00eancia de lado - Notibras\" \/>\n<meta property=\"og:description\" content=\"O atraso, seja pol\u00edtico, seja econ\u00f4mico, sempre foi a ideologia da classe dominante aqui instalada pelas naus portuguesas, dependente da irmandade siamesa entre latif\u00fandio e escravismo. O primarismo fez-se valer como necessidade da pol\u00edtica de posse da terra, alternativa \u00e0 coloniza\u00e7\u00e3o para a qual Portugal carecia de meios. Assim, com as nuances impostas pelo processo [&hellip;]\" \/>\n<meta property=\"og:url\" content=\"https:\/\/www.notibras.com\/site\/brasil-primo-de-basilio-vive-em-um-abismo-por-deixar-a-ciencia-de-lado\/\" \/>\n<meta property=\"og:site_name\" content=\"Notibras\" \/>\n<meta property=\"article:publisher\" content=\"https:\/\/www.facebook.com\/notibras\/\" \/>\n<meta property=\"article:published_time\" content=\"2025-11-07T03:21:50+00:00\" \/>\n<meta property=\"article:modified_time\" content=\"2025-11-07T03:26:43+00:00\" \/>\n<meta property=\"og:image\" content=\"https:\/\/www.notibras.com\/site\/wp-content\/uploads\/2022\/09\/segredo-de-justica-scaled-1.jpg\" \/>\n\t<meta property=\"og:image:width\" content=\"1024\" \/>\n\t<meta property=\"og:image:height\" content=\"682\" \/>\n\t<meta property=\"og:image:type\" content=\"image\/jpeg\" \/>\n<meta name=\"author\" content=\"Reda\u00e7\u00e3o\" \/>\n<meta name=\"twitter:card\" content=\"summary_large_image\" \/>\n<meta name=\"twitter:creator\" content=\"@Notibras\" \/>\n<meta name=\"twitter:site\" content=\"@Notibras\" \/>\n<meta name=\"twitter:label1\" content=\"Escrito por\" \/>\n\t<meta name=\"twitter:data1\" content=\"Reda\u00e7\u00e3o\" \/>\n\t<meta name=\"twitter:label2\" content=\"Est. tempo de leitura\" \/>\n\t<meta name=\"twitter:data2\" content=\"10 minutos\" \/>\n<script type=\"application\/ld+json\" class=\"yoast-schema-graph\">{\"@context\":\"https:\/\/schema.org\",\"@graph\":[{\"@type\":\"Article\",\"@id\":\"https:\/\/www.notibras.com\/site\/brasil-primo-de-basilio-vive-em-um-abismo-por-deixar-a-ciencia-de-lado\/#article\",\"isPartOf\":{\"@id\":\"https:\/\/www.notibras.com\/site\/brasil-primo-de-basilio-vive-em-um-abismo-por-deixar-a-ciencia-de-lado\/\"},\"author\":{\"name\":\"Reda\u00e7\u00e3o\",\"@id\":\"https:\/\/www.notibras.com\/site\/#\/schema\/person\/36ab0979449956132d3e5b517ea76ac8\"},\"headline\":\"Brasil, primo de Bas\u00edlio, vive em um abismo por deixar a Ci\u00eancia de lado\",\"datePublished\":\"2025-11-07T03:21:50+00:00\",\"dateModified\":\"2025-11-07T03:26:43+00:00\",\"mainEntityOfPage\":{\"@id\":\"https:\/\/www.notibras.com\/site\/brasil-primo-de-basilio-vive-em-um-abismo-por-deixar-a-ciencia-de-lado\/\"},\"wordCount\":1832,\"publisher\":{\"@id\":\"https:\/\/www.notibras.com\/site\/#organization\"},\"image\":{\"@id\":\"https:\/\/www.notibras.com\/site\/brasil-primo-de-basilio-vive-em-um-abismo-por-deixar-a-ciencia-de-lado\/#primaryimage\"},\"thumbnailUrl\":\"https:\/\/www.notibras.com\/site\/wp-content\/uploads\/2022\/09\/segredo-de-justica-scaled-1.jpg\",\"keywords\":[\"capa\"],\"articleSection\":[\"Brasil\"],\"inLanguage\":\"pt-BR\"},{\"@type\":\"WebPage\",\"@id\":\"https:\/\/www.notibras.com\/site\/brasil-primo-de-basilio-vive-em-um-abismo-por-deixar-a-ciencia-de-lado\/\",\"url\":\"https:\/\/www.notibras.com\/site\/brasil-primo-de-basilio-vive-em-um-abismo-por-deixar-a-ciencia-de-lado\/\",\"name\":\"Brasil, primo de Bas\u00edlio, vive em um abismo por deixar a Ci\u00eancia de lado - Notibras\",\"isPartOf\":{\"@id\":\"https:\/\/www.notibras.com\/site\/#website\"},\"primaryImageOfPage\":{\"@id\":\"https:\/\/www.notibras.com\/site\/brasil-primo-de-basilio-vive-em-um-abismo-por-deixar-a-ciencia-de-lado\/#primaryimage\"},\"image\":{\"@id\":\"https:\/\/www.notibras.com\/site\/brasil-primo-de-basilio-vive-em-um-abismo-por-deixar-a-ciencia-de-lado\/#primaryimage\"},\"thumbnailUrl\":\"https:\/\/www.notibras.com\/site\/wp-content\/uploads\/2022\/09\/segredo-de-justica-scaled-1.jpg\",\"datePublished\":\"2025-11-07T03:21:50+00:00\",\"dateModified\":\"2025-11-07T03:26:43+00:00\",\"breadcrumb\":{\"@id\":\"https:\/\/www.notibras.com\/site\/brasil-primo-de-basilio-vive-em-um-abismo-por-deixar-a-ciencia-de-lado\/#breadcrumb\"},\"inLanguage\":\"pt-BR\",\"potentialAction\":[{\"@type\":\"ReadAction\",\"target\":[\"https:\/\/www.notibras.com\/site\/brasil-primo-de-basilio-vive-em-um-abismo-por-deixar-a-ciencia-de-lado\/\"]}]},{\"@type\":\"ImageObject\",\"inLanguage\":\"pt-BR\",\"@id\":\"https:\/\/www.notibras.com\/site\/brasil-primo-de-basilio-vive-em-um-abismo-por-deixar-a-ciencia-de-lado\/#primaryimage\",\"url\":\"https:\/\/www.notibras.com\/site\/wp-content\/uploads\/2022\/09\/segredo-de-justica-scaled-1.jpg\",\"contentUrl\":\"https:\/\/www.notibras.com\/site\/wp-content\/uploads\/2022\/09\/segredo-de-justica-scaled-1.jpg\",\"width\":1024,\"height\":682},{\"@type\":\"BreadcrumbList\",\"@id\":\"https:\/\/www.notibras.com\/site\/brasil-primo-de-basilio-vive-em-um-abismo-por-deixar-a-ciencia-de-lado\/#breadcrumb\",\"itemListElement\":[{\"@type\":\"ListItem\",\"position\":1,\"name\":\"In\u00edcio\",\"item\":\"https:\/\/www.notibras.com\/site\/\"},{\"@type\":\"ListItem\",\"position\":2,\"name\":\"Brasil, primo de Bas\u00edlio, vive em um abismo por deixar a Ci\u00eancia de lado\"}]},{\"@type\":\"WebSite\",\"@id\":\"https:\/\/www.notibras.com\/site\/#website\",\"url\":\"https:\/\/www.notibras.com\/site\/\",\"name\":\"Notibras\",\"description\":\"Not\u00edcias de Bras\u00edlia, do Brasil e do Mundo\",\"publisher\":{\"@id\":\"https:\/\/www.notibras.com\/site\/#organization\"},\"potentialAction\":[{\"@type\":\"SearchAction\",\"target\":{\"@type\":\"EntryPoint\",\"urlTemplate\":\"https:\/\/www.notibras.com\/site\/?s={search_term_string}\"},\"query-input\":{\"@type\":\"PropertyValueSpecification\",\"valueRequired\":true,\"valueName\":\"search_term_string\"}}],\"inLanguage\":\"pt-BR\"},{\"@type\":\"Organization\",\"@id\":\"https:\/\/www.notibras.com\/site\/#organization\",\"name\":\"Grupo Notibras de Comunica\u00e7\u00e3o\",\"url\":\"https:\/\/www.notibras.com\/site\/\",\"logo\":{\"@type\":\"ImageObject\",\"inLanguage\":\"pt-BR\",\"@id\":\"https:\/\/www.notibras.com\/site\/#\/schema\/logo\/image\/\",\"url\":\"https:\/\/www.notibras.com\/site\/wp-content\/uploads\/2023\/01\/notibras23.png\",\"contentUrl\":\"https:\/\/www.notibras.com\/site\/wp-content\/uploads\/2023\/01\/notibras23.png\",\"width\":350,\"height\":87,\"caption\":\"Grupo Notibras de Comunica\u00e7\u00e3o\"},\"image\":{\"@id\":\"https:\/\/www.notibras.com\/site\/#\/schema\/logo\/image\/\"},\"sameAs\":[\"https:\/\/www.facebook.com\/notibras\/\",\"https:\/\/x.com\/Notibras\",\"https:\/\/www.instagram.com\/notibras\/\"]},{\"@type\":\"Person\",\"@id\":\"https:\/\/www.notibras.com\/site\/#\/schema\/person\/36ab0979449956132d3e5b517ea76ac8\",\"name\":\"Reda\u00e7\u00e3o\",\"image\":{\"@type\":\"ImageObject\",\"inLanguage\":\"pt-BR\",\"@id\":\"https:\/\/secure.gravatar.com\/avatar\/e0a867bdedb85fd243eadf09663511f96fc81e0720a4a42581f334ad4303aa6b?s=96&d=mm&r=g\",\"url\":\"https:\/\/secure.gravatar.com\/avatar\/e0a867bdedb85fd243eadf09663511f96fc81e0720a4a42581f334ad4303aa6b?s=96&d=mm&r=g\",\"contentUrl\":\"https:\/\/secure.gravatar.com\/avatar\/e0a867bdedb85fd243eadf09663511f96fc81e0720a4a42581f334ad4303aa6b?s=96&d=mm&r=g\",\"caption\":\"Reda\u00e7\u00e3o\"}}]}<\/script>\n<!-- \/ Yoast SEO plugin. -->","yoast_head_json":{"title":"Brasil, primo de Bas\u00edlio, vive em um abismo por deixar a Ci\u00eancia de lado - Notibras","robots":{"index":"index","follow":"follow","max-snippet":"max-snippet:-1","max-image-preview":"max-image-preview:large","max-video-preview":"max-video-preview:-1"},"canonical":"https:\/\/www.notibras.com\/site\/brasil-primo-de-basilio-vive-em-um-abismo-por-deixar-a-ciencia-de-lado\/","og_locale":"pt_BR","og_type":"article","og_title":"Brasil, primo de Bas\u00edlio, vive em um abismo por deixar a Ci\u00eancia de lado - Notibras","og_description":"O atraso, seja pol\u00edtico, seja econ\u00f4mico, sempre foi a ideologia da classe dominante aqui instalada pelas naus portuguesas, dependente da irmandade siamesa entre latif\u00fandio e escravismo. O primarismo fez-se valer como necessidade da pol\u00edtica de posse da terra, alternativa \u00e0 coloniza\u00e7\u00e3o para a qual Portugal carecia de meios. Assim, com as nuances impostas pelo processo [&hellip;]","og_url":"https:\/\/www.notibras.com\/site\/brasil-primo-de-basilio-vive-em-um-abismo-por-deixar-a-ciencia-de-lado\/","og_site_name":"Notibras","article_publisher":"https:\/\/www.facebook.com\/notibras\/","article_published_time":"2025-11-07T03:21:50+00:00","article_modified_time":"2025-11-07T03:26:43+00:00","og_image":[{"width":1024,"height":682,"url":"https:\/\/www.notibras.com\/site\/wp-content\/uploads\/2022\/09\/segredo-de-justica-scaled-1.jpg","type":"image\/jpeg"}],"author":"Reda\u00e7\u00e3o","twitter_card":"summary_large_image","twitter_creator":"@Notibras","twitter_site":"@Notibras","twitter_misc":{"Escrito por":"Reda\u00e7\u00e3o","Est. tempo de leitura":"10 minutos"},"schema":{"@context":"https:\/\/schema.org","@graph":[{"@type":"Article","@id":"https:\/\/www.notibras.com\/site\/brasil-primo-de-basilio-vive-em-um-abismo-por-deixar-a-ciencia-de-lado\/#article","isPartOf":{"@id":"https:\/\/www.notibras.com\/site\/brasil-primo-de-basilio-vive-em-um-abismo-por-deixar-a-ciencia-de-lado\/"},"author":{"name":"Reda\u00e7\u00e3o","@id":"https:\/\/www.notibras.com\/site\/#\/schema\/person\/36ab0979449956132d3e5b517ea76ac8"},"headline":"Brasil, primo de Bas\u00edlio, vive em um abismo por deixar a Ci\u00eancia de lado","datePublished":"2025-11-07T03:21:50+00:00","dateModified":"2025-11-07T03:26:43+00:00","mainEntityOfPage":{"@id":"https:\/\/www.notibras.com\/site\/brasil-primo-de-basilio-vive-em-um-abismo-por-deixar-a-ciencia-de-lado\/"},"wordCount":1832,"publisher":{"@id":"https:\/\/www.notibras.com\/site\/#organization"},"image":{"@id":"https:\/\/www.notibras.com\/site\/brasil-primo-de-basilio-vive-em-um-abismo-por-deixar-a-ciencia-de-lado\/#primaryimage"},"thumbnailUrl":"https:\/\/www.notibras.com\/site\/wp-content\/uploads\/2022\/09\/segredo-de-justica-scaled-1.jpg","keywords":["capa"],"articleSection":["Brasil"],"inLanguage":"pt-BR"},{"@type":"WebPage","@id":"https:\/\/www.notibras.com\/site\/brasil-primo-de-basilio-vive-em-um-abismo-por-deixar-a-ciencia-de-lado\/","url":"https:\/\/www.notibras.com\/site\/brasil-primo-de-basilio-vive-em-um-abismo-por-deixar-a-ciencia-de-lado\/","name":"Brasil, primo de Bas\u00edlio, vive em um abismo por deixar a Ci\u00eancia de lado - Notibras","isPartOf":{"@id":"https:\/\/www.notibras.com\/site\/#website"},"primaryImageOfPage":{"@id":"https:\/\/www.notibras.com\/site\/brasil-primo-de-basilio-vive-em-um-abismo-por-deixar-a-ciencia-de-lado\/#primaryimage"},"image":{"@id":"https:\/\/www.notibras.com\/site\/brasil-primo-de-basilio-vive-em-um-abismo-por-deixar-a-ciencia-de-lado\/#primaryimage"},"thumbnailUrl":"https:\/\/www.notibras.com\/site\/wp-content\/uploads\/2022\/09\/segredo-de-justica-scaled-1.jpg","datePublished":"2025-11-07T03:21:50+00:00","dateModified":"2025-11-07T03:26:43+00:00","breadcrumb":{"@id":"https:\/\/www.notibras.com\/site\/brasil-primo-de-basilio-vive-em-um-abismo-por-deixar-a-ciencia-de-lado\/#breadcrumb"},"inLanguage":"pt-BR","potentialAction":[{"@type":"ReadAction","target":["https:\/\/www.notibras.com\/site\/brasil-primo-de-basilio-vive-em-um-abismo-por-deixar-a-ciencia-de-lado\/"]}]},{"@type":"ImageObject","inLanguage":"pt-BR","@id":"https:\/\/www.notibras.com\/site\/brasil-primo-de-basilio-vive-em-um-abismo-por-deixar-a-ciencia-de-lado\/#primaryimage","url":"https:\/\/www.notibras.com\/site\/wp-content\/uploads\/2022\/09\/segredo-de-justica-scaled-1.jpg","contentUrl":"https:\/\/www.notibras.com\/site\/wp-content\/uploads\/2022\/09\/segredo-de-justica-scaled-1.jpg","width":1024,"height":682},{"@type":"BreadcrumbList","@id":"https:\/\/www.notibras.com\/site\/brasil-primo-de-basilio-vive-em-um-abismo-por-deixar-a-ciencia-de-lado\/#breadcrumb","itemListElement":[{"@type":"ListItem","position":1,"name":"In\u00edcio","item":"https:\/\/www.notibras.com\/site\/"},{"@type":"ListItem","position":2,"name":"Brasil, primo de Bas\u00edlio, vive em um abismo por deixar a Ci\u00eancia de lado"}]},{"@type":"WebSite","@id":"https:\/\/www.notibras.com\/site\/#website","url":"https:\/\/www.notibras.com\/site\/","name":"Notibras","description":"Not\u00edcias de Bras\u00edlia, do Brasil e do Mundo","publisher":{"@id":"https:\/\/www.notibras.com\/site\/#organization"},"potentialAction":[{"@type":"SearchAction","target":{"@type":"EntryPoint","urlTemplate":"https:\/\/www.notibras.com\/site\/?s={search_term_string}"},"query-input":{"@type":"PropertyValueSpecification","valueRequired":true,"valueName":"search_term_string"}}],"inLanguage":"pt-BR"},{"@type":"Organization","@id":"https:\/\/www.notibras.com\/site\/#organization","name":"Grupo Notibras de Comunica\u00e7\u00e3o","url":"https:\/\/www.notibras.com\/site\/","logo":{"@type":"ImageObject","inLanguage":"pt-BR","@id":"https:\/\/www.notibras.com\/site\/#\/schema\/logo\/image\/","url":"https:\/\/www.notibras.com\/site\/wp-content\/uploads\/2023\/01\/notibras23.png","contentUrl":"https:\/\/www.notibras.com\/site\/wp-content\/uploads\/2023\/01\/notibras23.png","width":350,"height":87,"caption":"Grupo Notibras de Comunica\u00e7\u00e3o"},"image":{"@id":"https:\/\/www.notibras.com\/site\/#\/schema\/logo\/image\/"},"sameAs":["https:\/\/www.facebook.com\/notibras\/","https:\/\/x.com\/Notibras","https:\/\/www.instagram.com\/notibras\/"]},{"@type":"Person","@id":"https:\/\/www.notibras.com\/site\/#\/schema\/person\/36ab0979449956132d3e5b517ea76ac8","name":"Reda\u00e7\u00e3o","image":{"@type":"ImageObject","inLanguage":"pt-BR","@id":"https:\/\/secure.gravatar.com\/avatar\/e0a867bdedb85fd243eadf09663511f96fc81e0720a4a42581f334ad4303aa6b?s=96&d=mm&r=g","url":"https:\/\/secure.gravatar.com\/avatar\/e0a867bdedb85fd243eadf09663511f96fc81e0720a4a42581f334ad4303aa6b?s=96&d=mm&r=g","contentUrl":"https:\/\/secure.gravatar.com\/avatar\/e0a867bdedb85fd243eadf09663511f96fc81e0720a4a42581f334ad4303aa6b?s=96&d=mm&r=g","caption":"Reda\u00e7\u00e3o"}}]}},"amp_enabled":true,"_links":{"self":[{"href":"https:\/\/www.notibras.com\/site\/wp-json\/wp\/v2\/posts\/369885","targetHints":{"allow":["GET"]}}],"collection":[{"href":"https:\/\/www.notibras.com\/site\/wp-json\/wp\/v2\/posts"}],"about":[{"href":"https:\/\/www.notibras.com\/site\/wp-json\/wp\/v2\/types\/post"}],"author":[{"embeddable":true,"href":"https:\/\/www.notibras.com\/site\/wp-json\/wp\/v2\/users\/2"}],"replies":[{"embeddable":true,"href":"https:\/\/www.notibras.com\/site\/wp-json\/wp\/v2\/comments?post=369885"}],"version-history":[{"count":5,"href":"https:\/\/www.notibras.com\/site\/wp-json\/wp\/v2\/posts\/369885\/revisions"}],"predecessor-version":[{"id":369891,"href":"https:\/\/www.notibras.com\/site\/wp-json\/wp\/v2\/posts\/369885\/revisions\/369891"}],"wp:featuredmedia":[{"embeddable":true,"href":"https:\/\/www.notibras.com\/site\/wp-json\/wp\/v2\/media\/292113"}],"wp:attachment":[{"href":"https:\/\/www.notibras.com\/site\/wp-json\/wp\/v2\/media?parent=369885"}],"wp:term":[{"taxonomy":"category","embeddable":true,"href":"https:\/\/www.notibras.com\/site\/wp-json\/wp\/v2\/categories?post=369885"},{"taxonomy":"post_tag","embeddable":true,"href":"https:\/\/www.notibras.com\/site\/wp-json\/wp\/v2\/tags?post=369885"}],"curies":[{"name":"wp","href":"https:\/\/api.w.org\/{rel}","templated":true}]}}