{"id":36991,"date":"2015-02-13T14:48:53","date_gmt":"2015-02-13T17:48:53","guid":{"rendered":"http:\/\/www.notibras.com\/site\/?p=36991"},"modified":"2015-02-13T18:48:15","modified_gmt":"2015-02-13T21:48:15","slug":"recife-e-olinda-fazem-folia-popular-e-atraem-mais-folioes","status":"publish","type":"post","link":"https:\/\/www.notibras.com\/site\/recife-e-olinda-fazem-folia-popular-e-atraem-mais-folioes\/","title":{"rendered":"Recife e Olinda fazem festa popular e atraem cada vez mais foli\u00f5es para o carnaval"},"content":{"rendered":"<p>Um rio &#8211; ou dois, se considerarmos as torrentes do Capibaribe e Beberibe &#8211; de foli\u00f5es come\u00e7a a invadir as ruas do Recife e Olinda neste carnaval. S\u00e3o pessoas do Brasil e de todo o mundo que buscam se divertir no mais popular reinado de Momo. As duas cidades irm\u00e3s est\u00e3o prontas com o Galo da Madrugada e os bonecos gigantes para fazer alegria do povo.<\/p>\n<p class=\"text\">Em Olinda, a abertura da folia acontece no palco do Fortim do Queijo, no Carmo. A festa teve in\u00edcio na quinta-feira, 12, com o show da banda olindense Bonsucesso Samba Clube, seguido pela apresenta\u00e7\u00e3o do maracatu Na\u00e7\u00e3o Pernambuco. A terceira apresenta\u00e7\u00e3o fica por conta do consagrado cantor pernambucano Alceu Valen\u00e7a, que promete agradar a multid\u00e3o com seus grandes sucessos. O Carnaval de Olinda ainda vai ter shows de Faf\u00e1 de Bel\u00e9m, Nan\u00e1 Vasconcelos e muitas outras atra\u00e7\u00f5es.<\/p>\n<blockquote>\n<p class=\"text\">J\u00e1 no Recife, a abertura da festa est\u00e1 marcada para a sexta-feira, 13, com 63 polos de anima\u00e7\u00e3o e mais de mil shows. As principais atra\u00e7\u00f5es s\u00e3o: O Rappa, Tit\u00e3s, Alceu Valen\u00e7a, Elba Ramalho, Marcelo Jeneci, Diogo Nogueira, Nando Reis e Natiruts \u00e9 mais uma atra\u00e7\u00e3o confirmada do Carnaval.<\/p>\n<\/blockquote>\n<p class=\"text\">O ponto alto do Carnaval do Recife, no entanto, acontece no s\u00e1bado, dia 14, com o tradicional desfile do Galo da Madrugada. Criado em 1978, \u00e9 considerado pelo Guinness Book o maior bloco carnavalesco do mundo. O tema do bloco neste ano ser\u00e1 \u201cAsas da Am\u00e9rica, Asas para o Frevo\u201d e o desfile vai homenagear o compositor caruaruense Carlos Fernando.<\/p>\n<p class=\"text\">Os foli\u00f5es costumam chegar ao Galo da Madrugada logo pela manh\u00e3, \u00e0s 7h. O bloco sai oficialmente por volta das 9:30. Os trios el\u00e9tricos tocam geralmente at\u00e9 as 18 horas e ap\u00f3s este hor\u00e1rio muitos preferem ir direto para o Recife Antigo assistir aos shows que acontecem todas as noites no Marco Zero da capital pernambucana.<\/p>\n","protected":false},"excerpt":{"rendered":"<p>Um rio &#8211; ou dois, se considerarmos as torrentes do Capibaribe e Beberibe &#8211; de foli\u00f5es come\u00e7a a invadir as ruas do Recife e Olinda neste carnaval. S\u00e3o pessoas do Brasil e de todo o mundo que buscam se divertir no mais popular reinado de Momo. As duas cidades irm\u00e3s est\u00e3o prontas com o Galo [&hellip;]<\/p>\n","protected":false},"author":2,"featured_media":36997,"comment_status":"open","ping_status":"closed","sticky":false,"template":"","format":"standard","meta":{"_acf_changed":false,"footnotes":""},"categories":[16],"tags":[],"class_list":["post-36991","post","type-post","status-publish","format-standard","has-post-thumbnail","hentry","category-brasil"],"acf":[],"yoast_head":"<!-- This site is optimized with the Yoast SEO plugin v27.2 - https:\/\/yoast.com\/product\/yoast-seo-wordpress\/ -->\n<title>Recife e Olinda fazem festa popular e atraem cada vez mais foli\u00f5es para o carnaval - Notibras<\/title>\n<meta name=\"robots\" content=\"index, follow, max-snippet:-1, max-image-preview:large, max-video-preview:-1\" \/>\n<link rel=\"canonical\" href=\"https:\/\/www.notibras.com\/site\/recife-e-olinda-fazem-folia-popular-e-atraem-mais-folioes\/\" \/>\n<meta property=\"og:locale\" content=\"pt_BR\" \/>\n<meta property=\"og:type\" content=\"article\" \/>\n<meta property=\"og:title\" content=\"Recife e Olinda fazem festa popular e atraem cada vez mais foli\u00f5es para o carnaval - Notibras\" \/>\n<meta property=\"og:description\" content=\"Um rio &#8211; ou dois, se considerarmos as torrentes do Capibaribe e Beberibe &#8211; de foli\u00f5es come\u00e7a a invadir as ruas do Recife e Olinda neste carnaval. S\u00e3o pessoas do Brasil e de todo o mundo que buscam se divertir no mais popular reinado de Momo. As duas cidades irm\u00e3s est\u00e3o prontas com o Galo [&hellip;]\" \/>\n<meta property=\"og:url\" content=\"https:\/\/www.notibras.com\/site\/recife-e-olinda-fazem-folia-popular-e-atraem-mais-folioes\/\" \/>\n<meta property=\"og:site_name\" content=\"Notibras\" \/>\n<meta property=\"article:publisher\" content=\"https:\/\/www.facebook.com\/notibras\/\" \/>\n<meta property=\"article:published_time\" content=\"2015-02-13T17:48:53+00:00\" \/>\n<meta property=\"article:modified_time\" content=\"2015-02-13T21:48:15+00:00\" \/>\n<meta property=\"og:image\" content=\"https:\/\/www.notibras.com\/site\/wp-content\/uploads\/2015\/02\/g1.jpg\" \/>\n\t<meta property=\"og:image:width\" content=\"600\" \/>\n\t<meta property=\"og:image:height\" content=\"382\" \/>\n\t<meta property=\"og:image:type\" content=\"image\/jpeg\" \/>\n<meta name=\"author\" content=\"Reda\u00e7\u00e3o\" \/>\n<meta name=\"twitter:card\" content=\"summary_large_image\" \/>\n<meta name=\"twitter:creator\" content=\"@Notibras\" \/>\n<meta name=\"twitter:site\" content=\"@Notibras\" \/>\n<meta name=\"twitter:label1\" content=\"Escrito por\" \/>\n\t<meta name=\"twitter:data1\" content=\"Reda\u00e7\u00e3o\" \/>\n\t<meta name=\"twitter:label2\" content=\"Est. tempo de leitura\" \/>\n\t<meta name=\"twitter:data2\" content=\"2 minutos\" \/>\n<script type=\"application\/ld+json\" class=\"yoast-schema-graph\">{\"@context\":\"https:\/\/schema.org\",\"@graph\":[{\"@type\":\"Article\",\"@id\":\"https:\/\/www.notibras.com\/site\/recife-e-olinda-fazem-folia-popular-e-atraem-mais-folioes\/#article\",\"isPartOf\":{\"@id\":\"https:\/\/www.notibras.com\/site\/recife-e-olinda-fazem-folia-popular-e-atraem-mais-folioes\/\"},\"author\":{\"name\":\"Reda\u00e7\u00e3o\",\"@id\":\"https:\/\/www.notibras.com\/site\/#\/schema\/person\/36ab0979449956132d3e5b517ea76ac8\"},\"headline\":\"Recife e Olinda fazem festa popular e atraem cada vez mais foli\u00f5es para o carnaval\",\"datePublished\":\"2015-02-13T17:48:53+00:00\",\"dateModified\":\"2015-02-13T21:48:15+00:00\",\"mainEntityOfPage\":{\"@id\":\"https:\/\/www.notibras.com\/site\/recife-e-olinda-fazem-folia-popular-e-atraem-mais-folioes\/\"},\"wordCount\":340,\"commentCount\":0,\"publisher\":{\"@id\":\"https:\/\/www.notibras.com\/site\/#organization\"},\"image\":{\"@id\":\"https:\/\/www.notibras.com\/site\/recife-e-olinda-fazem-folia-popular-e-atraem-mais-folioes\/#primaryimage\"},\"thumbnailUrl\":\"https:\/\/www.notibras.com\/site\/wp-content\/uploads\/2015\/02\/g1.jpg\",\"articleSection\":[\"Brasil\"],\"inLanguage\":\"pt-BR\",\"potentialAction\":[{\"@type\":\"CommentAction\",\"name\":\"Comment\",\"target\":[\"https:\/\/www.notibras.com\/site\/recife-e-olinda-fazem-folia-popular-e-atraem-mais-folioes\/#respond\"]}]},{\"@type\":\"WebPage\",\"@id\":\"https:\/\/www.notibras.com\/site\/recife-e-olinda-fazem-folia-popular-e-atraem-mais-folioes\/\",\"url\":\"https:\/\/www.notibras.com\/site\/recife-e-olinda-fazem-folia-popular-e-atraem-mais-folioes\/\",\"name\":\"Recife e Olinda fazem festa popular e atraem cada vez mais foli\u00f5es para o carnaval - Notibras\",\"isPartOf\":{\"@id\":\"https:\/\/www.notibras.com\/site\/#website\"},\"primaryImageOfPage\":{\"@id\":\"https:\/\/www.notibras.com\/site\/recife-e-olinda-fazem-folia-popular-e-atraem-mais-folioes\/#primaryimage\"},\"image\":{\"@id\":\"https:\/\/www.notibras.com\/site\/recife-e-olinda-fazem-folia-popular-e-atraem-mais-folioes\/#primaryimage\"},\"thumbnailUrl\":\"https:\/\/www.notibras.com\/site\/wp-content\/uploads\/2015\/02\/g1.jpg\",\"datePublished\":\"2015-02-13T17:48:53+00:00\",\"dateModified\":\"2015-02-13T21:48:15+00:00\",\"breadcrumb\":{\"@id\":\"https:\/\/www.notibras.com\/site\/recife-e-olinda-fazem-folia-popular-e-atraem-mais-folioes\/#breadcrumb\"},\"inLanguage\":\"pt-BR\",\"potentialAction\":[{\"@type\":\"ReadAction\",\"target\":[\"https:\/\/www.notibras.com\/site\/recife-e-olinda-fazem-folia-popular-e-atraem-mais-folioes\/\"]}]},{\"@type\":\"ImageObject\",\"inLanguage\":\"pt-BR\",\"@id\":\"https:\/\/www.notibras.com\/site\/recife-e-olinda-fazem-folia-popular-e-atraem-mais-folioes\/#primaryimage\",\"url\":\"https:\/\/www.notibras.com\/site\/wp-content\/uploads\/2015\/02\/g1.jpg\",\"contentUrl\":\"https:\/\/www.notibras.com\/site\/wp-content\/uploads\/2015\/02\/g1.jpg\",\"width\":600,\"height\":382},{\"@type\":\"BreadcrumbList\",\"@id\":\"https:\/\/www.notibras.com\/site\/recife-e-olinda-fazem-folia-popular-e-atraem-mais-folioes\/#breadcrumb\",\"itemListElement\":[{\"@type\":\"ListItem\",\"position\":1,\"name\":\"In\u00edcio\",\"item\":\"https:\/\/www.notibras.com\/site\/\"},{\"@type\":\"ListItem\",\"position\":2,\"name\":\"Recife e Olinda fazem festa popular e atraem cada vez mais foli\u00f5es para o carnaval\"}]},{\"@type\":\"WebSite\",\"@id\":\"https:\/\/www.notibras.com\/site\/#website\",\"url\":\"https:\/\/www.notibras.com\/site\/\",\"name\":\"Notibras\",\"description\":\"Not\u00edcias de Bras\u00edlia, do Brasil e do Mundo\",\"publisher\":{\"@id\":\"https:\/\/www.notibras.com\/site\/#organization\"},\"potentialAction\":[{\"@type\":\"SearchAction\",\"target\":{\"@type\":\"EntryPoint\",\"urlTemplate\":\"https:\/\/www.notibras.com\/site\/?s={search_term_string}\"},\"query-input\":{\"@type\":\"PropertyValueSpecification\",\"valueRequired\":true,\"valueName\":\"search_term_string\"}}],\"inLanguage\":\"pt-BR\"},{\"@type\":\"Organization\",\"@id\":\"https:\/\/www.notibras.com\/site\/#organization\",\"name\":\"Grupo Notibras de Comunica\u00e7\u00e3o\",\"url\":\"https:\/\/www.notibras.com\/site\/\",\"logo\":{\"@type\":\"ImageObject\",\"inLanguage\":\"pt-BR\",\"@id\":\"https:\/\/www.notibras.com\/site\/#\/schema\/logo\/image\/\",\"url\":\"https:\/\/www.notibras.com\/site\/wp-content\/uploads\/2023\/01\/notibras23.png\",\"contentUrl\":\"https:\/\/www.notibras.com\/site\/wp-content\/uploads\/2023\/01\/notibras23.png\",\"width\":350,\"height\":87,\"caption\":\"Grupo Notibras de Comunica\u00e7\u00e3o\"},\"image\":{\"@id\":\"https:\/\/www.notibras.com\/site\/#\/schema\/logo\/image\/\"},\"sameAs\":[\"https:\/\/www.facebook.com\/notibras\/\",\"https:\/\/x.com\/Notibras\",\"https:\/\/www.instagram.com\/notibras\/\"]},{\"@type\":\"Person\",\"@id\":\"https:\/\/www.notibras.com\/site\/#\/schema\/person\/36ab0979449956132d3e5b517ea76ac8\",\"name\":\"Reda\u00e7\u00e3o\",\"image\":{\"@type\":\"ImageObject\",\"inLanguage\":\"pt-BR\",\"@id\":\"https:\/\/secure.gravatar.com\/avatar\/e0a867bdedb85fd243eadf09663511f96fc81e0720a4a42581f334ad4303aa6b?s=96&d=mm&r=g\",\"url\":\"https:\/\/secure.gravatar.com\/avatar\/e0a867bdedb85fd243eadf09663511f96fc81e0720a4a42581f334ad4303aa6b?s=96&d=mm&r=g\",\"contentUrl\":\"https:\/\/secure.gravatar.com\/avatar\/e0a867bdedb85fd243eadf09663511f96fc81e0720a4a42581f334ad4303aa6b?s=96&d=mm&r=g\",\"caption\":\"Reda\u00e7\u00e3o\"}}]}<\/script>\n<!-- \/ Yoast SEO plugin. -->","yoast_head_json":{"title":"Recife e Olinda fazem festa popular e atraem cada vez mais foli\u00f5es para o carnaval - Notibras","robots":{"index":"index","follow":"follow","max-snippet":"max-snippet:-1","max-image-preview":"max-image-preview:large","max-video-preview":"max-video-preview:-1"},"canonical":"https:\/\/www.notibras.com\/site\/recife-e-olinda-fazem-folia-popular-e-atraem-mais-folioes\/","og_locale":"pt_BR","og_type":"article","og_title":"Recife e Olinda fazem festa popular e atraem cada vez mais foli\u00f5es para o carnaval - Notibras","og_description":"Um rio &#8211; ou dois, se considerarmos as torrentes do Capibaribe e Beberibe &#8211; de foli\u00f5es come\u00e7a a invadir as ruas do Recife e Olinda neste carnaval. S\u00e3o pessoas do Brasil e de todo o mundo que buscam se divertir no mais popular reinado de Momo. As duas cidades irm\u00e3s est\u00e3o prontas com o Galo [&hellip;]","og_url":"https:\/\/www.notibras.com\/site\/recife-e-olinda-fazem-folia-popular-e-atraem-mais-folioes\/","og_site_name":"Notibras","article_publisher":"https:\/\/www.facebook.com\/notibras\/","article_published_time":"2015-02-13T17:48:53+00:00","article_modified_time":"2015-02-13T21:48:15+00:00","og_image":[{"width":600,"height":382,"url":"https:\/\/www.notibras.com\/site\/wp-content\/uploads\/2015\/02\/g1.jpg","type":"image\/jpeg"}],"author":"Reda\u00e7\u00e3o","twitter_card":"summary_large_image","twitter_creator":"@Notibras","twitter_site":"@Notibras","twitter_misc":{"Escrito por":"Reda\u00e7\u00e3o","Est. tempo de leitura":"2 minutos"},"schema":{"@context":"https:\/\/schema.org","@graph":[{"@type":"Article","@id":"https:\/\/www.notibras.com\/site\/recife-e-olinda-fazem-folia-popular-e-atraem-mais-folioes\/#article","isPartOf":{"@id":"https:\/\/www.notibras.com\/site\/recife-e-olinda-fazem-folia-popular-e-atraem-mais-folioes\/"},"author":{"name":"Reda\u00e7\u00e3o","@id":"https:\/\/www.notibras.com\/site\/#\/schema\/person\/36ab0979449956132d3e5b517ea76ac8"},"headline":"Recife e Olinda fazem festa popular e atraem cada vez mais foli\u00f5es para o carnaval","datePublished":"2015-02-13T17:48:53+00:00","dateModified":"2015-02-13T21:48:15+00:00","mainEntityOfPage":{"@id":"https:\/\/www.notibras.com\/site\/recife-e-olinda-fazem-folia-popular-e-atraem-mais-folioes\/"},"wordCount":340,"commentCount":0,"publisher":{"@id":"https:\/\/www.notibras.com\/site\/#organization"},"image":{"@id":"https:\/\/www.notibras.com\/site\/recife-e-olinda-fazem-folia-popular-e-atraem-mais-folioes\/#primaryimage"},"thumbnailUrl":"https:\/\/www.notibras.com\/site\/wp-content\/uploads\/2015\/02\/g1.jpg","articleSection":["Brasil"],"inLanguage":"pt-BR","potentialAction":[{"@type":"CommentAction","name":"Comment","target":["https:\/\/www.notibras.com\/site\/recife-e-olinda-fazem-folia-popular-e-atraem-mais-folioes\/#respond"]}]},{"@type":"WebPage","@id":"https:\/\/www.notibras.com\/site\/recife-e-olinda-fazem-folia-popular-e-atraem-mais-folioes\/","url":"https:\/\/www.notibras.com\/site\/recife-e-olinda-fazem-folia-popular-e-atraem-mais-folioes\/","name":"Recife e Olinda fazem festa popular e atraem cada vez mais foli\u00f5es para o carnaval - Notibras","isPartOf":{"@id":"https:\/\/www.notibras.com\/site\/#website"},"primaryImageOfPage":{"@id":"https:\/\/www.notibras.com\/site\/recife-e-olinda-fazem-folia-popular-e-atraem-mais-folioes\/#primaryimage"},"image":{"@id":"https:\/\/www.notibras.com\/site\/recife-e-olinda-fazem-folia-popular-e-atraem-mais-folioes\/#primaryimage"},"thumbnailUrl":"https:\/\/www.notibras.com\/site\/wp-content\/uploads\/2015\/02\/g1.jpg","datePublished":"2015-02-13T17:48:53+00:00","dateModified":"2015-02-13T21:48:15+00:00","breadcrumb":{"@id":"https:\/\/www.notibras.com\/site\/recife-e-olinda-fazem-folia-popular-e-atraem-mais-folioes\/#breadcrumb"},"inLanguage":"pt-BR","potentialAction":[{"@type":"ReadAction","target":["https:\/\/www.notibras.com\/site\/recife-e-olinda-fazem-folia-popular-e-atraem-mais-folioes\/"]}]},{"@type":"ImageObject","inLanguage":"pt-BR","@id":"https:\/\/www.notibras.com\/site\/recife-e-olinda-fazem-folia-popular-e-atraem-mais-folioes\/#primaryimage","url":"https:\/\/www.notibras.com\/site\/wp-content\/uploads\/2015\/02\/g1.jpg","contentUrl":"https:\/\/www.notibras.com\/site\/wp-content\/uploads\/2015\/02\/g1.jpg","width":600,"height":382},{"@type":"BreadcrumbList","@id":"https:\/\/www.notibras.com\/site\/recife-e-olinda-fazem-folia-popular-e-atraem-mais-folioes\/#breadcrumb","itemListElement":[{"@type":"ListItem","position":1,"name":"In\u00edcio","item":"https:\/\/www.notibras.com\/site\/"},{"@type":"ListItem","position":2,"name":"Recife e Olinda fazem festa popular e atraem cada vez mais foli\u00f5es para o carnaval"}]},{"@type":"WebSite","@id":"https:\/\/www.notibras.com\/site\/#website","url":"https:\/\/www.notibras.com\/site\/","name":"Notibras","description":"Not\u00edcias de Bras\u00edlia, do Brasil e do Mundo","publisher":{"@id":"https:\/\/www.notibras.com\/site\/#organization"},"potentialAction":[{"@type":"SearchAction","target":{"@type":"EntryPoint","urlTemplate":"https:\/\/www.notibras.com\/site\/?s={search_term_string}"},"query-input":{"@type":"PropertyValueSpecification","valueRequired":true,"valueName":"search_term_string"}}],"inLanguage":"pt-BR"},{"@type":"Organization","@id":"https:\/\/www.notibras.com\/site\/#organization","name":"Grupo Notibras de Comunica\u00e7\u00e3o","url":"https:\/\/www.notibras.com\/site\/","logo":{"@type":"ImageObject","inLanguage":"pt-BR","@id":"https:\/\/www.notibras.com\/site\/#\/schema\/logo\/image\/","url":"https:\/\/www.notibras.com\/site\/wp-content\/uploads\/2023\/01\/notibras23.png","contentUrl":"https:\/\/www.notibras.com\/site\/wp-content\/uploads\/2023\/01\/notibras23.png","width":350,"height":87,"caption":"Grupo Notibras de Comunica\u00e7\u00e3o"},"image":{"@id":"https:\/\/www.notibras.com\/site\/#\/schema\/logo\/image\/"},"sameAs":["https:\/\/www.facebook.com\/notibras\/","https:\/\/x.com\/Notibras","https:\/\/www.instagram.com\/notibras\/"]},{"@type":"Person","@id":"https:\/\/www.notibras.com\/site\/#\/schema\/person\/36ab0979449956132d3e5b517ea76ac8","name":"Reda\u00e7\u00e3o","image":{"@type":"ImageObject","inLanguage":"pt-BR","@id":"https:\/\/secure.gravatar.com\/avatar\/e0a867bdedb85fd243eadf09663511f96fc81e0720a4a42581f334ad4303aa6b?s=96&d=mm&r=g","url":"https:\/\/secure.gravatar.com\/avatar\/e0a867bdedb85fd243eadf09663511f96fc81e0720a4a42581f334ad4303aa6b?s=96&d=mm&r=g","contentUrl":"https:\/\/secure.gravatar.com\/avatar\/e0a867bdedb85fd243eadf09663511f96fc81e0720a4a42581f334ad4303aa6b?s=96&d=mm&r=g","caption":"Reda\u00e7\u00e3o"}}]}},"amp_enabled":true,"_links":{"self":[{"href":"https:\/\/www.notibras.com\/site\/wp-json\/wp\/v2\/posts\/36991","targetHints":{"allow":["GET"]}}],"collection":[{"href":"https:\/\/www.notibras.com\/site\/wp-json\/wp\/v2\/posts"}],"about":[{"href":"https:\/\/www.notibras.com\/site\/wp-json\/wp\/v2\/types\/post"}],"author":[{"embeddable":true,"href":"https:\/\/www.notibras.com\/site\/wp-json\/wp\/v2\/users\/2"}],"replies":[{"embeddable":true,"href":"https:\/\/www.notibras.com\/site\/wp-json\/wp\/v2\/comments?post=36991"}],"version-history":[{"count":0,"href":"https:\/\/www.notibras.com\/site\/wp-json\/wp\/v2\/posts\/36991\/revisions"}],"wp:featuredmedia":[{"embeddable":true,"href":"https:\/\/www.notibras.com\/site\/wp-json\/wp\/v2\/media\/36997"}],"wp:attachment":[{"href":"https:\/\/www.notibras.com\/site\/wp-json\/wp\/v2\/media?parent=36991"}],"wp:term":[{"taxonomy":"category","embeddable":true,"href":"https:\/\/www.notibras.com\/site\/wp-json\/wp\/v2\/categories?post=36991"},{"taxonomy":"post_tag","embeddable":true,"href":"https:\/\/www.notibras.com\/site\/wp-json\/wp\/v2\/tags?post=36991"}],"curies":[{"name":"wp","href":"https:\/\/api.w.org\/{rel}","templated":true}]}}