{"id":369941,"date":"2025-11-07T00:10:47","date_gmt":"2025-11-07T03:10:47","guid":{"rendered":"https:\/\/www.notibras.com\/site\/?p=369941"},"modified":"2025-11-07T09:12:59","modified_gmt":"2025-11-07T12:12:59","slug":"nordeste-em-peso-apoia-propostas-de-seguranca-do-governo-federal","status":"publish","type":"post","link":"https:\/\/www.notibras.com\/site\/nordeste-em-peso-apoia-propostas-de-seguranca-do-governo-federal\/","title":{"rendered":"Nordeste em peso apoia propostas de seguran\u00e7a do governo federal"},"content":{"rendered":"<p>Representantes dos nove estados da Regi\u00e3o Nordeste manifestaram nesta quinta-feira (6), em Bras\u00edlia, apoio \u00e0s propostas do governo federal para a seguran\u00e7a p\u00fablica que tramitam no Congresso Nacional. Eles estiveram no Minist\u00e9rio da Justi\u00e7a e Seguran\u00e7a P\u00fablica.<\/p>\n<p>O governador do Piau\u00ed, Rafael Fonteles, e secret\u00e1rios estaduais que representaram o Cons\u00f3rcio Interestadual de Desenvolvimento Sustent\u00e1vel do Nordeste (Cons\u00f3rcio Nordeste), foram recebidos em uma reuni\u00e3o pelo ministro Ricardo Lewandowski.<\/p>\n<p>Fonteles, que \u00e9 presidente do cons\u00f3rcio, destacou a necessidade de aprova\u00e7\u00e3o pelo Congresso da Proposta de Emenda \u00e0 Constitui\u00e7\u00e3o da Seguran\u00e7a P\u00fablica que prev\u00ea a integra\u00e7\u00e3o entre as for\u00e7as de seguran\u00e7a de todo o pa\u00eds, apresentada pelo governo federal em abril.<\/p>\n<p>O governador tamb\u00e9m defendeu o Projeto Lei Antifac\u00e7\u00e3o, enviado \u00e0 C\u00e2mara pelo presidente Luiz In\u00e1cio Lula da Silva no dia 31 de outubro. Fonteles entende que as propostas ir\u00e3o ajudar o trabalho das for\u00e7as de seguran\u00e7a e do Poder Judici\u00e1rio.<\/p>\n<p>\u201cO item mais importante para o combate \u00e0 criminalidade organizada \u00e9 a integra\u00e7\u00e3o das for\u00e7as, incluindo a integra\u00e7\u00e3o de dados, de informa\u00e7\u00f5es e de intelig\u00eancia\u201d, defendeu.<\/p>\n<p>Al\u00e9m da PEC da Seguran\u00e7a P\u00fablica e do Projeto de Lei Antifac\u00e7\u00e3o, os representantes dos estados refor\u00e7aram apoio a outros nove projetos que fortalecem o combate ao crime organizado.<\/p>\n<p>\u201cEsses 11 projetos que aperfei\u00e7oam a legisla\u00e7\u00e3o no combate \u00e0 criminalidade organizada s\u00e3o prioridades para n\u00f3s governadores do Cons\u00f3rcio Nordeste\u201d, ressaltou Fonteles.<\/p>\n<p><strong>Integra\u00e7\u00e3o e intelig\u00eancia<\/strong><br \/>\nO governador do Piau\u00ed defendeu os resultados da Opera\u00e7\u00e3o Carbono Oculto 86, realizada nesta semana e que interditou 49 postos de combust\u00edveis no Piau\u00ed, Maranh\u00e3o e Tocantins por suspeita de lavagem de dinheiro para a fac\u00e7\u00e3o criminosa PCC.<\/p>\n<p>\u201cA Opera\u00e7\u00e3o Carbono Oculto 86 demonstra que, com integra\u00e7\u00e3o e com intelig\u00eancia, a gente pode estar \u00e0 frente no combate \u00e0 criminalidade, asfixiando, sobretudo, o poder financeiro dessas organiza\u00e7\u00f5es\u201d, disse o governador.<\/p>\n<p>O ministro Ricardo Lewandowski tamb\u00e9m ressaltou que se n\u00e3o houver troca de informa\u00e7\u00f5es e de dados acerca da criminalidade, n\u00e3o h\u00e1 um combate efetivo.<\/p>\n<p>\u201cA criminalidade organizada transcende as fronteiras estaduais. \u00c9 preciso que as for\u00e7as de seguran\u00e7a locais tenham informa\u00e7\u00e3o desse movimento do crime organizado\u201d, disse o ministro.<\/p>\n<p>O governador do Piau\u00ed ainda ponderou que o poder financeiro das organiza\u00e7\u00f5es n\u00e3o est\u00e1 apenas no tr\u00e1fico de drogas, mas tamb\u00e9m em setores da economia real com apar\u00eancia de legalidade, como \u00e9 o caso do setor de combust\u00edveis.<\/p>\n<p><strong>Diverg\u00eancia<\/strong><br \/>\nO presidente do Cons\u00f3rcio Nordeste disse \u00e0 Ag\u00eancia Brasil que \u00e9 contr\u00e1rio \u00e0 ideia de rotular fac\u00e7\u00f5es criminosas como terroristas, diferentemente da ideia de governadores do chamado Cons\u00f3rcio da Paz.<\/p>\n<p>\u201cA nossa posi\u00e7\u00e3o \u00e9 de que esse projeto tem v\u00e1rios problemas, inclusive em rela\u00e7\u00e3o ao Estado Democr\u00e1tico de Direito. N\u00f3s entendemos que o Projeto de lei Antifac\u00e7\u00e3o \u00e9 bastante efetivo, traz aperfei\u00e7oamento e ser\u00e1 bastante efetivo quando aprovado\u201d.<\/p>\n<p>Na reuni\u00e3o, Lewandowski defendeu o federalismo cooperativo. \u201cN\u00f3s queremos unir os estados, sempre com respeito \u00e0 diversidade\u201d, disse o ministro. E garantiu que o governo federal n\u00e3o est\u00e1 fechado a sugest\u00f5es. \u201cPelo contr\u00e1rio, n\u00f3s queremos receber justamente essa vis\u00e3o dos governadores e dos secret\u00e1rios para que n\u00f3s possamos ter um panorama mais global do que acontece no pa\u00eds\u201d.<\/p>\n","protected":false},"excerpt":{"rendered":"<p>Representantes dos nove estados da Regi\u00e3o Nordeste manifestaram nesta quinta-feira (6), em Bras\u00edlia, apoio \u00e0s propostas do governo federal para a seguran\u00e7a p\u00fablica que tramitam no Congresso Nacional. Eles estiveram no Minist\u00e9rio da Justi\u00e7a e Seguran\u00e7a P\u00fablica. O governador do Piau\u00ed, Rafael Fonteles, e secret\u00e1rios estaduais que representaram o Cons\u00f3rcio Interestadual de Desenvolvimento Sustent\u00e1vel do [&hellip;]<\/p>\n","protected":false},"author":2,"featured_media":369942,"comment_status":"closed","ping_status":"closed","sticky":false,"template":"","format":"standard","meta":{"_acf_changed":false,"footnotes":""},"categories":[165],"tags":[],"class_list":["post-369941","post","type-post","status-publish","format-standard","has-post-thumbnail","hentry","category-nordeste"],"acf":[],"_links":{"self":[{"href":"https:\/\/www.notibras.com\/site\/wp-json\/wp\/v2\/posts\/369941","targetHints":{"allow":["GET"]}}],"collection":[{"href":"https:\/\/www.notibras.com\/site\/wp-json\/wp\/v2\/posts"}],"about":[{"href":"https:\/\/www.notibras.com\/site\/wp-json\/wp\/v2\/types\/post"}],"author":[{"embeddable":true,"href":"https:\/\/www.notibras.com\/site\/wp-json\/wp\/v2\/users\/2"}],"replies":[{"embeddable":true,"href":"https:\/\/www.notibras.com\/site\/wp-json\/wp\/v2\/comments?post=369941"}],"version-history":[{"count":1,"href":"https:\/\/www.notibras.com\/site\/wp-json\/wp\/v2\/posts\/369941\/revisions"}],"predecessor-version":[{"id":369943,"href":"https:\/\/www.notibras.com\/site\/wp-json\/wp\/v2\/posts\/369941\/revisions\/369943"}],"wp:featuredmedia":[{"embeddable":true,"href":"https:\/\/www.notibras.com\/site\/wp-json\/wp\/v2\/media\/369942"}],"wp:attachment":[{"href":"https:\/\/www.notibras.com\/site\/wp-json\/wp\/v2\/media?parent=369941"}],"wp:term":[{"taxonomy":"category","embeddable":true,"href":"https:\/\/www.notibras.com\/site\/wp-json\/wp\/v2\/categories?post=369941"},{"taxonomy":"post_tag","embeddable":true,"href":"https:\/\/www.notibras.com\/site\/wp-json\/wp\/v2\/tags?post=369941"}],"curies":[{"name":"wp","href":"https:\/\/api.w.org\/{rel}","templated":true}]}}