{"id":369946,"date":"2025-11-07T00:02:45","date_gmt":"2025-11-07T03:02:45","guid":{"rendered":"https:\/\/www.notibras.com\/site\/?p=369946"},"modified":"2025-11-07T09:25:07","modified_gmt":"2025-11-07T12:25:07","slug":"maria-da-terra-maria-do-vento-que-nao-escondia-segredos","status":"publish","type":"post","link":"https:\/\/www.notibras.com\/site\/maria-da-terra-maria-do-vento-que-nao-escondia-segredos\/","title":{"rendered":"Maria da Terra, Maria do Vento, que n\u00e3o escondia segredos"},"content":{"rendered":"<p>Diziam que o sert\u00e3o n\u00e3o guarda segredo \u2014 mas Maria provou que guarda, sim. Guardava nela. Era filha de ningu\u00e9m e m\u00e3e de si mesma, nascida sob um sol que rachava o barro e marcava a pele, muito antes de o ferro dos senhores tentar faz\u00ea-lo.<\/p>\n<p>Foi ainda menina quando perceberam que seus bra\u00e7os, embora finos, davam conta da ro\u00e7a como os de um homem. \u201cEssa a\u00ed nasceu pra trabalhar\u201d, murmurava o feitor, enxugando a testa enquanto ela plantava milho com precis\u00e3o de gente experiente. E assim Maria cresceu: entre o estrondo das ordens e o sil\u00eancio das madrugadas, amassando o ch\u00e3o seco com os p\u00e9s mi\u00fados e o cora\u00e7\u00e3o teimoso.<\/p>\n<p>De escrava, fizeram-na. Mas dona de si, manteve-se \u2014 sem que o mundo percebesse. Porque Maria tinha um segredo que s\u00f3 a noite sabia: ela conversava com o vento. E o vento do sert\u00e3o, que nunca soube ver porteira fechada, vivia lhe prometendo liberdade em sussurros que confundiam o ju\u00edzo.<\/p>\n<p>Nas noites de S\u00e3o Jo\u00e3o, quando os outros dan\u00e7avam ao redor da fogueira da fazenda, Maria ficava na beira da mata, olhando o fogo subir como se pudesse iluminar uma rota de fuga. Mas ela n\u00e3o fugia. N\u00e3o ainda. Havia em Maria um senso de espera que n\u00e3o era resigna\u00e7\u00e3o; era estrat\u00e9gia. Mulher sertaneja sempre foi espertinha \u2014 mesmo quando tentam arrancar isso dela.<\/p>\n<p>O tempo passou, e o sert\u00e3o, como de costume, cobrou seus sacrif\u00edcios. A seca estourou, a terra virou poeira, e at\u00e9 os bois pareciam pedir arrego. Os donos da fazenda enfraqueceram, a lavoura perdeu for\u00e7a, e o que antes era poder virou medo. Foi quando Maria percebeu que liberdade n\u00e3o chega montada em cavalo branco \u2014 chega quando o opressor cai do pr\u00f3prio.<\/p>\n<p>Numa madrugada de lua fina, ela caminhou at\u00e9 o a\u00e7ude vazio, onde a terra rachada parecia mapa. Tocou o ch\u00e3o quente e disse baixinho:<\/p>\n<p>\u201cSe tu me ensinou a aguentar, agora me ensina a ir.\u201d<\/p>\n<p>E o vento respondeu. Naquela noite, Maria sumiu pela estrada de terra. N\u00e3o correu; caminhou. Quem corre foge. Ela ia buscar.<\/p>\n<p>Dizem que foi vista em vilas pequenas, ajudando partos, carregando baldes d\u2019\u00e1gua onde n\u00e3o havia homens para buscar, contando hist\u00f3rias de coragem como quem distribui sementes. Dizem que ensinava as outras mulheres, escravizadas ou livres, a fazer do sil\u00eancio um grito organizado. Dizem tamb\u00e9m que ningu\u00e9m lembrava dos olhos dela \u2014 s\u00f3 da for\u00e7a.<\/p>\n<p>Maria virou lenda. N\u00e3o dessas de assombra\u00e7\u00e3o \u2014 dessas de verdade que o povo inventa para n\u00e3o deixar morrer. Virou s\u00edmbolo sem querer, como tudo que nasce forte demais para caber na pr\u00f3pria hist\u00f3ria.<\/p>\n<p>E at\u00e9 hoje, quando o vento do sert\u00e3o assobia nos galhos secos do mandacaru, tem sempre algu\u00e9m que diz: \u201c\u00c9 Maria passando. A que foi escrava no corpo, mas nunca no esp\u00edrito.\u201d<\/p>\n","protected":false},"excerpt":{"rendered":"<p>Diziam que o sert\u00e3o n\u00e3o guarda segredo \u2014 mas Maria provou que guarda, sim. Guardava nela. Era filha de ningu\u00e9m e m\u00e3e de si mesma, nascida sob um sol que rachava o barro e marcava a pele, muito antes de o ferro dos senhores tentar faz\u00ea-lo. Foi ainda menina quando perceberam que seus bra\u00e7os, embora [&hellip;]<\/p>\n","protected":false},"author":2,"featured_media":369947,"comment_status":"closed","ping_status":"closed","sticky":false,"template":"","format":"standard","meta":{"_acf_changed":false,"footnotes":""},"categories":[165],"tags":[],"class_list":["post-369946","post","type-post","status-publish","format-standard","has-post-thumbnail","hentry","category-nordeste"],"acf":[],"_links":{"self":[{"href":"https:\/\/www.notibras.com\/site\/wp-json\/wp\/v2\/posts\/369946","targetHints":{"allow":["GET"]}}],"collection":[{"href":"https:\/\/www.notibras.com\/site\/wp-json\/wp\/v2\/posts"}],"about":[{"href":"https:\/\/www.notibras.com\/site\/wp-json\/wp\/v2\/types\/post"}],"author":[{"embeddable":true,"href":"https:\/\/www.notibras.com\/site\/wp-json\/wp\/v2\/users\/2"}],"replies":[{"embeddable":true,"href":"https:\/\/www.notibras.com\/site\/wp-json\/wp\/v2\/comments?post=369946"}],"version-history":[{"count":1,"href":"https:\/\/www.notibras.com\/site\/wp-json\/wp\/v2\/posts\/369946\/revisions"}],"predecessor-version":[{"id":369948,"href":"https:\/\/www.notibras.com\/site\/wp-json\/wp\/v2\/posts\/369946\/revisions\/369948"}],"wp:featuredmedia":[{"embeddable":true,"href":"https:\/\/www.notibras.com\/site\/wp-json\/wp\/v2\/media\/369947"}],"wp:attachment":[{"href":"https:\/\/www.notibras.com\/site\/wp-json\/wp\/v2\/media?parent=369946"}],"wp:term":[{"taxonomy":"category","embeddable":true,"href":"https:\/\/www.notibras.com\/site\/wp-json\/wp\/v2\/categories?post=369946"},{"taxonomy":"post_tag","embeddable":true,"href":"https:\/\/www.notibras.com\/site\/wp-json\/wp\/v2\/tags?post=369946"}],"curies":[{"name":"wp","href":"https:\/\/api.w.org\/{rel}","templated":true}]}}