{"id":37001,"date":"2015-02-13T14:56:24","date_gmt":"2015-02-13T17:56:24","guid":{"rendered":"http:\/\/www.notibras.com\/site\/?p=37001"},"modified":"2015-03-23T12:54:57","modified_gmt":"2015-03-23T15:54:57","slug":"acir-gurgacz-senador-do-pdt-para-no-supremo-por-estelionato","status":"publish","type":"post","link":"https:\/\/www.notibras.com\/site\/acir-gurgacz-senador-do-pdt-para-no-supremo-por-estelionato\/","title":{"rendered":"Acir Gurgacz, senador do PDT, vai parar no Supremo por estelionato"},"content":{"rendered":"<div class=\"content\">\n<p>O senador Acir Gurgacz (PDT-RO) responder\u00e1 no Supremo Tribunal Federal (STF) por pr\u00e1tica de estelionato e por crimes contra o sistema financeiro. De acordo com a den\u00fancia oferecida pelo Minist\u00e9rio P\u00fablico Federal (MPF), enquanto foi diretor das filiais da empresa de \u00f4nibus Eucatur, em Manaus (AM) e Ji-Paran\u00e1 (RO), em 2002, Gurgacz fraudou documentos para obter financiamento no Banco da Amaz\u00f4nia (Basa). Os recursos \u2013 R$ 1,5 milh\u00e3o \u2013 foram usados na compra de combust\u00edvel, o que n\u00e3o estava previsto em contrato.<\/p>\n<p>O Minist\u00e9rio P\u00fablico defende que a pr\u00e1tica de estelionato foi caracterizada no uso de diversos documentos falsos para comprovar a aquisi\u00e7\u00e3o de sete \u00f4nibus novos ao custo de R$ 290 mil cada. Laudos periciais apontaram que os \u00f4nibus tinham mais de dez anos de uso, foram adquiridos por R$ 12 mil \u2013 pre\u00e7o unit\u00e1rio \u2013 e receberam carrocerias novas, fato reconhecido pela empresa.<\/p>\n<p>Segundo o relator no STF, ministro Teori Zavaski, a acusa\u00e7\u00e3o indicou elementos suficientes que caracterizam a obten\u00e7\u00e3o de vantagem indevida. Com isso, a institui\u00e7\u00e3o financeira foi induzida ao erro e liberou o financiamento com base em documenta\u00e7\u00e3o falsa: notas fiscais, faturas, recibos, certificados e registros de \u00f4nibus.<\/p>\n<blockquote><p>\u201cA materialidade e os ind\u00edcios de autoria \u2013 elementos b\u00e1sicos para o recebimento da den\u00fancia \u2013 encontram-se presentes. As provas indici\u00e1rias juntadas aos autos demonstram que, de fato, foi apresentada ao Banco da Amaz\u00f4nia documenta\u00e7\u00e3o referente \u00e0 aquisi\u00e7\u00e3o de sete \u00f4nibus novos, com ano de fabrica\u00e7\u00e3o 2004, o que levou a institui\u00e7\u00e3o a liberar R$ 1.522.500,00 na conta da empresa Eucatur. Todavia, descobriu-se mais tarde, em raz\u00e3o de informa\u00e7\u00e3o da Delegacia Especializada em Acidentes de Tr\u00e2nsito de Manaus que os ve\u00edculos n\u00e3o haviam sido fabricados em 2004, mas sim em 1993\u201d, destacou o relator.<\/p><\/blockquote>\n<p>Apesar de a den\u00fancia contra o senador ter sido recebida com unanimidade de votos, nesta semana, a parte que acusava o parlamentar de corrup\u00e7\u00e3o ativa foi rejeitada por n\u00e3o haver ind\u00edcios de que Gurgacz teria corrompido uma funcion\u00e1ria do Basa para facilitar a concess\u00e3o de empr\u00e9stimo do Fundo Constitucional de Financiamento do Norte (FNO).<\/p>\n<p>Em nota, o senador nega ter cometido qualquer ilegalidade relacionada \u00e0 den\u00fancia do Minist\u00e9rio P\u00fablico, acatada pelo STF. \u201cNa \u00e9poca, era s\u00f3cio cotista da empresa de transporte rodovi\u00e1rio e urbano, com 5% de quotas-parte, fui apenas avalista do financiamento\u201d, explicou. Gurgacz mant\u00e9m o posicionamento da empresa, que alega ter usado os recursos para a aquisi\u00e7\u00e3o de \u00f4nibus, \u00f3leo diesel e incremento no capital de giro, tudo, segundo ele, dentro da legalidade.<\/p>\n<header>\n<div class=\"node-info\"><strong>Karine Melo, ABr<\/strong><strong><br \/>\n<\/strong><\/div>\n<\/header>\n<\/div>\n","protected":false},"excerpt":{"rendered":"<p>O senador Acir Gurgacz (PDT-RO) responder\u00e1 no Supremo Tribunal Federal (STF) por pr\u00e1tica de estelionato e por crimes contra o sistema financeiro. De acordo com a den\u00fancia oferecida pelo Minist\u00e9rio P\u00fablico Federal (MPF), enquanto foi diretor das filiais da empresa de \u00f4nibus Eucatur, em Manaus (AM) e Ji-Paran\u00e1 (RO), em 2002, Gurgacz fraudou documentos para [&hellip;]<\/p>\n","protected":false},"author":2,"featured_media":37002,"comment_status":"open","ping_status":"closed","sticky":false,"template":"","format":"standard","meta":{"_acf_changed":false,"footnotes":""},"categories":[16],"tags":[],"class_list":["post-37001","post","type-post","status-publish","format-standard","has-post-thumbnail","hentry","category-brasil"],"acf":[],"yoast_head":"<!-- This site is optimized with the Yoast SEO plugin v27.2 - https:\/\/yoast.com\/product\/yoast-seo-wordpress\/ -->\n<title>Acir Gurgacz, senador do PDT, vai parar no Supremo por estelionato - Notibras<\/title>\n<meta name=\"robots\" content=\"index, follow, max-snippet:-1, max-image-preview:large, max-video-preview:-1\" \/>\n<link rel=\"canonical\" href=\"https:\/\/www.notibras.com\/site\/acir-gurgacz-senador-do-pdt-para-no-supremo-por-estelionato\/\" \/>\n<meta property=\"og:locale\" content=\"pt_BR\" \/>\n<meta property=\"og:type\" content=\"article\" \/>\n<meta property=\"og:title\" content=\"Acir Gurgacz, senador do PDT, vai parar no Supremo por estelionato - Notibras\" \/>\n<meta property=\"og:description\" content=\"O senador Acir Gurgacz (PDT-RO) responder\u00e1 no Supremo Tribunal Federal (STF) por pr\u00e1tica de estelionato e por crimes contra o sistema financeiro. De acordo com a den\u00fancia oferecida pelo Minist\u00e9rio P\u00fablico Federal (MPF), enquanto foi diretor das filiais da empresa de \u00f4nibus Eucatur, em Manaus (AM) e Ji-Paran\u00e1 (RO), em 2002, Gurgacz fraudou documentos para [&hellip;]\" \/>\n<meta property=\"og:url\" content=\"https:\/\/www.notibras.com\/site\/acir-gurgacz-senador-do-pdt-para-no-supremo-por-estelionato\/\" \/>\n<meta property=\"og:site_name\" content=\"Notibras\" \/>\n<meta property=\"article:publisher\" content=\"https:\/\/www.facebook.com\/notibras\/\" \/>\n<meta property=\"article:published_time\" content=\"2015-02-13T17:56:24+00:00\" \/>\n<meta property=\"article:modified_time\" content=\"2015-03-23T15:54:57+00:00\" \/>\n<meta property=\"og:image\" content=\"https:\/\/www.notibras.com\/site\/wp-content\/uploads\/2015\/02\/ag.jpg\" \/>\n\t<meta property=\"og:image:width\" content=\"597\" \/>\n\t<meta property=\"og:image:height\" content=\"336\" \/>\n\t<meta property=\"og:image:type\" content=\"image\/jpeg\" \/>\n<meta name=\"author\" content=\"Reda\u00e7\u00e3o\" \/>\n<meta name=\"twitter:card\" content=\"summary_large_image\" \/>\n<meta name=\"twitter:creator\" content=\"@Notibras\" \/>\n<meta name=\"twitter:site\" content=\"@Notibras\" \/>\n<meta name=\"twitter:label1\" content=\"Escrito por\" \/>\n\t<meta name=\"twitter:data1\" content=\"Reda\u00e7\u00e3o\" \/>\n\t<meta name=\"twitter:label2\" content=\"Est. tempo de leitura\" \/>\n\t<meta name=\"twitter:data2\" content=\"2 minutos\" \/>\n<script type=\"application\/ld+json\" class=\"yoast-schema-graph\">{\"@context\":\"https:\/\/schema.org\",\"@graph\":[{\"@type\":\"Article\",\"@id\":\"https:\/\/www.notibras.com\/site\/acir-gurgacz-senador-do-pdt-para-no-supremo-por-estelionato\/#article\",\"isPartOf\":{\"@id\":\"https:\/\/www.notibras.com\/site\/acir-gurgacz-senador-do-pdt-para-no-supremo-por-estelionato\/\"},\"author\":{\"name\":\"Reda\u00e7\u00e3o\",\"@id\":\"https:\/\/www.notibras.com\/site\/#\/schema\/person\/36ab0979449956132d3e5b517ea76ac8\"},\"headline\":\"Acir Gurgacz, senador do PDT, vai parar no Supremo por estelionato\",\"datePublished\":\"2015-02-13T17:56:24+00:00\",\"dateModified\":\"2015-03-23T15:54:57+00:00\",\"mainEntityOfPage\":{\"@id\":\"https:\/\/www.notibras.com\/site\/acir-gurgacz-senador-do-pdt-para-no-supremo-por-estelionato\/\"},\"wordCount\":454,\"commentCount\":0,\"publisher\":{\"@id\":\"https:\/\/www.notibras.com\/site\/#organization\"},\"image\":{\"@id\":\"https:\/\/www.notibras.com\/site\/acir-gurgacz-senador-do-pdt-para-no-supremo-por-estelionato\/#primaryimage\"},\"thumbnailUrl\":\"https:\/\/www.notibras.com\/site\/wp-content\/uploads\/2015\/02\/ag.jpg\",\"articleSection\":[\"Brasil\"],\"inLanguage\":\"pt-BR\",\"potentialAction\":[{\"@type\":\"CommentAction\",\"name\":\"Comment\",\"target\":[\"https:\/\/www.notibras.com\/site\/acir-gurgacz-senador-do-pdt-para-no-supremo-por-estelionato\/#respond\"]}]},{\"@type\":\"WebPage\",\"@id\":\"https:\/\/www.notibras.com\/site\/acir-gurgacz-senador-do-pdt-para-no-supremo-por-estelionato\/\",\"url\":\"https:\/\/www.notibras.com\/site\/acir-gurgacz-senador-do-pdt-para-no-supremo-por-estelionato\/\",\"name\":\"Acir Gurgacz, senador do PDT, vai parar no Supremo por estelionato - Notibras\",\"isPartOf\":{\"@id\":\"https:\/\/www.notibras.com\/site\/#website\"},\"primaryImageOfPage\":{\"@id\":\"https:\/\/www.notibras.com\/site\/acir-gurgacz-senador-do-pdt-para-no-supremo-por-estelionato\/#primaryimage\"},\"image\":{\"@id\":\"https:\/\/www.notibras.com\/site\/acir-gurgacz-senador-do-pdt-para-no-supremo-por-estelionato\/#primaryimage\"},\"thumbnailUrl\":\"https:\/\/www.notibras.com\/site\/wp-content\/uploads\/2015\/02\/ag.jpg\",\"datePublished\":\"2015-02-13T17:56:24+00:00\",\"dateModified\":\"2015-03-23T15:54:57+00:00\",\"breadcrumb\":{\"@id\":\"https:\/\/www.notibras.com\/site\/acir-gurgacz-senador-do-pdt-para-no-supremo-por-estelionato\/#breadcrumb\"},\"inLanguage\":\"pt-BR\",\"potentialAction\":[{\"@type\":\"ReadAction\",\"target\":[\"https:\/\/www.notibras.com\/site\/acir-gurgacz-senador-do-pdt-para-no-supremo-por-estelionato\/\"]}]},{\"@type\":\"ImageObject\",\"inLanguage\":\"pt-BR\",\"@id\":\"https:\/\/www.notibras.com\/site\/acir-gurgacz-senador-do-pdt-para-no-supremo-por-estelionato\/#primaryimage\",\"url\":\"https:\/\/www.notibras.com\/site\/wp-content\/uploads\/2015\/02\/ag.jpg\",\"contentUrl\":\"https:\/\/www.notibras.com\/site\/wp-content\/uploads\/2015\/02\/ag.jpg\",\"width\":597,\"height\":336},{\"@type\":\"BreadcrumbList\",\"@id\":\"https:\/\/www.notibras.com\/site\/acir-gurgacz-senador-do-pdt-para-no-supremo-por-estelionato\/#breadcrumb\",\"itemListElement\":[{\"@type\":\"ListItem\",\"position\":1,\"name\":\"In\u00edcio\",\"item\":\"https:\/\/www.notibras.com\/site\/\"},{\"@type\":\"ListItem\",\"position\":2,\"name\":\"Acir Gurgacz, senador do PDT, vai parar no Supremo por estelionato\"}]},{\"@type\":\"WebSite\",\"@id\":\"https:\/\/www.notibras.com\/site\/#website\",\"url\":\"https:\/\/www.notibras.com\/site\/\",\"name\":\"Notibras\",\"description\":\"Not\u00edcias de Bras\u00edlia, do Brasil e do Mundo\",\"publisher\":{\"@id\":\"https:\/\/www.notibras.com\/site\/#organization\"},\"potentialAction\":[{\"@type\":\"SearchAction\",\"target\":{\"@type\":\"EntryPoint\",\"urlTemplate\":\"https:\/\/www.notibras.com\/site\/?s={search_term_string}\"},\"query-input\":{\"@type\":\"PropertyValueSpecification\",\"valueRequired\":true,\"valueName\":\"search_term_string\"}}],\"inLanguage\":\"pt-BR\"},{\"@type\":\"Organization\",\"@id\":\"https:\/\/www.notibras.com\/site\/#organization\",\"name\":\"Grupo Notibras de Comunica\u00e7\u00e3o\",\"url\":\"https:\/\/www.notibras.com\/site\/\",\"logo\":{\"@type\":\"ImageObject\",\"inLanguage\":\"pt-BR\",\"@id\":\"https:\/\/www.notibras.com\/site\/#\/schema\/logo\/image\/\",\"url\":\"https:\/\/www.notibras.com\/site\/wp-content\/uploads\/2023\/01\/notibras23.png\",\"contentUrl\":\"https:\/\/www.notibras.com\/site\/wp-content\/uploads\/2023\/01\/notibras23.png\",\"width\":350,\"height\":87,\"caption\":\"Grupo Notibras de Comunica\u00e7\u00e3o\"},\"image\":{\"@id\":\"https:\/\/www.notibras.com\/site\/#\/schema\/logo\/image\/\"},\"sameAs\":[\"https:\/\/www.facebook.com\/notibras\/\",\"https:\/\/x.com\/Notibras\",\"https:\/\/www.instagram.com\/notibras\/\"]},{\"@type\":\"Person\",\"@id\":\"https:\/\/www.notibras.com\/site\/#\/schema\/person\/36ab0979449956132d3e5b517ea76ac8\",\"name\":\"Reda\u00e7\u00e3o\",\"image\":{\"@type\":\"ImageObject\",\"inLanguage\":\"pt-BR\",\"@id\":\"https:\/\/secure.gravatar.com\/avatar\/e0a867bdedb85fd243eadf09663511f96fc81e0720a4a42581f334ad4303aa6b?s=96&d=mm&r=g\",\"url\":\"https:\/\/secure.gravatar.com\/avatar\/e0a867bdedb85fd243eadf09663511f96fc81e0720a4a42581f334ad4303aa6b?s=96&d=mm&r=g\",\"contentUrl\":\"https:\/\/secure.gravatar.com\/avatar\/e0a867bdedb85fd243eadf09663511f96fc81e0720a4a42581f334ad4303aa6b?s=96&d=mm&r=g\",\"caption\":\"Reda\u00e7\u00e3o\"}}]}<\/script>\n<!-- \/ Yoast SEO plugin. -->","yoast_head_json":{"title":"Acir Gurgacz, senador do PDT, vai parar no Supremo por estelionato - Notibras","robots":{"index":"index","follow":"follow","max-snippet":"max-snippet:-1","max-image-preview":"max-image-preview:large","max-video-preview":"max-video-preview:-1"},"canonical":"https:\/\/www.notibras.com\/site\/acir-gurgacz-senador-do-pdt-para-no-supremo-por-estelionato\/","og_locale":"pt_BR","og_type":"article","og_title":"Acir Gurgacz, senador do PDT, vai parar no Supremo por estelionato - Notibras","og_description":"O senador Acir Gurgacz (PDT-RO) responder\u00e1 no Supremo Tribunal Federal (STF) por pr\u00e1tica de estelionato e por crimes contra o sistema financeiro. De acordo com a den\u00fancia oferecida pelo Minist\u00e9rio P\u00fablico Federal (MPF), enquanto foi diretor das filiais da empresa de \u00f4nibus Eucatur, em Manaus (AM) e Ji-Paran\u00e1 (RO), em 2002, Gurgacz fraudou documentos para [&hellip;]","og_url":"https:\/\/www.notibras.com\/site\/acir-gurgacz-senador-do-pdt-para-no-supremo-por-estelionato\/","og_site_name":"Notibras","article_publisher":"https:\/\/www.facebook.com\/notibras\/","article_published_time":"2015-02-13T17:56:24+00:00","article_modified_time":"2015-03-23T15:54:57+00:00","og_image":[{"width":597,"height":336,"url":"https:\/\/www.notibras.com\/site\/wp-content\/uploads\/2015\/02\/ag.jpg","type":"image\/jpeg"}],"author":"Reda\u00e7\u00e3o","twitter_card":"summary_large_image","twitter_creator":"@Notibras","twitter_site":"@Notibras","twitter_misc":{"Escrito por":"Reda\u00e7\u00e3o","Est. tempo de leitura":"2 minutos"},"schema":{"@context":"https:\/\/schema.org","@graph":[{"@type":"Article","@id":"https:\/\/www.notibras.com\/site\/acir-gurgacz-senador-do-pdt-para-no-supremo-por-estelionato\/#article","isPartOf":{"@id":"https:\/\/www.notibras.com\/site\/acir-gurgacz-senador-do-pdt-para-no-supremo-por-estelionato\/"},"author":{"name":"Reda\u00e7\u00e3o","@id":"https:\/\/www.notibras.com\/site\/#\/schema\/person\/36ab0979449956132d3e5b517ea76ac8"},"headline":"Acir Gurgacz, senador do PDT, vai parar no Supremo por estelionato","datePublished":"2015-02-13T17:56:24+00:00","dateModified":"2015-03-23T15:54:57+00:00","mainEntityOfPage":{"@id":"https:\/\/www.notibras.com\/site\/acir-gurgacz-senador-do-pdt-para-no-supremo-por-estelionato\/"},"wordCount":454,"commentCount":0,"publisher":{"@id":"https:\/\/www.notibras.com\/site\/#organization"},"image":{"@id":"https:\/\/www.notibras.com\/site\/acir-gurgacz-senador-do-pdt-para-no-supremo-por-estelionato\/#primaryimage"},"thumbnailUrl":"https:\/\/www.notibras.com\/site\/wp-content\/uploads\/2015\/02\/ag.jpg","articleSection":["Brasil"],"inLanguage":"pt-BR","potentialAction":[{"@type":"CommentAction","name":"Comment","target":["https:\/\/www.notibras.com\/site\/acir-gurgacz-senador-do-pdt-para-no-supremo-por-estelionato\/#respond"]}]},{"@type":"WebPage","@id":"https:\/\/www.notibras.com\/site\/acir-gurgacz-senador-do-pdt-para-no-supremo-por-estelionato\/","url":"https:\/\/www.notibras.com\/site\/acir-gurgacz-senador-do-pdt-para-no-supremo-por-estelionato\/","name":"Acir Gurgacz, senador do PDT, vai parar no Supremo por estelionato - Notibras","isPartOf":{"@id":"https:\/\/www.notibras.com\/site\/#website"},"primaryImageOfPage":{"@id":"https:\/\/www.notibras.com\/site\/acir-gurgacz-senador-do-pdt-para-no-supremo-por-estelionato\/#primaryimage"},"image":{"@id":"https:\/\/www.notibras.com\/site\/acir-gurgacz-senador-do-pdt-para-no-supremo-por-estelionato\/#primaryimage"},"thumbnailUrl":"https:\/\/www.notibras.com\/site\/wp-content\/uploads\/2015\/02\/ag.jpg","datePublished":"2015-02-13T17:56:24+00:00","dateModified":"2015-03-23T15:54:57+00:00","breadcrumb":{"@id":"https:\/\/www.notibras.com\/site\/acir-gurgacz-senador-do-pdt-para-no-supremo-por-estelionato\/#breadcrumb"},"inLanguage":"pt-BR","potentialAction":[{"@type":"ReadAction","target":["https:\/\/www.notibras.com\/site\/acir-gurgacz-senador-do-pdt-para-no-supremo-por-estelionato\/"]}]},{"@type":"ImageObject","inLanguage":"pt-BR","@id":"https:\/\/www.notibras.com\/site\/acir-gurgacz-senador-do-pdt-para-no-supremo-por-estelionato\/#primaryimage","url":"https:\/\/www.notibras.com\/site\/wp-content\/uploads\/2015\/02\/ag.jpg","contentUrl":"https:\/\/www.notibras.com\/site\/wp-content\/uploads\/2015\/02\/ag.jpg","width":597,"height":336},{"@type":"BreadcrumbList","@id":"https:\/\/www.notibras.com\/site\/acir-gurgacz-senador-do-pdt-para-no-supremo-por-estelionato\/#breadcrumb","itemListElement":[{"@type":"ListItem","position":1,"name":"In\u00edcio","item":"https:\/\/www.notibras.com\/site\/"},{"@type":"ListItem","position":2,"name":"Acir Gurgacz, senador do PDT, vai parar no Supremo por estelionato"}]},{"@type":"WebSite","@id":"https:\/\/www.notibras.com\/site\/#website","url":"https:\/\/www.notibras.com\/site\/","name":"Notibras","description":"Not\u00edcias de Bras\u00edlia, do Brasil e do Mundo","publisher":{"@id":"https:\/\/www.notibras.com\/site\/#organization"},"potentialAction":[{"@type":"SearchAction","target":{"@type":"EntryPoint","urlTemplate":"https:\/\/www.notibras.com\/site\/?s={search_term_string}"},"query-input":{"@type":"PropertyValueSpecification","valueRequired":true,"valueName":"search_term_string"}}],"inLanguage":"pt-BR"},{"@type":"Organization","@id":"https:\/\/www.notibras.com\/site\/#organization","name":"Grupo Notibras de Comunica\u00e7\u00e3o","url":"https:\/\/www.notibras.com\/site\/","logo":{"@type":"ImageObject","inLanguage":"pt-BR","@id":"https:\/\/www.notibras.com\/site\/#\/schema\/logo\/image\/","url":"https:\/\/www.notibras.com\/site\/wp-content\/uploads\/2023\/01\/notibras23.png","contentUrl":"https:\/\/www.notibras.com\/site\/wp-content\/uploads\/2023\/01\/notibras23.png","width":350,"height":87,"caption":"Grupo Notibras de Comunica\u00e7\u00e3o"},"image":{"@id":"https:\/\/www.notibras.com\/site\/#\/schema\/logo\/image\/"},"sameAs":["https:\/\/www.facebook.com\/notibras\/","https:\/\/x.com\/Notibras","https:\/\/www.instagram.com\/notibras\/"]},{"@type":"Person","@id":"https:\/\/www.notibras.com\/site\/#\/schema\/person\/36ab0979449956132d3e5b517ea76ac8","name":"Reda\u00e7\u00e3o","image":{"@type":"ImageObject","inLanguage":"pt-BR","@id":"https:\/\/secure.gravatar.com\/avatar\/e0a867bdedb85fd243eadf09663511f96fc81e0720a4a42581f334ad4303aa6b?s=96&d=mm&r=g","url":"https:\/\/secure.gravatar.com\/avatar\/e0a867bdedb85fd243eadf09663511f96fc81e0720a4a42581f334ad4303aa6b?s=96&d=mm&r=g","contentUrl":"https:\/\/secure.gravatar.com\/avatar\/e0a867bdedb85fd243eadf09663511f96fc81e0720a4a42581f334ad4303aa6b?s=96&d=mm&r=g","caption":"Reda\u00e7\u00e3o"}}]}},"amp_enabled":true,"_links":{"self":[{"href":"https:\/\/www.notibras.com\/site\/wp-json\/wp\/v2\/posts\/37001","targetHints":{"allow":["GET"]}}],"collection":[{"href":"https:\/\/www.notibras.com\/site\/wp-json\/wp\/v2\/posts"}],"about":[{"href":"https:\/\/www.notibras.com\/site\/wp-json\/wp\/v2\/types\/post"}],"author":[{"embeddable":true,"href":"https:\/\/www.notibras.com\/site\/wp-json\/wp\/v2\/users\/2"}],"replies":[{"embeddable":true,"href":"https:\/\/www.notibras.com\/site\/wp-json\/wp\/v2\/comments?post=37001"}],"version-history":[{"count":0,"href":"https:\/\/www.notibras.com\/site\/wp-json\/wp\/v2\/posts\/37001\/revisions"}],"wp:featuredmedia":[{"embeddable":true,"href":"https:\/\/www.notibras.com\/site\/wp-json\/wp\/v2\/media\/37002"}],"wp:attachment":[{"href":"https:\/\/www.notibras.com\/site\/wp-json\/wp\/v2\/media?parent=37001"}],"wp:term":[{"taxonomy":"category","embeddable":true,"href":"https:\/\/www.notibras.com\/site\/wp-json\/wp\/v2\/categories?post=37001"},{"taxonomy":"post_tag","embeddable":true,"href":"https:\/\/www.notibras.com\/site\/wp-json\/wp\/v2\/tags?post=37001"}],"curies":[{"name":"wp","href":"https:\/\/api.w.org\/{rel}","templated":true}]}}