{"id":370072,"date":"2025-11-08T14:09:58","date_gmt":"2025-11-08T17:09:58","guid":{"rendered":"https:\/\/www.notibras.com\/site\/?p=370072"},"modified":"2025-11-08T14:11:08","modified_gmt":"2025-11-08T17:11:08","slug":"volta-dos-imigrantes-da-nova-cara-ao-sertao","status":"publish","type":"post","link":"https:\/\/www.notibras.com\/site\/volta-dos-imigrantes-da-nova-cara-ao-sertao\/","title":{"rendered":"Volta dos imigrantes d\u00e1 nova cara ao sert\u00e3o"},"content":{"rendered":"<p>O sert\u00e3o \u2014 esse ch\u00e3o que parece carregar s\u00e9culos dentro de cada gr\u00e3o de areia \u2014 nunca foi realmente parado, embora tantos o descrevam como imut\u00e1vel. Hoje, ele se redesenha em sil\u00eancios e estradas, em partidas que viram retornos, em despedidas que, inesperadas, se transformam em reencontros. A migra\u00e7\u00e3o de retorno tem dado novos ritmos \u00e0 regi\u00e3o. Aqueles que um dia partiram, empurrados pela seca, pela fome, pela aus\u00eancia de oportunidades ou simplesmente pela promessa de um futuro mais largo, agora voltam trazendo outras bagagens: um of\u00edcio aprendido longe, um olhar mais amplo, a saudade finalmente vencida, o desejo de reconstruir onde um dia foi imposs\u00edvel permanecer.<\/p>\n<p>Enquanto isso, Recife, Fortaleza e Salvador \u2014 gigantes luminosas do Nordeste \u2014 seguem crescendo, absorvendo hist\u00f3rias, acolhendo quem chega do sert\u00e3o em busca de um pouco mais. A urbaniza\u00e7\u00e3o toma forma em avenidas que se alargam, em arranha-c\u00e9us espelhados, em bairros que nascem do nada e se enchem de tudo. Cidades que, aos poucos, tamb\u00e9m aprendem a carregar o sert\u00e3o dentro delas: na culin\u00e1ria, na f\u00e9, no jeito de falar, no riso que se espalha f\u00e1cil.<\/p>\n<p>Essa movimenta\u00e7\u00e3o constante, esse fluxo de vai e vem, revela algo essencial: o sert\u00e3o nunca foi apenas terra \u00e1rida, mas territ\u00f3rio vivo. Ele pulsa com quem fica e com quem volta, com quem o leva dentro de si para onde for. O Nordeste se transforma sem abandonar sua raiz, e talvez seja essa a sua maior for\u00e7a: mudar enquanto permanece, permanecer enquanto muda.<\/p>\n<p>No fim das contas, o sert\u00e3o n\u00e3o cabe apenas no mapa. Ele mora no passo de quem migra, no retorno de quem saudade, e na urbaniza\u00e7\u00e3o que avan\u00e7a sem apagar mem\u00f3rias. Porque o Nordeste \u00e9 assim: um lugar onde tudo se move, mesmo quando parece quieto.<\/p>\n","protected":false},"excerpt":{"rendered":"<p>O sert\u00e3o \u2014 esse ch\u00e3o que parece carregar s\u00e9culos dentro de cada gr\u00e3o de areia \u2014 nunca foi realmente parado, embora tantos o descrevam como imut\u00e1vel. Hoje, ele se redesenha em sil\u00eancios e estradas, em partidas que viram retornos, em despedidas que, inesperadas, se transformam em reencontros. A migra\u00e7\u00e3o de retorno tem dado novos ritmos [&hellip;]<\/p>\n","protected":false},"author":2,"featured_media":370073,"comment_status":"closed","ping_status":"closed","sticky":false,"template":"","format":"standard","meta":{"_acf_changed":false,"footnotes":""},"categories":[165],"tags":[],"class_list":["post-370072","post","type-post","status-publish","format-standard","has-post-thumbnail","hentry","category-nordeste"],"acf":[],"_links":{"self":[{"href":"https:\/\/www.notibras.com\/site\/wp-json\/wp\/v2\/posts\/370072","targetHints":{"allow":["GET"]}}],"collection":[{"href":"https:\/\/www.notibras.com\/site\/wp-json\/wp\/v2\/posts"}],"about":[{"href":"https:\/\/www.notibras.com\/site\/wp-json\/wp\/v2\/types\/post"}],"author":[{"embeddable":true,"href":"https:\/\/www.notibras.com\/site\/wp-json\/wp\/v2\/users\/2"}],"replies":[{"embeddable":true,"href":"https:\/\/www.notibras.com\/site\/wp-json\/wp\/v2\/comments?post=370072"}],"version-history":[{"count":3,"href":"https:\/\/www.notibras.com\/site\/wp-json\/wp\/v2\/posts\/370072\/revisions"}],"predecessor-version":[{"id":370076,"href":"https:\/\/www.notibras.com\/site\/wp-json\/wp\/v2\/posts\/370072\/revisions\/370076"}],"wp:featuredmedia":[{"embeddable":true,"href":"https:\/\/www.notibras.com\/site\/wp-json\/wp\/v2\/media\/370073"}],"wp:attachment":[{"href":"https:\/\/www.notibras.com\/site\/wp-json\/wp\/v2\/media?parent=370072"}],"wp:term":[{"taxonomy":"category","embeddable":true,"href":"https:\/\/www.notibras.com\/site\/wp-json\/wp\/v2\/categories?post=370072"},{"taxonomy":"post_tag","embeddable":true,"href":"https:\/\/www.notibras.com\/site\/wp-json\/wp\/v2\/tags?post=370072"}],"curies":[{"name":"wp","href":"https:\/\/api.w.org\/{rel}","templated":true}]}}