{"id":370181,"date":"2025-11-09T04:17:18","date_gmt":"2025-11-09T07:17:18","guid":{"rendered":"https:\/\/www.notibras.com\/site\/?p=370181"},"modified":"2025-11-09T04:19:00","modified_gmt":"2025-11-09T07:19:00","slug":"ambientalistas-denunciam-devastacao-em-suape","status":"publish","type":"post","link":"https:\/\/www.notibras.com\/site\/ambientalistas-denunciam-devastacao-em-suape\/","title":{"rendered":"Ambientalistas denunciam devasta\u00e7\u00e3o em Suape"},"content":{"rendered":"<p>Pescadores artesanais e ativistas ambientais denunciaram, nesta semana, a morte de dezenas de cavalos-marinhos nas \u00e1guas pr\u00f3ximas ao Complexo Industrial e Portu\u00e1rio de Suape, no litoral sul de Pernambuco. Os relatos apontam que os animais come\u00e7aram a aparecer mortos nas \u00faltimas semanas, ap\u00f3s o avan\u00e7o de obras de dragagem e amplia\u00e7\u00e3o do porto.<\/p>\n<p>Segundo os pescadores, a presen\u00e7a dos cavalos-marinhos \u2014 esp\u00e9cie s\u00edmbolo dos manguezais e considerada bioindicadora da qualidade ambiental \u2014 vem diminuindo drasticamente na regi\u00e3o. \u201cA gente vive do mar e conhece cada canto. De uns meses pra c\u00e1, t\u00e1 tudo diferente. A \u00e1gua mudou de cor, o fundo ficou tomado de lama, e os bichos t\u00e3o sumindo\u201d, contou o pescador Jo\u00e3o da Costa, morador da comunidade de Gaibu.<\/p>\n<p>Organiza\u00e7\u00f5es ambientais, como o Instituto Bicho do Mangue e o F\u00f3rum Suape Ambiental, afirmam que a dragagem e o despejo de sedimentos est\u00e3o afetando diretamente os ecossistemas costeiros e os criadouros naturais dos cavalos-marinhos. \u201cA morte desses animais \u00e9 um alerta grave. Isso mostra que o equil\u00edbrio do mangue est\u00e1 sendo comprometido\u201d, declarou a bi\u00f3loga e ativista Marina Torres.<\/p>\n<p>O Minist\u00e9rio P\u00fablico Federal (MPF) confirmou que abriu uma investiga\u00e7\u00e3o para apurar a poss\u00edvel rela\u00e7\u00e3o entre as obras do porto e a mortandade dos cavalos-marinhos. Em nota, o \u00f3rg\u00e3o informou que solicitou estudos t\u00e9cnicos ao Instituto Brasileiro do Meio Ambiente e dos Recursos Naturais Renov\u00e1veis (Ibama) e \u00e0 Ag\u00eancia Estadual de Meio Ambiente (CPRH), al\u00e9m de pedir esclarecimentos \u00e0 administra\u00e7\u00e3o do Porto de Suape.<\/p>\n<p>Em resposta, a empresa Suape Complexo Industrial Portu\u00e1rio afirmou, por meio de nota, que segue todas as normas ambientais e que realiza monitoramentos constantes da qualidade da \u00e1gua e da fauna marinha. A administra\u00e7\u00e3o tamb\u00e9m garantiu estar colaborando com as autoridades para esclarecer os fatos.<\/p>\n<p>Especialistas alertam que o cavalo-marinho (g\u00eanero Hippocampus) \u00e9 uma esp\u00e9cie vulner\u00e1vel e protegida por lei federal. A perda desses animais pode afetar toda a cadeia ecol\u00f3gica do manguezal, j\u00e1 pressionada pela polui\u00e7\u00e3o e pela urbaniza\u00e7\u00e3o costeira.<\/p>\n<p>Enquanto isso, pescadores locais pedem medidas urgentes para conter os impactos ambientais e garantir a sobreviv\u00eancia das esp\u00e9cies. \u201cO porto traz progresso, mas n\u00e3o pode matar o que \u00e9 nosso. O mar \u00e9 nossa vida\u201d, desabafa Jo\u00e3o.<\/p>\n","protected":false},"excerpt":{"rendered":"<p>Pescadores artesanais e ativistas ambientais denunciaram, nesta semana, a morte de dezenas de cavalos-marinhos nas \u00e1guas pr\u00f3ximas ao Complexo Industrial e Portu\u00e1rio de Suape, no litoral sul de Pernambuco. Os relatos apontam que os animais come\u00e7aram a aparecer mortos nas \u00faltimas semanas, ap\u00f3s o avan\u00e7o de obras de dragagem e amplia\u00e7\u00e3o do porto. Segundo os [&hellip;]<\/p>\n","protected":false},"author":2,"featured_media":370182,"comment_status":"closed","ping_status":"closed","sticky":false,"template":"","format":"standard","meta":{"_acf_changed":false,"footnotes":""},"categories":[165],"tags":[],"class_list":["post-370181","post","type-post","status-publish","format-standard","has-post-thumbnail","hentry","category-nordeste"],"acf":[],"_links":{"self":[{"href":"https:\/\/www.notibras.com\/site\/wp-json\/wp\/v2\/posts\/370181","targetHints":{"allow":["GET"]}}],"collection":[{"href":"https:\/\/www.notibras.com\/site\/wp-json\/wp\/v2\/posts"}],"about":[{"href":"https:\/\/www.notibras.com\/site\/wp-json\/wp\/v2\/types\/post"}],"author":[{"embeddable":true,"href":"https:\/\/www.notibras.com\/site\/wp-json\/wp\/v2\/users\/2"}],"replies":[{"embeddable":true,"href":"https:\/\/www.notibras.com\/site\/wp-json\/wp\/v2\/comments?post=370181"}],"version-history":[{"count":2,"href":"https:\/\/www.notibras.com\/site\/wp-json\/wp\/v2\/posts\/370181\/revisions"}],"predecessor-version":[{"id":370184,"href":"https:\/\/www.notibras.com\/site\/wp-json\/wp\/v2\/posts\/370181\/revisions\/370184"}],"wp:featuredmedia":[{"embeddable":true,"href":"https:\/\/www.notibras.com\/site\/wp-json\/wp\/v2\/media\/370182"}],"wp:attachment":[{"href":"https:\/\/www.notibras.com\/site\/wp-json\/wp\/v2\/media?parent=370181"}],"wp:term":[{"taxonomy":"category","embeddable":true,"href":"https:\/\/www.notibras.com\/site\/wp-json\/wp\/v2\/categories?post=370181"},{"taxonomy":"post_tag","embeddable":true,"href":"https:\/\/www.notibras.com\/site\/wp-json\/wp\/v2\/tags?post=370181"}],"curies":[{"name":"wp","href":"https:\/\/api.w.org\/{rel}","templated":true}]}}