{"id":370185,"date":"2025-11-09T00:23:16","date_gmt":"2025-11-09T03:23:16","guid":{"rendered":"https:\/\/www.notibras.com\/site\/?p=370185"},"modified":"2025-11-09T04:25:40","modified_gmt":"2025-11-09T07:25:40","slug":"grande-recife-tem-onibus-gratuito-para-estudantes-e-reforco-policial","status":"publish","type":"post","link":"https:\/\/www.notibras.com\/site\/grande-recife-tem-onibus-gratuito-para-estudantes-e-reforco-policial\/","title":{"rendered":"Grande Recife tem \u00f4nibus gratuito para estudantes e refor\u00e7o policial"},"content":{"rendered":"<p>Neste domingo (9), primeiro dia de provas do Exame Nacional do Ensino M\u00e9dio (Enem) 2025), o Grande Recife contar\u00e1 com uma s\u00e9rie de a\u00e7\u00f5es especiais para garantir que os candidatos cheguem aos locais de prova com seguran\u00e7a e pontualidade. O esquema inclui transporte gratuito para estudantes da rede estadual, refor\u00e7o na frota de \u00f4nibus e no policiamento, al\u00e9m do funcionamento do metr\u00f4.<\/p>\n<p>Os estudantes da rede p\u00fablica estadual ter\u00e3o acesso gratuito aos \u00f4nibus do Grande Recife Cons\u00f3rcio de Transporte durante todo o domingo. Para embarcar sem pagar a passagem, basta apresentar o fardamento escolar ou um documento oficial com foto que comprove o v\u00ednculo com a escola estadual.<\/p>\n<p>O cons\u00f3rcio tamb\u00e9m informou que haver\u00e1 refor\u00e7o na frota e monitoramento em tempo real das linhas com maior demanda, especialmente nas que atendem regi\u00f5es pr\u00f3ximas aos polos de aplica\u00e7\u00e3o das provas. Linhas alimentadoras e troncais ter\u00e3o viagens extras nos hor\u00e1rios de pico, das 9h \u00e0s 13h e das 16h \u00e0s 20h, para facilitar o deslocamento de ida e volta dos participantes.<\/p>\n<p>A Companhia Brasileira de Trens Urbanos (CBTU) confirmou que o metr\u00f4 do Recife funcionar\u00e1 normalmente neste domingo, com trens circulando nas linhas Centro e Sul, das 7h30 \u00e0s 20h. O objetivo \u00e9 atender tanto os candidatos quanto os demais passageiros que utilizam o sistema aos domingos.<\/p>\n<p>A Pol\u00edcia Militar de Pernambuco (PMPE) tamb\u00e9m montou um esquema especial de seguran\u00e7a, com aumento do efetivo nas ruas e presen\u00e7a em pontos estrat\u00e9gicos, como terminais integrados, esta\u00e7\u00f5es de metr\u00f4 e locais de prova. O policiamento contar\u00e1 com apoio de unidades motorizadas e patrulhas a p\u00e9, visando garantir a tranquilidade dos estudantes e familiares.<\/p>\n<p>Os port\u00f5es dos locais de prova ser\u00e3o abertos a partir das 12h e fechados pontualmente \u00e0s 13h (hor\u00e1rio de Bras\u00edlia). A recomenda\u00e7\u00e3o \u00e9 que os candidatos saiam de casa com anteced\u00eancia, levando documento oficial com foto, caneta preta de tubo transparente e o cart\u00e3o de confirma\u00e7\u00e3o da inscri\u00e7\u00e3o.<\/p>\n<p>Al\u00e9m disso, o Grande Recife Cons\u00f3rcio de Transporte disponibilizar\u00e1 informa\u00e7\u00f5es atualizadas sobre hor\u00e1rios e rotas no site oficial e nas redes sociais.<\/p>\n<p>Com as medidas de mobilidade e seguran\u00e7a refor\u00e7adas, o objetivo \u00e9 garantir que nenhum estudante fique de fora por causa de dificuldades no deslocamento.<\/p>\n","protected":false},"excerpt":{"rendered":"<p>Neste domingo (9), primeiro dia de provas do Exame Nacional do Ensino M\u00e9dio (Enem) 2025), o Grande Recife contar\u00e1 com uma s\u00e9rie de a\u00e7\u00f5es especiais para garantir que os candidatos cheguem aos locais de prova com seguran\u00e7a e pontualidade. O esquema inclui transporte gratuito para estudantes da rede estadual, refor\u00e7o na frota de \u00f4nibus e [&hellip;]<\/p>\n","protected":false},"author":2,"featured_media":370186,"comment_status":"closed","ping_status":"closed","sticky":false,"template":"","format":"standard","meta":{"_acf_changed":false,"footnotes":""},"categories":[165],"tags":[],"class_list":["post-370185","post","type-post","status-publish","format-standard","has-post-thumbnail","hentry","category-nordeste"],"acf":[],"_links":{"self":[{"href":"https:\/\/www.notibras.com\/site\/wp-json\/wp\/v2\/posts\/370185","targetHints":{"allow":["GET"]}}],"collection":[{"href":"https:\/\/www.notibras.com\/site\/wp-json\/wp\/v2\/posts"}],"about":[{"href":"https:\/\/www.notibras.com\/site\/wp-json\/wp\/v2\/types\/post"}],"author":[{"embeddable":true,"href":"https:\/\/www.notibras.com\/site\/wp-json\/wp\/v2\/users\/2"}],"replies":[{"embeddable":true,"href":"https:\/\/www.notibras.com\/site\/wp-json\/wp\/v2\/comments?post=370185"}],"version-history":[{"count":1,"href":"https:\/\/www.notibras.com\/site\/wp-json\/wp\/v2\/posts\/370185\/revisions"}],"predecessor-version":[{"id":370187,"href":"https:\/\/www.notibras.com\/site\/wp-json\/wp\/v2\/posts\/370185\/revisions\/370187"}],"wp:featuredmedia":[{"embeddable":true,"href":"https:\/\/www.notibras.com\/site\/wp-json\/wp\/v2\/media\/370186"}],"wp:attachment":[{"href":"https:\/\/www.notibras.com\/site\/wp-json\/wp\/v2\/media?parent=370185"}],"wp:term":[{"taxonomy":"category","embeddable":true,"href":"https:\/\/www.notibras.com\/site\/wp-json\/wp\/v2\/categories?post=370185"},{"taxonomy":"post_tag","embeddable":true,"href":"https:\/\/www.notibras.com\/site\/wp-json\/wp\/v2\/tags?post=370185"}],"curies":[{"name":"wp","href":"https:\/\/api.w.org\/{rel}","templated":true}]}}