{"id":370188,"date":"2025-11-09T03:27:52","date_gmt":"2025-11-09T06:27:52","guid":{"rendered":"https:\/\/www.notibras.com\/site\/?p=370188"},"modified":"2025-11-09T04:31:43","modified_gmt":"2025-11-09T07:31:43","slug":"narrativas-de-uma-terra-de-muitos-contrastes-diarios","status":"publish","type":"post","link":"https:\/\/www.notibras.com\/site\/narrativas-de-uma-terra-de-muitos-contrastes-diarios\/","title":{"rendered":"Narrativas de uma terra de muitos contrastes di\u00e1rios"},"content":{"rendered":"<p>Os olhos do sert\u00e3o nunca mentem. Eles carregam no brilho seco da paisagem a verdade dura da terra rachada, mas tamb\u00e9m o milagre de cada pequena flor que insiste em nascer onde ningu\u00e9m juraria que pudesse. Quem atravessa essas estradas de poeira logo percebe: o sert\u00e3o n\u00e3o se oferece de primeira, ele se revela aos poucos \u2014 como quem testa a coragem de quem chega.<\/p>\n<p>Nas manh\u00e3s, o sol abre o dia com pressa, incendiando telhados, cercas e horizontes. A claridade exp\u00f5e tudo: as casas simples, o canto distante do galo, o sil\u00eancio comprido das fam\u00edlias que aprenderam a esperar o que nunca vem no tempo certo. Mas basta a tarde cair para que o sert\u00e3o mude de rosto \u2014 as sombras alongam, os ventos refrescam a mem\u00f3ria e as conversas reaparecem nas cal\u00e7adas como velhos conhecidos.<\/p>\n<p>\u00c9 nessa mudan\u00e7a de luz que o sert\u00e3o mostra seus contrastes. Aqui, a seca e a esperan\u00e7a caminham lado a lado, como se uma ensinasse a outra a seguir. O mesmo ch\u00e3o que castiga tamb\u00e9m acolhe. O mesmo povo que sofre tamb\u00e9m festeja. A mesma alma que resiste tamb\u00e9m sonha \u2014 e sonha grande, porque no sert\u00e3o o imposs\u00edvel sempre encontra um jeito de ser teimoso.<\/p>\n<p>Cada narrativa nasce de um olhar: o da crian\u00e7a que corre atr\u00e1s de um bode arisco, o da mulher que varre a cal\u00e7ada enquanto espia o c\u00e9u em busca de chuva, o do vaqueiro que conhece o mapa do mundo pelo cheiro do vento. S\u00e3o hist\u00f3rias que se entrela\u00e7am no compasso lento dos dias, como se a vida precisasse de tempo para ser entendida.<\/p>\n<p>E assim o sert\u00e3o segue, entre luz e sombra, fome e fartura, despedidas e reencontros. Terra de extremos, sim \u2014 mas tamb\u00e9m de uma beleza que s\u00f3 se revela a quem sabe olhar. Porque os olhos do sert\u00e3o n\u00e3o buscam perfei\u00e7\u00e3o: eles buscam verdade. E verdade, por aqui, nunca falta.<\/p>\n","protected":false},"excerpt":{"rendered":"<p>Os olhos do sert\u00e3o nunca mentem. Eles carregam no brilho seco da paisagem a verdade dura da terra rachada, mas tamb\u00e9m o milagre de cada pequena flor que insiste em nascer onde ningu\u00e9m juraria que pudesse. Quem atravessa essas estradas de poeira logo percebe: o sert\u00e3o n\u00e3o se oferece de primeira, ele se revela aos [&hellip;]<\/p>\n","protected":false},"author":2,"featured_media":370189,"comment_status":"closed","ping_status":"closed","sticky":false,"template":"","format":"standard","meta":{"_acf_changed":false,"footnotes":""},"categories":[165],"tags":[],"class_list":["post-370188","post","type-post","status-publish","format-standard","has-post-thumbnail","hentry","category-nordeste"],"acf":[],"_links":{"self":[{"href":"https:\/\/www.notibras.com\/site\/wp-json\/wp\/v2\/posts\/370188","targetHints":{"allow":["GET"]}}],"collection":[{"href":"https:\/\/www.notibras.com\/site\/wp-json\/wp\/v2\/posts"}],"about":[{"href":"https:\/\/www.notibras.com\/site\/wp-json\/wp\/v2\/types\/post"}],"author":[{"embeddable":true,"href":"https:\/\/www.notibras.com\/site\/wp-json\/wp\/v2\/users\/2"}],"replies":[{"embeddable":true,"href":"https:\/\/www.notibras.com\/site\/wp-json\/wp\/v2\/comments?post=370188"}],"version-history":[{"count":1,"href":"https:\/\/www.notibras.com\/site\/wp-json\/wp\/v2\/posts\/370188\/revisions"}],"predecessor-version":[{"id":370190,"href":"https:\/\/www.notibras.com\/site\/wp-json\/wp\/v2\/posts\/370188\/revisions\/370190"}],"wp:featuredmedia":[{"embeddable":true,"href":"https:\/\/www.notibras.com\/site\/wp-json\/wp\/v2\/media\/370189"}],"wp:attachment":[{"href":"https:\/\/www.notibras.com\/site\/wp-json\/wp\/v2\/media?parent=370188"}],"wp:term":[{"taxonomy":"category","embeddable":true,"href":"https:\/\/www.notibras.com\/site\/wp-json\/wp\/v2\/categories?post=370188"},{"taxonomy":"post_tag","embeddable":true,"href":"https:\/\/www.notibras.com\/site\/wp-json\/wp\/v2\/tags?post=370188"}],"curies":[{"name":"wp","href":"https:\/\/api.w.org\/{rel}","templated":true}]}}