{"id":37019,"date":"2015-02-13T17:23:18","date_gmt":"2015-02-13T20:23:18","guid":{"rendered":"http:\/\/www.notibras.com\/site\/?p=37019"},"modified":"2015-02-13T18:46:51","modified_gmt":"2015-02-13T21:46:51","slug":"pmdb-ve-nuvens-negras-em-brasilia-e-vai-trocar-apoio-por-mais-poder","status":"publish","type":"post","link":"https:\/\/www.notibras.com\/site\/pmdb-ve-nuvens-negras-em-brasilia-e-vai-trocar-apoio-por-mais-poder\/","title":{"rendered":"PMDB v\u00ea nuvens negras em Bras\u00edlia e vai trocar o apoio por mais poder"},"content":{"rendered":"<p>Diante de um governo que tem mostrado fragilidades, um PMDB fortalecido cobra mais di\u00e1logo e reconhecimento de sua for\u00e7a por parte do Pal\u00e1cio do Planalto para aprovar no Congresso medidas importantes para o Executivo, como as de ajuste nas contas p\u00fablicas.<\/p>\n<p>At\u00e9 a\u00ed parece mais do mesmo, querendo mais espa\u00e7o no governo, mais di\u00e1logo com a presidente Dilma Rousseff e mais influ\u00eancia nas decis\u00f5es do Executivo. A novidade, revela reportagem da Reuters, \u00e9 que, diante da queda na popularidade da presidente, das dificuldades de articula\u00e7\u00e3o do governo, da fragilidade econ\u00f4mica e da necessidade de ajuste fiscal, devem intensificar as investidas para conseguirem o que buscam.<\/p>\n<p>&#8220;Acho que o PMDB n\u00e3o participa da formula\u00e7\u00e3o das pol\u00edticas p\u00fablicas, acho que o governo da Dilma, do PT, \u00e9 muito fechado, n\u00e3o tem muita abertura, muita comunica\u00e7\u00e3o, muito di\u00e1logo com o Congresso Nacional. Agora a presidente Dilma est\u00e1 tentando fazer essa aproxima\u00e7\u00e3o&#8221;, disse \u00e0 Reuters o deputado Marcelo Castro (PMDB-PI), um dos dez vice-l\u00edderes do governo na C\u00e2mara.<\/p>\n<p>O deputado vai mais longe ao dizer que avalia que a grande maioria da bancada do PMDB acha que o partido tem um &#8220;tratamento menor do que o seu merecimento&#8221;.<\/p>\n<blockquote><p>Em reuni\u00f5es internas, os peemedebistas t\u00eam manifestado o descontentamento nas rela\u00e7\u00f5es com o setor de articula\u00e7\u00e3o do governo, com o espa\u00e7o dado ao partido no novo mandato e com manobras que teriam a digital do Executivo para aumentar a for\u00e7a dos ministros Gilberto Kassab (Cidades) e Cid Gomes (Educa\u00e7\u00e3o), que se movimentam para criar blocos partid\u00e1rios para contrapor o PMDB.<\/p><\/blockquote>\n<p>Ainda assim, uma fonte pr\u00f3xima ao alto comando peemedebista disse \u00e0 Reuters que o PMDB est\u00e1 longe de adotar postura de independ\u00eancia em rela\u00e7\u00e3o ao governo e aos cargos que ocupa na administra\u00e7\u00e3o. O PMDB tamb\u00e9m diagnosticou as fragilidades vividas pelo governo na \u00e1rea de articula\u00e7\u00e3o pol\u00edtica, segundo essa fonte.<\/p>\n<p>Na avalia\u00e7\u00e3o do cientista pol\u00edtico Carlos Melo, do Insper, o PMDB deve se aproveitar dessa fragilidade, aliada \u00e0 queda da popularidade de Dilma, \u00e0 fragilidade econ\u00f4mica e \u00e0 necessidade de ajustes econ\u00f4micos, para se cacifar.<\/p>\n<blockquote><p>&#8220;A gente est\u00e1 acostumado com um Poder Executivo muito forte, que pega o seu poder de m\u00e1quina e vai l\u00e1 e determina o comportamento do Legislativo. Dessa vez n\u00e3o vai ser assim. Com um governo com essa fragilidade toda, o poder vai ter que ser compartilhado com o Congresso&#8221;, afirmou Melo.<\/p><\/blockquote>\n<p>Para ele, o Planalto ter\u00e1 de negociar ponto a ponto de sua agenda com o Congresso, especialmente com o PMDB, e Dilma ter\u00e1 de encontrar algu\u00e9m em sua equipe com capacidade de fazer essa negocia\u00e7\u00e3o.<\/p>\n<p>Dilma j\u00e1 foi orientada a fazer uma aproxima\u00e7\u00e3o. Ela se reuniu com o ex-presidente Luiz In\u00e1cio Lula da Silva, que tem se encontrado com l\u00edderes de partidos aliados, em S\u00e3o Paulo na quinta-feira.<\/p>\n<p>Pr\u00f3ximo do presidente da C\u00e2mara, Eduardo Cunha (PMDB-RJ), Castro avalia que caber\u00e1 ao governo decidir que rela\u00e7\u00e3o ter\u00e1 com o maior partido da base aliada.<\/p>\n<p>&#8220;Quem vai ditar o comportamento do PMDB \u00e9 o governo. Se o governo distensionar, se o governo se abrir ao di\u00e1logo, o PMDB na sua ampla maioria tem esse prop\u00f3sito&#8221;, disse Castro.<\/p>\n<p>Partido do vice-presidente Michel Temer, de seis ministros de Dilma e dos presidentes do Senado e da C\u00e2mara, o PMDB tem feito movimenta\u00e7\u00f5es no Congresso com potencial de desagradar ao Pal\u00e1cio do Planalto, numa prov\u00e1vel demonstra\u00e7\u00e3o de sua for\u00e7a para o Executivo.<\/p>\n<p>Cunha, por exemplo, criou a contragosto do PT uma comiss\u00e3o para analisar a reforma pol\u00edtica na C\u00e2mara e colocou como presidente o deputado oposicionista Rodrigo Maia (DEM-RJ), dando a seu aliado Marcelo Castro a relatoria.<\/p>\n<p>Tamb\u00e9m decidiu convidar todos os 39 ministros de Dilma para prestar esclarecimentos na C\u00e2mara e, ao lado de peemedebistas no Senado, pode contribuir para derrubar o veto de Dilma ao reajuste de 6,5 por cento na tabela do Imposto de Renda.<\/p>\n<blockquote><p>Entre os senadores, onde a vida do governo costuma ser mais tranquila, um grupo de senadores do PMDB declarou-se independente e, com apoio da oposi\u00e7\u00e3o, lan\u00e7ou sem sucesso candidatura alternativa \u00e0 de Renan Calheiros (PMDB-AL) para a presid\u00eancia da Casa.<\/p><\/blockquote>\n<p>Ainda assim, o primeiro vice-presidente do PMDB, senador Valdir Raupp (RO), garante que a rela\u00e7\u00e3o do partido com o Planalto tem melhorado e que a sigla &#8220;n\u00e3o faltar\u00e1&#8221; ao governo, embora afirme que ser\u00e1 necess\u00e1rio buscar um &#8220;equil\u00edbrio&#8221; em rela\u00e7\u00e3o \u00e0s propostas de ajuste encaminhadas pelo governo.<\/p>\n<p>&#8220;(A rela\u00e7\u00e3o) tem melhorado bastante nos \u00faltimos tempos e esse \u00e9 um ano de harmonia. Temos que harmonizar o PMDB com o governo. Acho que \u00e9 o momento que o governo mais precisa do PMDB no Congresso para poder aprovar as reformas&#8221;, avaliou.<\/p>\n<p>&#8220;O PMDB n\u00e3o vai faltar a esse apoio, sem descuidar tamb\u00e9m da popula\u00e7\u00e3o, dos benef\u00edcios da popula\u00e7\u00e3o. Vamos encontrar um ponto de equil\u00edbrio nessas quest\u00f5es&#8221;, assegurou.<\/p>\n","protected":false},"excerpt":{"rendered":"<p>Diante de um governo que tem mostrado fragilidades, um PMDB fortalecido cobra mais di\u00e1logo e reconhecimento de sua for\u00e7a por parte do Pal\u00e1cio do Planalto para aprovar no Congresso medidas importantes para o Executivo, como as de ajuste nas contas p\u00fablicas. At\u00e9 a\u00ed parece mais do mesmo, querendo mais espa\u00e7o no governo, mais di\u00e1logo com [&hellip;]<\/p>\n","protected":false},"author":2,"featured_media":37020,"comment_status":"open","ping_status":"closed","sticky":false,"template":"","format":"standard","meta":{"_acf_changed":false,"footnotes":""},"categories":[16],"tags":[],"class_list":["post-37019","post","type-post","status-publish","format-standard","has-post-thumbnail","hentry","category-brasil"],"acf":[],"yoast_head":"<!-- This site is optimized with the Yoast SEO plugin v27.2 - https:\/\/yoast.com\/product\/yoast-seo-wordpress\/ -->\n<title>PMDB v\u00ea nuvens negras em Bras\u00edlia e vai trocar o apoio por mais poder - Notibras<\/title>\n<meta name=\"robots\" content=\"index, follow, max-snippet:-1, max-image-preview:large, max-video-preview:-1\" \/>\n<link rel=\"canonical\" href=\"https:\/\/www.notibras.com\/site\/pmdb-ve-nuvens-negras-em-brasilia-e-vai-trocar-apoio-por-mais-poder\/\" \/>\n<meta property=\"og:locale\" content=\"pt_BR\" \/>\n<meta property=\"og:type\" content=\"article\" \/>\n<meta property=\"og:title\" content=\"PMDB v\u00ea nuvens negras em Bras\u00edlia e vai trocar o apoio por mais poder - Notibras\" \/>\n<meta property=\"og:description\" content=\"Diante de um governo que tem mostrado fragilidades, um PMDB fortalecido cobra mais di\u00e1logo e reconhecimento de sua for\u00e7a por parte do Pal\u00e1cio do Planalto para aprovar no Congresso medidas importantes para o Executivo, como as de ajuste nas contas p\u00fablicas. At\u00e9 a\u00ed parece mais do mesmo, querendo mais espa\u00e7o no governo, mais di\u00e1logo com [&hellip;]\" \/>\n<meta property=\"og:url\" content=\"https:\/\/www.notibras.com\/site\/pmdb-ve-nuvens-negras-em-brasilia-e-vai-trocar-apoio-por-mais-poder\/\" \/>\n<meta property=\"og:site_name\" content=\"Notibras\" \/>\n<meta property=\"article:publisher\" content=\"https:\/\/www.facebook.com\/notibras\/\" \/>\n<meta property=\"article:published_time\" content=\"2015-02-13T20:23:18+00:00\" \/>\n<meta property=\"article:modified_time\" content=\"2015-02-13T21:46:51+00:00\" \/>\n<meta property=\"og:image\" content=\"https:\/\/www.notibras.com\/site\/wp-content\/uploads\/2015\/02\/p.jpg\" \/>\n\t<meta property=\"og:image:width\" content=\"460\" \/>\n\t<meta property=\"og:image:height\" content=\"306\" \/>\n\t<meta property=\"og:image:type\" content=\"image\/jpeg\" \/>\n<meta name=\"author\" content=\"Reda\u00e7\u00e3o\" \/>\n<meta name=\"twitter:card\" content=\"summary_large_image\" \/>\n<meta name=\"twitter:creator\" content=\"@Notibras\" \/>\n<meta name=\"twitter:site\" content=\"@Notibras\" \/>\n<meta name=\"twitter:label1\" content=\"Escrito por\" \/>\n\t<meta name=\"twitter:data1\" content=\"Reda\u00e7\u00e3o\" \/>\n\t<meta name=\"twitter:label2\" content=\"Est. tempo de leitura\" \/>\n\t<meta name=\"twitter:data2\" content=\"4 minutos\" \/>\n<script type=\"application\/ld+json\" class=\"yoast-schema-graph\">{\"@context\":\"https:\/\/schema.org\",\"@graph\":[{\"@type\":\"Article\",\"@id\":\"https:\/\/www.notibras.com\/site\/pmdb-ve-nuvens-negras-em-brasilia-e-vai-trocar-apoio-por-mais-poder\/#article\",\"isPartOf\":{\"@id\":\"https:\/\/www.notibras.com\/site\/pmdb-ve-nuvens-negras-em-brasilia-e-vai-trocar-apoio-por-mais-poder\/\"},\"author\":{\"name\":\"Reda\u00e7\u00e3o\",\"@id\":\"https:\/\/www.notibras.com\/site\/#\/schema\/person\/36ab0979449956132d3e5b517ea76ac8\"},\"headline\":\"PMDB v\u00ea nuvens negras em Bras\u00edlia e vai trocar o apoio por mais poder\",\"datePublished\":\"2015-02-13T20:23:18+00:00\",\"dateModified\":\"2015-02-13T21:46:51+00:00\",\"mainEntityOfPage\":{\"@id\":\"https:\/\/www.notibras.com\/site\/pmdb-ve-nuvens-negras-em-brasilia-e-vai-trocar-apoio-por-mais-poder\/\"},\"wordCount\":870,\"commentCount\":0,\"publisher\":{\"@id\":\"https:\/\/www.notibras.com\/site\/#organization\"},\"image\":{\"@id\":\"https:\/\/www.notibras.com\/site\/pmdb-ve-nuvens-negras-em-brasilia-e-vai-trocar-apoio-por-mais-poder\/#primaryimage\"},\"thumbnailUrl\":\"https:\/\/www.notibras.com\/site\/wp-content\/uploads\/2015\/02\/p.jpg\",\"articleSection\":[\"Brasil\"],\"inLanguage\":\"pt-BR\",\"potentialAction\":[{\"@type\":\"CommentAction\",\"name\":\"Comment\",\"target\":[\"https:\/\/www.notibras.com\/site\/pmdb-ve-nuvens-negras-em-brasilia-e-vai-trocar-apoio-por-mais-poder\/#respond\"]}]},{\"@type\":\"WebPage\",\"@id\":\"https:\/\/www.notibras.com\/site\/pmdb-ve-nuvens-negras-em-brasilia-e-vai-trocar-apoio-por-mais-poder\/\",\"url\":\"https:\/\/www.notibras.com\/site\/pmdb-ve-nuvens-negras-em-brasilia-e-vai-trocar-apoio-por-mais-poder\/\",\"name\":\"PMDB v\u00ea nuvens negras em Bras\u00edlia e vai trocar o apoio por mais poder - Notibras\",\"isPartOf\":{\"@id\":\"https:\/\/www.notibras.com\/site\/#website\"},\"primaryImageOfPage\":{\"@id\":\"https:\/\/www.notibras.com\/site\/pmdb-ve-nuvens-negras-em-brasilia-e-vai-trocar-apoio-por-mais-poder\/#primaryimage\"},\"image\":{\"@id\":\"https:\/\/www.notibras.com\/site\/pmdb-ve-nuvens-negras-em-brasilia-e-vai-trocar-apoio-por-mais-poder\/#primaryimage\"},\"thumbnailUrl\":\"https:\/\/www.notibras.com\/site\/wp-content\/uploads\/2015\/02\/p.jpg\",\"datePublished\":\"2015-02-13T20:23:18+00:00\",\"dateModified\":\"2015-02-13T21:46:51+00:00\",\"breadcrumb\":{\"@id\":\"https:\/\/www.notibras.com\/site\/pmdb-ve-nuvens-negras-em-brasilia-e-vai-trocar-apoio-por-mais-poder\/#breadcrumb\"},\"inLanguage\":\"pt-BR\",\"potentialAction\":[{\"@type\":\"ReadAction\",\"target\":[\"https:\/\/www.notibras.com\/site\/pmdb-ve-nuvens-negras-em-brasilia-e-vai-trocar-apoio-por-mais-poder\/\"]}]},{\"@type\":\"ImageObject\",\"inLanguage\":\"pt-BR\",\"@id\":\"https:\/\/www.notibras.com\/site\/pmdb-ve-nuvens-negras-em-brasilia-e-vai-trocar-apoio-por-mais-poder\/#primaryimage\",\"url\":\"https:\/\/www.notibras.com\/site\/wp-content\/uploads\/2015\/02\/p.jpg\",\"contentUrl\":\"https:\/\/www.notibras.com\/site\/wp-content\/uploads\/2015\/02\/p.jpg\",\"width\":460,\"height\":306},{\"@type\":\"BreadcrumbList\",\"@id\":\"https:\/\/www.notibras.com\/site\/pmdb-ve-nuvens-negras-em-brasilia-e-vai-trocar-apoio-por-mais-poder\/#breadcrumb\",\"itemListElement\":[{\"@type\":\"ListItem\",\"position\":1,\"name\":\"In\u00edcio\",\"item\":\"https:\/\/www.notibras.com\/site\/\"},{\"@type\":\"ListItem\",\"position\":2,\"name\":\"PMDB v\u00ea nuvens negras em Bras\u00edlia e vai trocar o apoio por mais poder\"}]},{\"@type\":\"WebSite\",\"@id\":\"https:\/\/www.notibras.com\/site\/#website\",\"url\":\"https:\/\/www.notibras.com\/site\/\",\"name\":\"Notibras\",\"description\":\"Not\u00edcias de Bras\u00edlia, do Brasil e do Mundo\",\"publisher\":{\"@id\":\"https:\/\/www.notibras.com\/site\/#organization\"},\"potentialAction\":[{\"@type\":\"SearchAction\",\"target\":{\"@type\":\"EntryPoint\",\"urlTemplate\":\"https:\/\/www.notibras.com\/site\/?s={search_term_string}\"},\"query-input\":{\"@type\":\"PropertyValueSpecification\",\"valueRequired\":true,\"valueName\":\"search_term_string\"}}],\"inLanguage\":\"pt-BR\"},{\"@type\":\"Organization\",\"@id\":\"https:\/\/www.notibras.com\/site\/#organization\",\"name\":\"Grupo Notibras de Comunica\u00e7\u00e3o\",\"url\":\"https:\/\/www.notibras.com\/site\/\",\"logo\":{\"@type\":\"ImageObject\",\"inLanguage\":\"pt-BR\",\"@id\":\"https:\/\/www.notibras.com\/site\/#\/schema\/logo\/image\/\",\"url\":\"https:\/\/www.notibras.com\/site\/wp-content\/uploads\/2023\/01\/notibras23.png\",\"contentUrl\":\"https:\/\/www.notibras.com\/site\/wp-content\/uploads\/2023\/01\/notibras23.png\",\"width\":350,\"height\":87,\"caption\":\"Grupo Notibras de Comunica\u00e7\u00e3o\"},\"image\":{\"@id\":\"https:\/\/www.notibras.com\/site\/#\/schema\/logo\/image\/\"},\"sameAs\":[\"https:\/\/www.facebook.com\/notibras\/\",\"https:\/\/x.com\/Notibras\",\"https:\/\/www.instagram.com\/notibras\/\"]},{\"@type\":\"Person\",\"@id\":\"https:\/\/www.notibras.com\/site\/#\/schema\/person\/36ab0979449956132d3e5b517ea76ac8\",\"name\":\"Reda\u00e7\u00e3o\",\"image\":{\"@type\":\"ImageObject\",\"inLanguage\":\"pt-BR\",\"@id\":\"https:\/\/secure.gravatar.com\/avatar\/e0a867bdedb85fd243eadf09663511f96fc81e0720a4a42581f334ad4303aa6b?s=96&d=mm&r=g\",\"url\":\"https:\/\/secure.gravatar.com\/avatar\/e0a867bdedb85fd243eadf09663511f96fc81e0720a4a42581f334ad4303aa6b?s=96&d=mm&r=g\",\"contentUrl\":\"https:\/\/secure.gravatar.com\/avatar\/e0a867bdedb85fd243eadf09663511f96fc81e0720a4a42581f334ad4303aa6b?s=96&d=mm&r=g\",\"caption\":\"Reda\u00e7\u00e3o\"}}]}<\/script>\n<!-- \/ Yoast SEO plugin. -->","yoast_head_json":{"title":"PMDB v\u00ea nuvens negras em Bras\u00edlia e vai trocar o apoio por mais poder - Notibras","robots":{"index":"index","follow":"follow","max-snippet":"max-snippet:-1","max-image-preview":"max-image-preview:large","max-video-preview":"max-video-preview:-1"},"canonical":"https:\/\/www.notibras.com\/site\/pmdb-ve-nuvens-negras-em-brasilia-e-vai-trocar-apoio-por-mais-poder\/","og_locale":"pt_BR","og_type":"article","og_title":"PMDB v\u00ea nuvens negras em Bras\u00edlia e vai trocar o apoio por mais poder - Notibras","og_description":"Diante de um governo que tem mostrado fragilidades, um PMDB fortalecido cobra mais di\u00e1logo e reconhecimento de sua for\u00e7a por parte do Pal\u00e1cio do Planalto para aprovar no Congresso medidas importantes para o Executivo, como as de ajuste nas contas p\u00fablicas. At\u00e9 a\u00ed parece mais do mesmo, querendo mais espa\u00e7o no governo, mais di\u00e1logo com [&hellip;]","og_url":"https:\/\/www.notibras.com\/site\/pmdb-ve-nuvens-negras-em-brasilia-e-vai-trocar-apoio-por-mais-poder\/","og_site_name":"Notibras","article_publisher":"https:\/\/www.facebook.com\/notibras\/","article_published_time":"2015-02-13T20:23:18+00:00","article_modified_time":"2015-02-13T21:46:51+00:00","og_image":[{"width":460,"height":306,"url":"https:\/\/www.notibras.com\/site\/wp-content\/uploads\/2015\/02\/p.jpg","type":"image\/jpeg"}],"author":"Reda\u00e7\u00e3o","twitter_card":"summary_large_image","twitter_creator":"@Notibras","twitter_site":"@Notibras","twitter_misc":{"Escrito por":"Reda\u00e7\u00e3o","Est. tempo de leitura":"4 minutos"},"schema":{"@context":"https:\/\/schema.org","@graph":[{"@type":"Article","@id":"https:\/\/www.notibras.com\/site\/pmdb-ve-nuvens-negras-em-brasilia-e-vai-trocar-apoio-por-mais-poder\/#article","isPartOf":{"@id":"https:\/\/www.notibras.com\/site\/pmdb-ve-nuvens-negras-em-brasilia-e-vai-trocar-apoio-por-mais-poder\/"},"author":{"name":"Reda\u00e7\u00e3o","@id":"https:\/\/www.notibras.com\/site\/#\/schema\/person\/36ab0979449956132d3e5b517ea76ac8"},"headline":"PMDB v\u00ea nuvens negras em Bras\u00edlia e vai trocar o apoio por mais poder","datePublished":"2015-02-13T20:23:18+00:00","dateModified":"2015-02-13T21:46:51+00:00","mainEntityOfPage":{"@id":"https:\/\/www.notibras.com\/site\/pmdb-ve-nuvens-negras-em-brasilia-e-vai-trocar-apoio-por-mais-poder\/"},"wordCount":870,"commentCount":0,"publisher":{"@id":"https:\/\/www.notibras.com\/site\/#organization"},"image":{"@id":"https:\/\/www.notibras.com\/site\/pmdb-ve-nuvens-negras-em-brasilia-e-vai-trocar-apoio-por-mais-poder\/#primaryimage"},"thumbnailUrl":"https:\/\/www.notibras.com\/site\/wp-content\/uploads\/2015\/02\/p.jpg","articleSection":["Brasil"],"inLanguage":"pt-BR","potentialAction":[{"@type":"CommentAction","name":"Comment","target":["https:\/\/www.notibras.com\/site\/pmdb-ve-nuvens-negras-em-brasilia-e-vai-trocar-apoio-por-mais-poder\/#respond"]}]},{"@type":"WebPage","@id":"https:\/\/www.notibras.com\/site\/pmdb-ve-nuvens-negras-em-brasilia-e-vai-trocar-apoio-por-mais-poder\/","url":"https:\/\/www.notibras.com\/site\/pmdb-ve-nuvens-negras-em-brasilia-e-vai-trocar-apoio-por-mais-poder\/","name":"PMDB v\u00ea nuvens negras em Bras\u00edlia e vai trocar o apoio por mais poder - Notibras","isPartOf":{"@id":"https:\/\/www.notibras.com\/site\/#website"},"primaryImageOfPage":{"@id":"https:\/\/www.notibras.com\/site\/pmdb-ve-nuvens-negras-em-brasilia-e-vai-trocar-apoio-por-mais-poder\/#primaryimage"},"image":{"@id":"https:\/\/www.notibras.com\/site\/pmdb-ve-nuvens-negras-em-brasilia-e-vai-trocar-apoio-por-mais-poder\/#primaryimage"},"thumbnailUrl":"https:\/\/www.notibras.com\/site\/wp-content\/uploads\/2015\/02\/p.jpg","datePublished":"2015-02-13T20:23:18+00:00","dateModified":"2015-02-13T21:46:51+00:00","breadcrumb":{"@id":"https:\/\/www.notibras.com\/site\/pmdb-ve-nuvens-negras-em-brasilia-e-vai-trocar-apoio-por-mais-poder\/#breadcrumb"},"inLanguage":"pt-BR","potentialAction":[{"@type":"ReadAction","target":["https:\/\/www.notibras.com\/site\/pmdb-ve-nuvens-negras-em-brasilia-e-vai-trocar-apoio-por-mais-poder\/"]}]},{"@type":"ImageObject","inLanguage":"pt-BR","@id":"https:\/\/www.notibras.com\/site\/pmdb-ve-nuvens-negras-em-brasilia-e-vai-trocar-apoio-por-mais-poder\/#primaryimage","url":"https:\/\/www.notibras.com\/site\/wp-content\/uploads\/2015\/02\/p.jpg","contentUrl":"https:\/\/www.notibras.com\/site\/wp-content\/uploads\/2015\/02\/p.jpg","width":460,"height":306},{"@type":"BreadcrumbList","@id":"https:\/\/www.notibras.com\/site\/pmdb-ve-nuvens-negras-em-brasilia-e-vai-trocar-apoio-por-mais-poder\/#breadcrumb","itemListElement":[{"@type":"ListItem","position":1,"name":"In\u00edcio","item":"https:\/\/www.notibras.com\/site\/"},{"@type":"ListItem","position":2,"name":"PMDB v\u00ea nuvens negras em Bras\u00edlia e vai trocar o apoio por mais poder"}]},{"@type":"WebSite","@id":"https:\/\/www.notibras.com\/site\/#website","url":"https:\/\/www.notibras.com\/site\/","name":"Notibras","description":"Not\u00edcias de Bras\u00edlia, do Brasil e do Mundo","publisher":{"@id":"https:\/\/www.notibras.com\/site\/#organization"},"potentialAction":[{"@type":"SearchAction","target":{"@type":"EntryPoint","urlTemplate":"https:\/\/www.notibras.com\/site\/?s={search_term_string}"},"query-input":{"@type":"PropertyValueSpecification","valueRequired":true,"valueName":"search_term_string"}}],"inLanguage":"pt-BR"},{"@type":"Organization","@id":"https:\/\/www.notibras.com\/site\/#organization","name":"Grupo Notibras de Comunica\u00e7\u00e3o","url":"https:\/\/www.notibras.com\/site\/","logo":{"@type":"ImageObject","inLanguage":"pt-BR","@id":"https:\/\/www.notibras.com\/site\/#\/schema\/logo\/image\/","url":"https:\/\/www.notibras.com\/site\/wp-content\/uploads\/2023\/01\/notibras23.png","contentUrl":"https:\/\/www.notibras.com\/site\/wp-content\/uploads\/2023\/01\/notibras23.png","width":350,"height":87,"caption":"Grupo Notibras de Comunica\u00e7\u00e3o"},"image":{"@id":"https:\/\/www.notibras.com\/site\/#\/schema\/logo\/image\/"},"sameAs":["https:\/\/www.facebook.com\/notibras\/","https:\/\/x.com\/Notibras","https:\/\/www.instagram.com\/notibras\/"]},{"@type":"Person","@id":"https:\/\/www.notibras.com\/site\/#\/schema\/person\/36ab0979449956132d3e5b517ea76ac8","name":"Reda\u00e7\u00e3o","image":{"@type":"ImageObject","inLanguage":"pt-BR","@id":"https:\/\/secure.gravatar.com\/avatar\/e0a867bdedb85fd243eadf09663511f96fc81e0720a4a42581f334ad4303aa6b?s=96&d=mm&r=g","url":"https:\/\/secure.gravatar.com\/avatar\/e0a867bdedb85fd243eadf09663511f96fc81e0720a4a42581f334ad4303aa6b?s=96&d=mm&r=g","contentUrl":"https:\/\/secure.gravatar.com\/avatar\/e0a867bdedb85fd243eadf09663511f96fc81e0720a4a42581f334ad4303aa6b?s=96&d=mm&r=g","caption":"Reda\u00e7\u00e3o"}}]}},"amp_enabled":true,"_links":{"self":[{"href":"https:\/\/www.notibras.com\/site\/wp-json\/wp\/v2\/posts\/37019","targetHints":{"allow":["GET"]}}],"collection":[{"href":"https:\/\/www.notibras.com\/site\/wp-json\/wp\/v2\/posts"}],"about":[{"href":"https:\/\/www.notibras.com\/site\/wp-json\/wp\/v2\/types\/post"}],"author":[{"embeddable":true,"href":"https:\/\/www.notibras.com\/site\/wp-json\/wp\/v2\/users\/2"}],"replies":[{"embeddable":true,"href":"https:\/\/www.notibras.com\/site\/wp-json\/wp\/v2\/comments?post=37019"}],"version-history":[{"count":0,"href":"https:\/\/www.notibras.com\/site\/wp-json\/wp\/v2\/posts\/37019\/revisions"}],"wp:featuredmedia":[{"embeddable":true,"href":"https:\/\/www.notibras.com\/site\/wp-json\/wp\/v2\/media\/37020"}],"wp:attachment":[{"href":"https:\/\/www.notibras.com\/site\/wp-json\/wp\/v2\/media?parent=37019"}],"wp:term":[{"taxonomy":"category","embeddable":true,"href":"https:\/\/www.notibras.com\/site\/wp-json\/wp\/v2\/categories?post=37019"},{"taxonomy":"post_tag","embeddable":true,"href":"https:\/\/www.notibras.com\/site\/wp-json\/wp\/v2\/tags?post=37019"}],"curies":[{"name":"wp","href":"https:\/\/api.w.org\/{rel}","templated":true}]}}