{"id":370200,"date":"2025-11-09T00:00:16","date_gmt":"2025-11-09T03:00:16","guid":{"rendered":"https:\/\/www.notibras.com\/site\/?p=370200"},"modified":"2025-11-09T05:02:12","modified_gmt":"2025-11-09T08:02:12","slug":"usina-solar-garantira-descarbonizacao-da-energia-ate-2027","status":"publish","type":"post","link":"https:\/\/www.notibras.com\/site\/usina-solar-garantira-descarbonizacao-da-energia-ate-2027\/","title":{"rendered":"Usina solar garantir\u00e1 descarboniza\u00e7\u00e3o da energia at\u00e9 2027"},"content":{"rendered":"<p>O projeto da Usina Solar Noronha Verde, que tem o objetivo de descarbonizar a gera\u00e7\u00e3o de energia el\u00e9trica no arquip\u00e9lago de Fernando de Noronha at\u00e9 2027, foi lan\u00e7ado neste s\u00e1bado (8) pelo Minist\u00e9rio de Minas e Energia (MME) e o grupo Neoenergia. A estrutura prev\u00ea o abastecimento completo da ilha de energia el\u00e9trica por fonte solar. A parceria tem tamb\u00e9m a participa\u00e7\u00e3o do governo de Pernambuco.<\/p>\n<p>Com investimento de R$ 350 milh\u00f5es da Neoenergia, o empreendimento prev\u00ea a instala\u00e7\u00e3o de mais de 30 mil pain\u00e9is solares fotovoltaicos integrados a sistemas de armazenamento por baterias. Os pain\u00e9is ser\u00e3o instalados em 24,63 hectares, o que equivale a 1,5% da \u00e1rea de Fernando de Noronha. Essas \u00e1reas foram cedidas pela Aeron\u00e1utica e pela administra\u00e7\u00e3o da ilha, que \u00e9 feita pelo governo pernambucano.<\/p>\n<p>A implanta\u00e7\u00e3o ser\u00e1 realizada em duas fases, sendo a primeira prevista para entrar em opera\u00e7\u00e3o at\u00e9 maio de 2026 e a segunda, no primeiro semestre de 2027. Com isso, Noronha ser\u00e1 a primeira ilha oce\u00e2nica habitada da Am\u00e9rica Latina a alcan\u00e7ar esse patamar de descarboniza\u00e7\u00e3o. O an\u00fancio do projeto ocorreu \u00e0s v\u00e9speras da COP30, que ser\u00e1, este ano, no Brasil.<\/p>\n<p>O ministro de Minas e Energia, Alexandre Silveira, afirmou que, com o Noronha Verde, o pa\u00eds d\u00e1 exemplo, no \u00e2mbito da COP30, em rela\u00e7\u00e3o \u00e0 transi\u00e7\u00e3o de matriz energ\u00e9tica.<\/p>\n<p>\u201cN\u00f3s avan\u00e7amos nessa nova economia, que \u00e9 a economia verde. [A mudan\u00e7a da matriz energ\u00e9tica], que come\u00e7ou sob o pilar da sustentabilidade, hoje gera emprego e renda. N\u00e3o h\u00e1 solu\u00e7\u00e3o fora dessa nova economia. Fernando de Noronha d\u00e1 exemplo para o mundo. O Brasil d\u00e1 exemplo dentro da COP, da sua mudan\u00e7a da matriz energ\u00e9tica\u201d, disse Silveira.<\/p>\n<p>Para Ignacio Gal\u00e1n, presidente da Iberdola, que \u00e9 a controladora da Neoenergia, o projeto celebrado hoje \u00e9 um exemplo de como a coopera\u00e7\u00e3o e uma vis\u00e3o compartilhada podem transformar realidades, al\u00e9m de deixar um legado para as gera\u00e7\u00f5es futuras.<\/p>\n<p>\u201cNada disso seria poss\u00edvel sem uma pol\u00edtica energ\u00e9tica clara, a vis\u00e3o promovida pelo presidente Lula e pelo ministro Silveira e a estabilidade regulat\u00f3ria do pa\u00eds tornaram o Brasil uma refer\u00eancia mundial no setor el\u00e9trico\u201d, disse Gal\u00e1n.<\/p>\n<p>A nova planta solar fotovoltaica, integrada ao sistema de baterias, ter\u00e1 capacidade de gera\u00e7\u00e3o de 22 MWp, com 49 MWh de sistema BESS, o equivalente ao consumo de 9 mil resid\u00eancias no continente, informou a empresa.<\/p>\n<p>\u201cRefor\u00e7o ainda que os benef\u00edcios do projeto v\u00e3o al\u00e9m da energia limpa e sustent\u00e1vel, o projeto tamb\u00e9m contribuir\u00e1 para o sistema el\u00e9trico brasileiro ao reduzir em at\u00e9 10% o custo da gera\u00e7\u00e3o da ilha. Portanto, energia mais limpa, sustent\u00e1vel e mais barata\u201d, disse o CEO da Neoenergia, Eduardo Capelastegui.<\/p>\n<p>Ele explicou que, durante o dia, a usina solar fornecer\u00e1 a energia necess\u00e1ria para o consumo instant\u00e2neo da ilha e para carregar as baterias, enquanto durante a noite as baterias, previamente carregadas, fornecer\u00e3o a energia para o consumo noturno. \u201cTudo isso com seguran\u00e7a no fornecimento e emiss\u00f5es zero.\u201d<\/p>\n<p>A professora Edileuza Maria dos Santos, moradora de Fernando de Noronha, participou do evento e falou em nome da comunidade.<\/p>\n<p>\u201cQuer\u00edamos ver nossa ilha crescer sem perder a ess\u00eancia da natureza que tanto amamos. E agora, com essa usina solar, isso ser\u00e1 poss\u00edvel. Nos orgulhamos em saber que teremos energia limpa e um futuro feliz para nossos filhos, nossos netos e nossa comunidade\u201d, disse.<\/p>\n<p>Em seu discurso, a governadora de Pernambuco Raquel Lyra saudou a professora Edileuza. \u201cMuito bom ouvir sua fala porque, na verdade, tudo isso importa se fizer sentido pra voc\u00eas. Se n\u00e3o fosse pra trazer repercuss\u00e3o de verdade, para modificar a vida de quem vive aqui, pra gente n\u00e3o faria sentido algum, ent\u00e3o obrigada pela confian\u00e7a\u201d, disse. Ela acrescentou que \u201cum lugar s\u00f3 \u00e9 bom para visitar quando ele \u00e9 bom pra viver\u201d.<\/p>\n<p>Segundo Lyra, por muito tempo a ilha n\u00e3o recebeu investimentos. \u201cA gente hoje lan\u00e7a uma pedra fundamental. Tirar o diesel daqui significa um novo come\u00e7o para Fernando de Noronha. Tirar combust\u00edvel f\u00f3ssil da ilha, [significa] permitir que a gente possa come\u00e7ar uma nova janela de oportunidade, de investimentos em turismo e desenvolvimento sustent\u00e1vel\u201d.<\/p>\n<p><strong>Energia gerada por diesel<\/strong><br \/>\nAtualmente, a energia consumida em Fernando de Noronha \u00e9 gerada pela Usina Tubar\u00e3o, \u00e0 base de diesel &#8211; um combust\u00edvel f\u00f3ssil -, que atende 95% da demanda. Os outros 5% s\u00e3o atendidos por tr\u00eas pequenas usinas solares que operam na ilha. Ap\u00f3s a transi\u00e7\u00e3o completa, Tubar\u00e3o ficar\u00e1 dispon\u00edvel apenas como backup, em caso de alguma necessidade.<\/p>\n<p>Considerando a log\u00edstica desse combust\u00edvel, em m\u00e9dia 200 mil litros de diesel chegam por meio de navios oriundos de Pernambuco e Rio Grande do Norte. S\u00e3o utilizados na usina cerca de 30 mil litros de combust\u00edvel por dia para o abastecimento energ\u00e9tico na ilha. Segundo a empresa, em 2024, a opera\u00e7\u00e3o da Usina Tubar\u00e3o resultou na emiss\u00e3o de 21 toneladas de CO\u00b2.<\/p>\n<p>A Neoenergia informou que o projeto da usina solar foi licenciado pela Ag\u00eancia Estadual de Meio Ambiente de Pernambuco (CPRH), com anu\u00eancia do ICMBio, gestor das Unidades de Conserva\u00e7\u00e3o Federal. \u201cSer\u00e1 um legado para o pa\u00eds em um momento em que recebemos o mais importante evento com foco na agenda clim\u00e1tica global, a COP\u201d, disse Capelastegui.<\/p>\n","protected":false},"excerpt":{"rendered":"<p>O projeto da Usina Solar Noronha Verde, que tem o objetivo de descarbonizar a gera\u00e7\u00e3o de energia el\u00e9trica no arquip\u00e9lago de Fernando de Noronha at\u00e9 2027, foi lan\u00e7ado neste s\u00e1bado (8) pelo Minist\u00e9rio de Minas e Energia (MME) e o grupo Neoenergia. A estrutura prev\u00ea o abastecimento completo da ilha de energia el\u00e9trica por fonte [&hellip;]<\/p>\n","protected":false},"author":2,"featured_media":370201,"comment_status":"closed","ping_status":"closed","sticky":false,"template":"","format":"standard","meta":{"_acf_changed":false,"footnotes":""},"categories":[165],"tags":[],"class_list":["post-370200","post","type-post","status-publish","format-standard","has-post-thumbnail","hentry","category-nordeste"],"acf":[],"_links":{"self":[{"href":"https:\/\/www.notibras.com\/site\/wp-json\/wp\/v2\/posts\/370200","targetHints":{"allow":["GET"]}}],"collection":[{"href":"https:\/\/www.notibras.com\/site\/wp-json\/wp\/v2\/posts"}],"about":[{"href":"https:\/\/www.notibras.com\/site\/wp-json\/wp\/v2\/types\/post"}],"author":[{"embeddable":true,"href":"https:\/\/www.notibras.com\/site\/wp-json\/wp\/v2\/users\/2"}],"replies":[{"embeddable":true,"href":"https:\/\/www.notibras.com\/site\/wp-json\/wp\/v2\/comments?post=370200"}],"version-history":[{"count":1,"href":"https:\/\/www.notibras.com\/site\/wp-json\/wp\/v2\/posts\/370200\/revisions"}],"predecessor-version":[{"id":370202,"href":"https:\/\/www.notibras.com\/site\/wp-json\/wp\/v2\/posts\/370200\/revisions\/370202"}],"wp:featuredmedia":[{"embeddable":true,"href":"https:\/\/www.notibras.com\/site\/wp-json\/wp\/v2\/media\/370201"}],"wp:attachment":[{"href":"https:\/\/www.notibras.com\/site\/wp-json\/wp\/v2\/media?parent=370200"}],"wp:term":[{"taxonomy":"category","embeddable":true,"href":"https:\/\/www.notibras.com\/site\/wp-json\/wp\/v2\/categories?post=370200"},{"taxonomy":"post_tag","embeddable":true,"href":"https:\/\/www.notibras.com\/site\/wp-json\/wp\/v2\/tags?post=370200"}],"curies":[{"name":"wp","href":"https:\/\/api.w.org\/{rel}","templated":true}]}}