{"id":37027,"date":"2015-02-13T18:45:50","date_gmt":"2015-02-13T21:45:50","guid":{"rendered":"http:\/\/www.notibras.com\/site\/?p=37027"},"modified":"2015-02-14T11:04:18","modified_gmt":"2015-02-14T14:04:18","slug":"confisco-da-poupanca-e-boato-diz-governo-pf-vai-apurar-origens","status":"publish","type":"post","link":"https:\/\/www.notibras.com\/site\/confisco-da-poupanca-e-boato-diz-governo-pf-vai-apurar-origens\/","title":{"rendered":"Confisco da poupan\u00e7a \u00e9 boato, diz governo; PF vai apurar as origens"},"content":{"rendered":"<div class=\"content\">\n<p>O ministro da Justi\u00e7a, Jos\u00e9 Eduardo Cardozo, determinou \u00e0 Pol\u00edcia Federal a investiga\u00e7\u00e3o de mensagens que t\u00eam circulado nas redes sociais nos \u00faltimos dias sobre um suposto confisco dos dep\u00f3sitos da caderneta de poupan\u00e7a e de aplica\u00e7\u00f5es financeiras.<\/p>\n<p>Em nota, o Mnist\u00e9rio informou que Cardozo pediu a &#8220;imediata e rigorosa&#8221; apura\u00e7\u00e3o da origem dos boatos.<\/p>\n<p>Mais cedo, o Minist\u00e9rio da Fazenda emitiu nota oficial negando a inten\u00e7\u00e3o de confiscar qualquer aplica\u00e7\u00e3o financeira. Segundo a assessoria da pasta, a detec\u00e7\u00e3o de um volume consider\u00e1vel de mensagens sobre o assunto em redes sociais, principalmente no aplicativo Whatsapp, levou a Fazenda a emitir o alerta.<\/p>\n<blockquote><p>\u201cTais informa\u00e7\u00f5es s\u00e3o totalmente desprovidas de fundamento, n\u00e3o se conformando com a pol\u00edtica econ\u00f4mica de transpar\u00eancia e a valoriza\u00e7\u00e3o do aumento da taxa de poupan\u00e7a de nossa sociedade, promovida pelo governo, atrav\u00e9s do Minist\u00e9rio da Fazenda\u201d, diz o comunicado.<\/p><\/blockquote>\n<\/div>\n","protected":false},"excerpt":{"rendered":"<p>O ministro da Justi\u00e7a, Jos\u00e9 Eduardo Cardozo, determinou \u00e0 Pol\u00edcia Federal a investiga\u00e7\u00e3o de mensagens que t\u00eam circulado nas redes sociais nos \u00faltimos dias sobre um suposto confisco dos dep\u00f3sitos da caderneta de poupan\u00e7a e de aplica\u00e7\u00f5es financeiras. Em nota, o Mnist\u00e9rio informou que Cardozo pediu a &#8220;imediata e rigorosa&#8221; apura\u00e7\u00e3o da origem dos boatos. [&hellip;]<\/p>\n","protected":false},"author":2,"featured_media":37028,"comment_status":"open","ping_status":"closed","sticky":false,"template":"","format":"standard","meta":{"_acf_changed":false,"footnotes":""},"categories":[16],"tags":[],"class_list":["post-37027","post","type-post","status-publish","format-standard","has-post-thumbnail","hentry","category-brasil"],"acf":[],"yoast_head":"<!-- This site is optimized with the Yoast SEO plugin v27.2 - https:\/\/yoast.com\/product\/yoast-seo-wordpress\/ -->\n<title>Confisco da poupan\u00e7a \u00e9 boato, diz governo; PF vai apurar as origens - Notibras<\/title>\n<meta name=\"robots\" content=\"index, follow, max-snippet:-1, max-image-preview:large, max-video-preview:-1\" \/>\n<link rel=\"canonical\" href=\"https:\/\/www.notibras.com\/site\/confisco-da-poupanca-e-boato-diz-governo-pf-vai-apurar-origens\/\" \/>\n<meta property=\"og:locale\" content=\"pt_BR\" \/>\n<meta property=\"og:type\" content=\"article\" \/>\n<meta property=\"og:title\" content=\"Confisco da poupan\u00e7a \u00e9 boato, diz governo; PF vai apurar as origens - Notibras\" \/>\n<meta property=\"og:description\" content=\"O ministro da Justi\u00e7a, Jos\u00e9 Eduardo Cardozo, determinou \u00e0 Pol\u00edcia Federal a investiga\u00e7\u00e3o de mensagens que t\u00eam circulado nas redes sociais nos \u00faltimos dias sobre um suposto confisco dos dep\u00f3sitos da caderneta de poupan\u00e7a e de aplica\u00e7\u00f5es financeiras. Em nota, o Mnist\u00e9rio informou que Cardozo pediu a &#8220;imediata e rigorosa&#8221; apura\u00e7\u00e3o da origem dos boatos. [&hellip;]\" \/>\n<meta property=\"og:url\" content=\"https:\/\/www.notibras.com\/site\/confisco-da-poupanca-e-boato-diz-governo-pf-vai-apurar-origens\/\" \/>\n<meta property=\"og:site_name\" content=\"Notibras\" \/>\n<meta property=\"article:publisher\" content=\"https:\/\/www.facebook.com\/notibras\/\" \/>\n<meta property=\"article:published_time\" content=\"2015-02-13T21:45:50+00:00\" \/>\n<meta property=\"article:modified_time\" content=\"2015-02-14T14:04:18+00:00\" \/>\n<meta property=\"og:image\" content=\"https:\/\/www.notibras.com\/site\/wp-content\/uploads\/2015\/02\/images.jpeg\" \/>\n\t<meta property=\"og:image:width\" content=\"284\" \/>\n\t<meta property=\"og:image:height\" content=\"178\" \/>\n\t<meta property=\"og:image:type\" content=\"image\/jpeg\" \/>\n<meta name=\"author\" content=\"Reda\u00e7\u00e3o\" \/>\n<meta name=\"twitter:card\" content=\"summary_large_image\" \/>\n<meta name=\"twitter:creator\" content=\"@Notibras\" \/>\n<meta name=\"twitter:site\" content=\"@Notibras\" \/>\n<meta name=\"twitter:label1\" content=\"Escrito por\" \/>\n\t<meta name=\"twitter:data1\" content=\"Reda\u00e7\u00e3o\" \/>\n\t<meta name=\"twitter:label2\" content=\"Est. tempo de leitura\" \/>\n\t<meta name=\"twitter:data2\" content=\"1 minuto\" \/>\n<script type=\"application\/ld+json\" class=\"yoast-schema-graph\">{\"@context\":\"https:\/\/schema.org\",\"@graph\":[{\"@type\":\"Article\",\"@id\":\"https:\/\/www.notibras.com\/site\/confisco-da-poupanca-e-boato-diz-governo-pf-vai-apurar-origens\/#article\",\"isPartOf\":{\"@id\":\"https:\/\/www.notibras.com\/site\/confisco-da-poupanca-e-boato-diz-governo-pf-vai-apurar-origens\/\"},\"author\":{\"name\":\"Reda\u00e7\u00e3o\",\"@id\":\"https:\/\/www.notibras.com\/site\/#\/schema\/person\/36ab0979449956132d3e5b517ea76ac8\"},\"headline\":\"Confisco da poupan\u00e7a \u00e9 boato, diz governo; PF vai apurar as origens\",\"datePublished\":\"2015-02-13T21:45:50+00:00\",\"dateModified\":\"2015-02-14T14:04:18+00:00\",\"mainEntityOfPage\":{\"@id\":\"https:\/\/www.notibras.com\/site\/confisco-da-poupanca-e-boato-diz-governo-pf-vai-apurar-origens\/\"},\"wordCount\":176,\"commentCount\":0,\"publisher\":{\"@id\":\"https:\/\/www.notibras.com\/site\/#organization\"},\"image\":{\"@id\":\"https:\/\/www.notibras.com\/site\/confisco-da-poupanca-e-boato-diz-governo-pf-vai-apurar-origens\/#primaryimage\"},\"thumbnailUrl\":\"https:\/\/www.notibras.com\/site\/wp-content\/uploads\/2015\/02\/images.jpeg\",\"articleSection\":[\"Brasil\"],\"inLanguage\":\"pt-BR\",\"potentialAction\":[{\"@type\":\"CommentAction\",\"name\":\"Comment\",\"target\":[\"https:\/\/www.notibras.com\/site\/confisco-da-poupanca-e-boato-diz-governo-pf-vai-apurar-origens\/#respond\"]}]},{\"@type\":\"WebPage\",\"@id\":\"https:\/\/www.notibras.com\/site\/confisco-da-poupanca-e-boato-diz-governo-pf-vai-apurar-origens\/\",\"url\":\"https:\/\/www.notibras.com\/site\/confisco-da-poupanca-e-boato-diz-governo-pf-vai-apurar-origens\/\",\"name\":\"Confisco da poupan\u00e7a \u00e9 boato, diz governo; PF vai apurar as origens - Notibras\",\"isPartOf\":{\"@id\":\"https:\/\/www.notibras.com\/site\/#website\"},\"primaryImageOfPage\":{\"@id\":\"https:\/\/www.notibras.com\/site\/confisco-da-poupanca-e-boato-diz-governo-pf-vai-apurar-origens\/#primaryimage\"},\"image\":{\"@id\":\"https:\/\/www.notibras.com\/site\/confisco-da-poupanca-e-boato-diz-governo-pf-vai-apurar-origens\/#primaryimage\"},\"thumbnailUrl\":\"https:\/\/www.notibras.com\/site\/wp-content\/uploads\/2015\/02\/images.jpeg\",\"datePublished\":\"2015-02-13T21:45:50+00:00\",\"dateModified\":\"2015-02-14T14:04:18+00:00\",\"breadcrumb\":{\"@id\":\"https:\/\/www.notibras.com\/site\/confisco-da-poupanca-e-boato-diz-governo-pf-vai-apurar-origens\/#breadcrumb\"},\"inLanguage\":\"pt-BR\",\"potentialAction\":[{\"@type\":\"ReadAction\",\"target\":[\"https:\/\/www.notibras.com\/site\/confisco-da-poupanca-e-boato-diz-governo-pf-vai-apurar-origens\/\"]}]},{\"@type\":\"ImageObject\",\"inLanguage\":\"pt-BR\",\"@id\":\"https:\/\/www.notibras.com\/site\/confisco-da-poupanca-e-boato-diz-governo-pf-vai-apurar-origens\/#primaryimage\",\"url\":\"https:\/\/www.notibras.com\/site\/wp-content\/uploads\/2015\/02\/images.jpeg\",\"contentUrl\":\"https:\/\/www.notibras.com\/site\/wp-content\/uploads\/2015\/02\/images.jpeg\",\"width\":284,\"height\":178},{\"@type\":\"BreadcrumbList\",\"@id\":\"https:\/\/www.notibras.com\/site\/confisco-da-poupanca-e-boato-diz-governo-pf-vai-apurar-origens\/#breadcrumb\",\"itemListElement\":[{\"@type\":\"ListItem\",\"position\":1,\"name\":\"In\u00edcio\",\"item\":\"https:\/\/www.notibras.com\/site\/\"},{\"@type\":\"ListItem\",\"position\":2,\"name\":\"Confisco da poupan\u00e7a \u00e9 boato, diz governo; PF vai apurar as origens\"}]},{\"@type\":\"WebSite\",\"@id\":\"https:\/\/www.notibras.com\/site\/#website\",\"url\":\"https:\/\/www.notibras.com\/site\/\",\"name\":\"Notibras\",\"description\":\"Not\u00edcias de Bras\u00edlia, do Brasil e do Mundo\",\"publisher\":{\"@id\":\"https:\/\/www.notibras.com\/site\/#organization\"},\"potentialAction\":[{\"@type\":\"SearchAction\",\"target\":{\"@type\":\"EntryPoint\",\"urlTemplate\":\"https:\/\/www.notibras.com\/site\/?s={search_term_string}\"},\"query-input\":{\"@type\":\"PropertyValueSpecification\",\"valueRequired\":true,\"valueName\":\"search_term_string\"}}],\"inLanguage\":\"pt-BR\"},{\"@type\":\"Organization\",\"@id\":\"https:\/\/www.notibras.com\/site\/#organization\",\"name\":\"Grupo Notibras de Comunica\u00e7\u00e3o\",\"url\":\"https:\/\/www.notibras.com\/site\/\",\"logo\":{\"@type\":\"ImageObject\",\"inLanguage\":\"pt-BR\",\"@id\":\"https:\/\/www.notibras.com\/site\/#\/schema\/logo\/image\/\",\"url\":\"https:\/\/www.notibras.com\/site\/wp-content\/uploads\/2023\/01\/notibras23.png\",\"contentUrl\":\"https:\/\/www.notibras.com\/site\/wp-content\/uploads\/2023\/01\/notibras23.png\",\"width\":350,\"height\":87,\"caption\":\"Grupo Notibras de Comunica\u00e7\u00e3o\"},\"image\":{\"@id\":\"https:\/\/www.notibras.com\/site\/#\/schema\/logo\/image\/\"},\"sameAs\":[\"https:\/\/www.facebook.com\/notibras\/\",\"https:\/\/x.com\/Notibras\",\"https:\/\/www.instagram.com\/notibras\/\"]},{\"@type\":\"Person\",\"@id\":\"https:\/\/www.notibras.com\/site\/#\/schema\/person\/36ab0979449956132d3e5b517ea76ac8\",\"name\":\"Reda\u00e7\u00e3o\",\"image\":{\"@type\":\"ImageObject\",\"inLanguage\":\"pt-BR\",\"@id\":\"https:\/\/secure.gravatar.com\/avatar\/e0a867bdedb85fd243eadf09663511f96fc81e0720a4a42581f334ad4303aa6b?s=96&d=mm&r=g\",\"url\":\"https:\/\/secure.gravatar.com\/avatar\/e0a867bdedb85fd243eadf09663511f96fc81e0720a4a42581f334ad4303aa6b?s=96&d=mm&r=g\",\"contentUrl\":\"https:\/\/secure.gravatar.com\/avatar\/e0a867bdedb85fd243eadf09663511f96fc81e0720a4a42581f334ad4303aa6b?s=96&d=mm&r=g\",\"caption\":\"Reda\u00e7\u00e3o\"}}]}<\/script>\n<!-- \/ Yoast SEO plugin. -->","yoast_head_json":{"title":"Confisco da poupan\u00e7a \u00e9 boato, diz governo; PF vai apurar as origens - Notibras","robots":{"index":"index","follow":"follow","max-snippet":"max-snippet:-1","max-image-preview":"max-image-preview:large","max-video-preview":"max-video-preview:-1"},"canonical":"https:\/\/www.notibras.com\/site\/confisco-da-poupanca-e-boato-diz-governo-pf-vai-apurar-origens\/","og_locale":"pt_BR","og_type":"article","og_title":"Confisco da poupan\u00e7a \u00e9 boato, diz governo; PF vai apurar as origens - Notibras","og_description":"O ministro da Justi\u00e7a, Jos\u00e9 Eduardo Cardozo, determinou \u00e0 Pol\u00edcia Federal a investiga\u00e7\u00e3o de mensagens que t\u00eam circulado nas redes sociais nos \u00faltimos dias sobre um suposto confisco dos dep\u00f3sitos da caderneta de poupan\u00e7a e de aplica\u00e7\u00f5es financeiras. Em nota, o Mnist\u00e9rio informou que Cardozo pediu a &#8220;imediata e rigorosa&#8221; apura\u00e7\u00e3o da origem dos boatos. [&hellip;]","og_url":"https:\/\/www.notibras.com\/site\/confisco-da-poupanca-e-boato-diz-governo-pf-vai-apurar-origens\/","og_site_name":"Notibras","article_publisher":"https:\/\/www.facebook.com\/notibras\/","article_published_time":"2015-02-13T21:45:50+00:00","article_modified_time":"2015-02-14T14:04:18+00:00","og_image":[{"width":284,"height":178,"url":"https:\/\/www.notibras.com\/site\/wp-content\/uploads\/2015\/02\/images.jpeg","type":"image\/jpeg"}],"author":"Reda\u00e7\u00e3o","twitter_card":"summary_large_image","twitter_creator":"@Notibras","twitter_site":"@Notibras","twitter_misc":{"Escrito por":"Reda\u00e7\u00e3o","Est. tempo de leitura":"1 minuto"},"schema":{"@context":"https:\/\/schema.org","@graph":[{"@type":"Article","@id":"https:\/\/www.notibras.com\/site\/confisco-da-poupanca-e-boato-diz-governo-pf-vai-apurar-origens\/#article","isPartOf":{"@id":"https:\/\/www.notibras.com\/site\/confisco-da-poupanca-e-boato-diz-governo-pf-vai-apurar-origens\/"},"author":{"name":"Reda\u00e7\u00e3o","@id":"https:\/\/www.notibras.com\/site\/#\/schema\/person\/36ab0979449956132d3e5b517ea76ac8"},"headline":"Confisco da poupan\u00e7a \u00e9 boato, diz governo; PF vai apurar as origens","datePublished":"2015-02-13T21:45:50+00:00","dateModified":"2015-02-14T14:04:18+00:00","mainEntityOfPage":{"@id":"https:\/\/www.notibras.com\/site\/confisco-da-poupanca-e-boato-diz-governo-pf-vai-apurar-origens\/"},"wordCount":176,"commentCount":0,"publisher":{"@id":"https:\/\/www.notibras.com\/site\/#organization"},"image":{"@id":"https:\/\/www.notibras.com\/site\/confisco-da-poupanca-e-boato-diz-governo-pf-vai-apurar-origens\/#primaryimage"},"thumbnailUrl":"https:\/\/www.notibras.com\/site\/wp-content\/uploads\/2015\/02\/images.jpeg","articleSection":["Brasil"],"inLanguage":"pt-BR","potentialAction":[{"@type":"CommentAction","name":"Comment","target":["https:\/\/www.notibras.com\/site\/confisco-da-poupanca-e-boato-diz-governo-pf-vai-apurar-origens\/#respond"]}]},{"@type":"WebPage","@id":"https:\/\/www.notibras.com\/site\/confisco-da-poupanca-e-boato-diz-governo-pf-vai-apurar-origens\/","url":"https:\/\/www.notibras.com\/site\/confisco-da-poupanca-e-boato-diz-governo-pf-vai-apurar-origens\/","name":"Confisco da poupan\u00e7a \u00e9 boato, diz governo; PF vai apurar as origens - Notibras","isPartOf":{"@id":"https:\/\/www.notibras.com\/site\/#website"},"primaryImageOfPage":{"@id":"https:\/\/www.notibras.com\/site\/confisco-da-poupanca-e-boato-diz-governo-pf-vai-apurar-origens\/#primaryimage"},"image":{"@id":"https:\/\/www.notibras.com\/site\/confisco-da-poupanca-e-boato-diz-governo-pf-vai-apurar-origens\/#primaryimage"},"thumbnailUrl":"https:\/\/www.notibras.com\/site\/wp-content\/uploads\/2015\/02\/images.jpeg","datePublished":"2015-02-13T21:45:50+00:00","dateModified":"2015-02-14T14:04:18+00:00","breadcrumb":{"@id":"https:\/\/www.notibras.com\/site\/confisco-da-poupanca-e-boato-diz-governo-pf-vai-apurar-origens\/#breadcrumb"},"inLanguage":"pt-BR","potentialAction":[{"@type":"ReadAction","target":["https:\/\/www.notibras.com\/site\/confisco-da-poupanca-e-boato-diz-governo-pf-vai-apurar-origens\/"]}]},{"@type":"ImageObject","inLanguage":"pt-BR","@id":"https:\/\/www.notibras.com\/site\/confisco-da-poupanca-e-boato-diz-governo-pf-vai-apurar-origens\/#primaryimage","url":"https:\/\/www.notibras.com\/site\/wp-content\/uploads\/2015\/02\/images.jpeg","contentUrl":"https:\/\/www.notibras.com\/site\/wp-content\/uploads\/2015\/02\/images.jpeg","width":284,"height":178},{"@type":"BreadcrumbList","@id":"https:\/\/www.notibras.com\/site\/confisco-da-poupanca-e-boato-diz-governo-pf-vai-apurar-origens\/#breadcrumb","itemListElement":[{"@type":"ListItem","position":1,"name":"In\u00edcio","item":"https:\/\/www.notibras.com\/site\/"},{"@type":"ListItem","position":2,"name":"Confisco da poupan\u00e7a \u00e9 boato, diz governo; PF vai apurar as origens"}]},{"@type":"WebSite","@id":"https:\/\/www.notibras.com\/site\/#website","url":"https:\/\/www.notibras.com\/site\/","name":"Notibras","description":"Not\u00edcias de Bras\u00edlia, do Brasil e do Mundo","publisher":{"@id":"https:\/\/www.notibras.com\/site\/#organization"},"potentialAction":[{"@type":"SearchAction","target":{"@type":"EntryPoint","urlTemplate":"https:\/\/www.notibras.com\/site\/?s={search_term_string}"},"query-input":{"@type":"PropertyValueSpecification","valueRequired":true,"valueName":"search_term_string"}}],"inLanguage":"pt-BR"},{"@type":"Organization","@id":"https:\/\/www.notibras.com\/site\/#organization","name":"Grupo Notibras de Comunica\u00e7\u00e3o","url":"https:\/\/www.notibras.com\/site\/","logo":{"@type":"ImageObject","inLanguage":"pt-BR","@id":"https:\/\/www.notibras.com\/site\/#\/schema\/logo\/image\/","url":"https:\/\/www.notibras.com\/site\/wp-content\/uploads\/2023\/01\/notibras23.png","contentUrl":"https:\/\/www.notibras.com\/site\/wp-content\/uploads\/2023\/01\/notibras23.png","width":350,"height":87,"caption":"Grupo Notibras de Comunica\u00e7\u00e3o"},"image":{"@id":"https:\/\/www.notibras.com\/site\/#\/schema\/logo\/image\/"},"sameAs":["https:\/\/www.facebook.com\/notibras\/","https:\/\/x.com\/Notibras","https:\/\/www.instagram.com\/notibras\/"]},{"@type":"Person","@id":"https:\/\/www.notibras.com\/site\/#\/schema\/person\/36ab0979449956132d3e5b517ea76ac8","name":"Reda\u00e7\u00e3o","image":{"@type":"ImageObject","inLanguage":"pt-BR","@id":"https:\/\/secure.gravatar.com\/avatar\/e0a867bdedb85fd243eadf09663511f96fc81e0720a4a42581f334ad4303aa6b?s=96&d=mm&r=g","url":"https:\/\/secure.gravatar.com\/avatar\/e0a867bdedb85fd243eadf09663511f96fc81e0720a4a42581f334ad4303aa6b?s=96&d=mm&r=g","contentUrl":"https:\/\/secure.gravatar.com\/avatar\/e0a867bdedb85fd243eadf09663511f96fc81e0720a4a42581f334ad4303aa6b?s=96&d=mm&r=g","caption":"Reda\u00e7\u00e3o"}}]}},"amp_enabled":true,"_links":{"self":[{"href":"https:\/\/www.notibras.com\/site\/wp-json\/wp\/v2\/posts\/37027","targetHints":{"allow":["GET"]}}],"collection":[{"href":"https:\/\/www.notibras.com\/site\/wp-json\/wp\/v2\/posts"}],"about":[{"href":"https:\/\/www.notibras.com\/site\/wp-json\/wp\/v2\/types\/post"}],"author":[{"embeddable":true,"href":"https:\/\/www.notibras.com\/site\/wp-json\/wp\/v2\/users\/2"}],"replies":[{"embeddable":true,"href":"https:\/\/www.notibras.com\/site\/wp-json\/wp\/v2\/comments?post=37027"}],"version-history":[{"count":0,"href":"https:\/\/www.notibras.com\/site\/wp-json\/wp\/v2\/posts\/37027\/revisions"}],"wp:featuredmedia":[{"embeddable":true,"href":"https:\/\/www.notibras.com\/site\/wp-json\/wp\/v2\/media\/37028"}],"wp:attachment":[{"href":"https:\/\/www.notibras.com\/site\/wp-json\/wp\/v2\/media?parent=37027"}],"wp:term":[{"taxonomy":"category","embeddable":true,"href":"https:\/\/www.notibras.com\/site\/wp-json\/wp\/v2\/categories?post=37027"},{"taxonomy":"post_tag","embeddable":true,"href":"https:\/\/www.notibras.com\/site\/wp-json\/wp\/v2\/tags?post=37027"}],"curies":[{"name":"wp","href":"https:\/\/api.w.org\/{rel}","templated":true}]}}