{"id":370323,"date":"2025-11-10T05:17:14","date_gmt":"2025-11-10T08:17:14","guid":{"rendered":"https:\/\/www.notibras.com\/site\/?p=370323"},"modified":"2025-11-10T05:17:14","modified_gmt":"2025-11-10T08:17:14","slug":"o-calcanhar-de-aquiles-e-o-ego-dos-seres-humanos","status":"publish","type":"post","link":"https:\/\/www.notibras.com\/site\/o-calcanhar-de-aquiles-e-o-ego-dos-seres-humanos\/","title":{"rendered":"O Calcanhar de Aquiles e o ego dos seres humanos"},"content":{"rendered":"<p data-start=\"348\" data-end=\"814\">H\u00e1 mil\u00eanios, o mito de Aquiles nos alerta para a fragilidade humana diante da ilus\u00e3o de invulnerabilidade. Banho sagrado nas \u00e1guas do Estige, corpo invenc\u00edvel, mas um calcanhar exposto \u2014 um ponto esquecido, uma brecha pela qual o destino penetra. No tempo dos her\u00f3is, essa hist\u00f3ria era uma par\u00e1bola sobre o orgulho. Na Era de Aqu\u00e1rio, converte-se em met\u00e1fora da humanidade diante do espelho c\u00f3smico: somos tecnologicamente onipotentes, mas espiritualmente descal\u00e7os.<\/p>\n<p data-start=\"816\" data-end=\"1193\">A Era de Aqu\u00e1rio, s\u00edmbolo da fraternidade, da raz\u00e3o iluminada e da consci\u00eancia universal, surge como promessa de supera\u00e7\u00e3o das velhas estruturas de poder e das guerras internas que moldaram a Era de Peixes. No entanto, \u00e0 medida que a humanidade caminha para essa ascens\u00e3o coletiva, o calcanhar de Aquiles ressurge \u2014 n\u00e3o mais no corpo do her\u00f3i grego, mas na alma planet\u00e1ria.<\/p>\n<p data-start=\"1195\" data-end=\"1553\">O novo calcanhar \u00e9 o ego, ainda apegado \u00e0 posse, \u00e0 fama, \u00e0 cren\u00e7a de que o progresso material basta. \u00c9 nele que o veneno da desarmonia se acumula, impedindo que a vibra\u00e7\u00e3o aquariana \u2014 altru\u00edsta, solid\u00e1ria e vision\u00e1ria \u2014 se manifeste plenamente.<br data-start=\"1443\" data-end=\"1446\" \/>A \u00e1gua de Aqu\u00e1rio, que deveria purificar, corre turva quando passa pelos poros da vaidade e da indiferen\u00e7a.<\/p>\n<p data-start=\"1555\" data-end=\"1903\">Mas o mito traz tamb\u00e9m a chave da cura. Assim como T\u00e9tis mergulhou seu filho nas \u00e1guas sagradas, cada alma, nesta nova era, \u00e9 convidada a mergulhar na corrente c\u00f3smica da consci\u00eancia coletiva, reconhecendo que a vulnerabilidade \u00e9 parte da for\u00e7a. O verdadeiro poder n\u00e3o est\u00e1 na coura\u00e7a, mas na entrega; n\u00e3o na invulnerabilidade, mas na comunh\u00e3o.<\/p>\n<p data-start=\"1905\" data-end=\"2191\">O calcanhar de Aquiles da Era de Aqu\u00e1rio \u00e9 o ponto onde o humano ainda resiste ao divino. Onde a mente t\u00e9cnica se esquece do cora\u00e7\u00e3o espiritual. Por\u00e9m, \u00e9 tamb\u00e9m o portal por onde a luz pode entrar \u2014 se houver humildade para reconhecer o limite e amor para transmut\u00e1-lo em sabedoria.<\/p>\n<p data-start=\"2193\" data-end=\"2487\">No fim, Aquiles e Aqu\u00e1rio se encontram. Um representa a antiga batalha entre o homem e o destino; o outro, a nova alian\u00e7a entre o homem e o universo. O calcanhar, antes ferida, torna-se s\u00edmbolo do despertar \u2014 lembran\u00e7a de que at\u00e9 o ser mais forte precisa tocar o ch\u00e3o para ascender \u00e0s estrelas.<\/p>\n<p data-start=\"223\" data-end=\"700\">O mito de Aquiles n\u00e3o \u00e9 apenas uma lembran\u00e7a de nossa fragilidade; \u00e9 um espelho do pr\u00f3prio processo evolutivo da alma humana. Toda civiliza\u00e7\u00e3o, quando acredita ter alcan\u00e7ado sua completude, revela o ponto vulner\u00e1vel que a for\u00e7a do tempo insiste em tocar. Assim tamb\u00e9m ocorre na Era de Aqu\u00e1rio: quanto mais a humanidade se eleva em tecnologia e raz\u00e3o, mais \u00e9 convidada a revisitar suas feridas arquet\u00edpicas, a reconhecer que o esp\u00edrito s\u00f3 amadurece quando o orgulho se dissolve.<\/p>\n<p data-start=\"702\" data-end=\"1020\">O calcanhar de Aquiles, ent\u00e3o, n\u00e3o simboliza apenas o erro \u2014 mas a necessidade do limite. \u00c9 ele que recorda ao homem moderno que nenhuma ilumina\u00e7\u00e3o \u00e9 poss\u00edvel sem sombra, nenhuma ascens\u00e3o sem humildade, nenhum amor sem entrega. A Era de Aqu\u00e1rio n\u00e3o nasce do triunfo sobre o passado, mas da reconcilia\u00e7\u00e3o com ele.<\/p>\n<p data-start=\"1022\" data-end=\"1331\">Quando o her\u00f3i interior aceita sua vulnerabilidade, o calcanhar deixa de ser um ponto fraco e torna-se um ponto de contato \u2014 entre o humano e o divino, entre o indiv\u00edduo e o todo. \u00c9 nesse instante que a \u00e1gua de Aqu\u00e1rio cumpre seu destino: purificar n\u00e3o o corpo dos homens, mas a consci\u00eancia que os habita.<\/p>\n","protected":false},"excerpt":{"rendered":"<p>H\u00e1 mil\u00eanios, o mito de Aquiles nos alerta para a fragilidade humana diante da ilus\u00e3o de invulnerabilidade. Banho sagrado nas \u00e1guas do Estige, corpo invenc\u00edvel, mas um calcanhar exposto \u2014 um ponto esquecido, uma brecha pela qual o destino penetra. No tempo dos her\u00f3is, essa hist\u00f3ria era uma par\u00e1bola sobre o orgulho. Na Era de [&hellip;]<\/p>\n","protected":false},"author":2,"featured_media":370324,"comment_status":"closed","ping_status":"closed","sticky":false,"template":"","format":"standard","meta":{"_acf_changed":false,"footnotes":""},"categories":[237],"tags":[],"class_list":["post-370323","post","type-post","status-publish","format-standard","has-post-thumbnail","hentry","category-oraculos"],"acf":[],"yoast_head":"<!-- This site is optimized with the Yoast SEO plugin v27.2 - https:\/\/yoast.com\/product\/yoast-seo-wordpress\/ -->\n<title>O Calcanhar de Aquiles e o ego dos seres humanos - Notibras<\/title>\n<meta name=\"robots\" content=\"index, follow, max-snippet:-1, max-image-preview:large, max-video-preview:-1\" \/>\n<link rel=\"canonical\" href=\"https:\/\/www.notibras.com\/site\/o-calcanhar-de-aquiles-e-o-ego-dos-seres-humanos\/\" \/>\n<meta property=\"og:locale\" content=\"pt_BR\" \/>\n<meta property=\"og:type\" content=\"article\" \/>\n<meta property=\"og:title\" content=\"O Calcanhar de Aquiles e o ego dos seres humanos - Notibras\" \/>\n<meta property=\"og:description\" content=\"H\u00e1 mil\u00eanios, o mito de Aquiles nos alerta para a fragilidade humana diante da ilus\u00e3o de invulnerabilidade. Banho sagrado nas \u00e1guas do Estige, corpo invenc\u00edvel, mas um calcanhar exposto \u2014 um ponto esquecido, uma brecha pela qual o destino penetra. No tempo dos her\u00f3is, essa hist\u00f3ria era uma par\u00e1bola sobre o orgulho. Na Era de [&hellip;]\" \/>\n<meta property=\"og:url\" content=\"https:\/\/www.notibras.com\/site\/o-calcanhar-de-aquiles-e-o-ego-dos-seres-humanos\/\" \/>\n<meta property=\"og:site_name\" content=\"Notibras\" \/>\n<meta property=\"article:publisher\" content=\"https:\/\/www.facebook.com\/notibras\/\" \/>\n<meta property=\"article:published_time\" content=\"2025-11-10T08:17:14+00:00\" \/>\n<meta property=\"og:image\" content=\"https:\/\/www.notibras.com\/site\/wp-content\/uploads\/2025\/11\/Imagem-1-768x564-1.jpeg\" \/>\n\t<meta property=\"og:image:width\" content=\"768\" \/>\n\t<meta property=\"og:image:height\" content=\"564\" \/>\n\t<meta property=\"og:image:type\" content=\"image\/jpeg\" \/>\n<meta name=\"author\" content=\"Reda\u00e7\u00e3o\" \/>\n<meta name=\"twitter:card\" content=\"summary_large_image\" \/>\n<meta name=\"twitter:creator\" content=\"@Notibras\" \/>\n<meta name=\"twitter:site\" content=\"@Notibras\" \/>\n<meta name=\"twitter:label1\" content=\"Escrito por\" \/>\n\t<meta name=\"twitter:data1\" content=\"Reda\u00e7\u00e3o\" \/>\n\t<meta name=\"twitter:label2\" content=\"Est. tempo de leitura\" \/>\n\t<meta name=\"twitter:data2\" content=\"4 minutos\" \/>\n<script type=\"application\/ld+json\" class=\"yoast-schema-graph\">{\"@context\":\"https:\/\/schema.org\",\"@graph\":[{\"@type\":\"Article\",\"@id\":\"https:\/\/www.notibras.com\/site\/o-calcanhar-de-aquiles-e-o-ego-dos-seres-humanos\/#article\",\"isPartOf\":{\"@id\":\"https:\/\/www.notibras.com\/site\/o-calcanhar-de-aquiles-e-o-ego-dos-seres-humanos\/\"},\"author\":{\"name\":\"Reda\u00e7\u00e3o\",\"@id\":\"https:\/\/www.notibras.com\/site\/#\/schema\/person\/36ab0979449956132d3e5b517ea76ac8\"},\"headline\":\"O Calcanhar de Aquiles e o ego dos seres humanos\",\"datePublished\":\"2025-11-10T08:17:14+00:00\",\"mainEntityOfPage\":{\"@id\":\"https:\/\/www.notibras.com\/site\/o-calcanhar-de-aquiles-e-o-ego-dos-seres-humanos\/\"},\"wordCount\":605,\"publisher\":{\"@id\":\"https:\/\/www.notibras.com\/site\/#organization\"},\"image\":{\"@id\":\"https:\/\/www.notibras.com\/site\/o-calcanhar-de-aquiles-e-o-ego-dos-seres-humanos\/#primaryimage\"},\"thumbnailUrl\":\"https:\/\/www.notibras.com\/site\/wp-content\/uploads\/2025\/11\/Imagem-1-768x564-1.jpeg\",\"articleSection\":[\"Or\u00e1culos\"],\"inLanguage\":\"pt-BR\"},{\"@type\":\"WebPage\",\"@id\":\"https:\/\/www.notibras.com\/site\/o-calcanhar-de-aquiles-e-o-ego-dos-seres-humanos\/\",\"url\":\"https:\/\/www.notibras.com\/site\/o-calcanhar-de-aquiles-e-o-ego-dos-seres-humanos\/\",\"name\":\"O Calcanhar de Aquiles e o ego dos seres humanos - Notibras\",\"isPartOf\":{\"@id\":\"https:\/\/www.notibras.com\/site\/#website\"},\"primaryImageOfPage\":{\"@id\":\"https:\/\/www.notibras.com\/site\/o-calcanhar-de-aquiles-e-o-ego-dos-seres-humanos\/#primaryimage\"},\"image\":{\"@id\":\"https:\/\/www.notibras.com\/site\/o-calcanhar-de-aquiles-e-o-ego-dos-seres-humanos\/#primaryimage\"},\"thumbnailUrl\":\"https:\/\/www.notibras.com\/site\/wp-content\/uploads\/2025\/11\/Imagem-1-768x564-1.jpeg\",\"datePublished\":\"2025-11-10T08:17:14+00:00\",\"breadcrumb\":{\"@id\":\"https:\/\/www.notibras.com\/site\/o-calcanhar-de-aquiles-e-o-ego-dos-seres-humanos\/#breadcrumb\"},\"inLanguage\":\"pt-BR\",\"potentialAction\":[{\"@type\":\"ReadAction\",\"target\":[\"https:\/\/www.notibras.com\/site\/o-calcanhar-de-aquiles-e-o-ego-dos-seres-humanos\/\"]}]},{\"@type\":\"ImageObject\",\"inLanguage\":\"pt-BR\",\"@id\":\"https:\/\/www.notibras.com\/site\/o-calcanhar-de-aquiles-e-o-ego-dos-seres-humanos\/#primaryimage\",\"url\":\"https:\/\/www.notibras.com\/site\/wp-content\/uploads\/2025\/11\/Imagem-1-768x564-1.jpeg\",\"contentUrl\":\"https:\/\/www.notibras.com\/site\/wp-content\/uploads\/2025\/11\/Imagem-1-768x564-1.jpeg\",\"width\":768,\"height\":564},{\"@type\":\"BreadcrumbList\",\"@id\":\"https:\/\/www.notibras.com\/site\/o-calcanhar-de-aquiles-e-o-ego-dos-seres-humanos\/#breadcrumb\",\"itemListElement\":[{\"@type\":\"ListItem\",\"position\":1,\"name\":\"In\u00edcio\",\"item\":\"https:\/\/www.notibras.com\/site\/\"},{\"@type\":\"ListItem\",\"position\":2,\"name\":\"O Calcanhar de Aquiles e o ego dos seres humanos\"}]},{\"@type\":\"WebSite\",\"@id\":\"https:\/\/www.notibras.com\/site\/#website\",\"url\":\"https:\/\/www.notibras.com\/site\/\",\"name\":\"Notibras\",\"description\":\"Not\u00edcias de Bras\u00edlia, do Brasil e do Mundo\",\"publisher\":{\"@id\":\"https:\/\/www.notibras.com\/site\/#organization\"},\"potentialAction\":[{\"@type\":\"SearchAction\",\"target\":{\"@type\":\"EntryPoint\",\"urlTemplate\":\"https:\/\/www.notibras.com\/site\/?s={search_term_string}\"},\"query-input\":{\"@type\":\"PropertyValueSpecification\",\"valueRequired\":true,\"valueName\":\"search_term_string\"}}],\"inLanguage\":\"pt-BR\"},{\"@type\":\"Organization\",\"@id\":\"https:\/\/www.notibras.com\/site\/#organization\",\"name\":\"Grupo Notibras de Comunica\u00e7\u00e3o\",\"url\":\"https:\/\/www.notibras.com\/site\/\",\"logo\":{\"@type\":\"ImageObject\",\"inLanguage\":\"pt-BR\",\"@id\":\"https:\/\/www.notibras.com\/site\/#\/schema\/logo\/image\/\",\"url\":\"https:\/\/www.notibras.com\/site\/wp-content\/uploads\/2023\/01\/notibras23.png\",\"contentUrl\":\"https:\/\/www.notibras.com\/site\/wp-content\/uploads\/2023\/01\/notibras23.png\",\"width\":350,\"height\":87,\"caption\":\"Grupo Notibras de Comunica\u00e7\u00e3o\"},\"image\":{\"@id\":\"https:\/\/www.notibras.com\/site\/#\/schema\/logo\/image\/\"},\"sameAs\":[\"https:\/\/www.facebook.com\/notibras\/\",\"https:\/\/x.com\/Notibras\",\"https:\/\/www.instagram.com\/notibras\/\"]},{\"@type\":\"Person\",\"@id\":\"https:\/\/www.notibras.com\/site\/#\/schema\/person\/36ab0979449956132d3e5b517ea76ac8\",\"name\":\"Reda\u00e7\u00e3o\",\"image\":{\"@type\":\"ImageObject\",\"inLanguage\":\"pt-BR\",\"@id\":\"https:\/\/secure.gravatar.com\/avatar\/e0a867bdedb85fd243eadf09663511f96fc81e0720a4a42581f334ad4303aa6b?s=96&d=mm&r=g\",\"url\":\"https:\/\/secure.gravatar.com\/avatar\/e0a867bdedb85fd243eadf09663511f96fc81e0720a4a42581f334ad4303aa6b?s=96&d=mm&r=g\",\"contentUrl\":\"https:\/\/secure.gravatar.com\/avatar\/e0a867bdedb85fd243eadf09663511f96fc81e0720a4a42581f334ad4303aa6b?s=96&d=mm&r=g\",\"caption\":\"Reda\u00e7\u00e3o\"}}]}<\/script>\n<!-- \/ Yoast SEO plugin. -->","yoast_head_json":{"title":"O Calcanhar de Aquiles e o ego dos seres humanos - Notibras","robots":{"index":"index","follow":"follow","max-snippet":"max-snippet:-1","max-image-preview":"max-image-preview:large","max-video-preview":"max-video-preview:-1"},"canonical":"https:\/\/www.notibras.com\/site\/o-calcanhar-de-aquiles-e-o-ego-dos-seres-humanos\/","og_locale":"pt_BR","og_type":"article","og_title":"O Calcanhar de Aquiles e o ego dos seres humanos - Notibras","og_description":"H\u00e1 mil\u00eanios, o mito de Aquiles nos alerta para a fragilidade humana diante da ilus\u00e3o de invulnerabilidade. Banho sagrado nas \u00e1guas do Estige, corpo invenc\u00edvel, mas um calcanhar exposto \u2014 um ponto esquecido, uma brecha pela qual o destino penetra. No tempo dos her\u00f3is, essa hist\u00f3ria era uma par\u00e1bola sobre o orgulho. Na Era de [&hellip;]","og_url":"https:\/\/www.notibras.com\/site\/o-calcanhar-de-aquiles-e-o-ego-dos-seres-humanos\/","og_site_name":"Notibras","article_publisher":"https:\/\/www.facebook.com\/notibras\/","article_published_time":"2025-11-10T08:17:14+00:00","og_image":[{"width":768,"height":564,"url":"https:\/\/www.notibras.com\/site\/wp-content\/uploads\/2025\/11\/Imagem-1-768x564-1.jpeg","type":"image\/jpeg"}],"author":"Reda\u00e7\u00e3o","twitter_card":"summary_large_image","twitter_creator":"@Notibras","twitter_site":"@Notibras","twitter_misc":{"Escrito por":"Reda\u00e7\u00e3o","Est. tempo de leitura":"4 minutos"},"schema":{"@context":"https:\/\/schema.org","@graph":[{"@type":"Article","@id":"https:\/\/www.notibras.com\/site\/o-calcanhar-de-aquiles-e-o-ego-dos-seres-humanos\/#article","isPartOf":{"@id":"https:\/\/www.notibras.com\/site\/o-calcanhar-de-aquiles-e-o-ego-dos-seres-humanos\/"},"author":{"name":"Reda\u00e7\u00e3o","@id":"https:\/\/www.notibras.com\/site\/#\/schema\/person\/36ab0979449956132d3e5b517ea76ac8"},"headline":"O Calcanhar de Aquiles e o ego dos seres humanos","datePublished":"2025-11-10T08:17:14+00:00","mainEntityOfPage":{"@id":"https:\/\/www.notibras.com\/site\/o-calcanhar-de-aquiles-e-o-ego-dos-seres-humanos\/"},"wordCount":605,"publisher":{"@id":"https:\/\/www.notibras.com\/site\/#organization"},"image":{"@id":"https:\/\/www.notibras.com\/site\/o-calcanhar-de-aquiles-e-o-ego-dos-seres-humanos\/#primaryimage"},"thumbnailUrl":"https:\/\/www.notibras.com\/site\/wp-content\/uploads\/2025\/11\/Imagem-1-768x564-1.jpeg","articleSection":["Or\u00e1culos"],"inLanguage":"pt-BR"},{"@type":"WebPage","@id":"https:\/\/www.notibras.com\/site\/o-calcanhar-de-aquiles-e-o-ego-dos-seres-humanos\/","url":"https:\/\/www.notibras.com\/site\/o-calcanhar-de-aquiles-e-o-ego-dos-seres-humanos\/","name":"O Calcanhar de Aquiles e o ego dos seres humanos - Notibras","isPartOf":{"@id":"https:\/\/www.notibras.com\/site\/#website"},"primaryImageOfPage":{"@id":"https:\/\/www.notibras.com\/site\/o-calcanhar-de-aquiles-e-o-ego-dos-seres-humanos\/#primaryimage"},"image":{"@id":"https:\/\/www.notibras.com\/site\/o-calcanhar-de-aquiles-e-o-ego-dos-seres-humanos\/#primaryimage"},"thumbnailUrl":"https:\/\/www.notibras.com\/site\/wp-content\/uploads\/2025\/11\/Imagem-1-768x564-1.jpeg","datePublished":"2025-11-10T08:17:14+00:00","breadcrumb":{"@id":"https:\/\/www.notibras.com\/site\/o-calcanhar-de-aquiles-e-o-ego-dos-seres-humanos\/#breadcrumb"},"inLanguage":"pt-BR","potentialAction":[{"@type":"ReadAction","target":["https:\/\/www.notibras.com\/site\/o-calcanhar-de-aquiles-e-o-ego-dos-seres-humanos\/"]}]},{"@type":"ImageObject","inLanguage":"pt-BR","@id":"https:\/\/www.notibras.com\/site\/o-calcanhar-de-aquiles-e-o-ego-dos-seres-humanos\/#primaryimage","url":"https:\/\/www.notibras.com\/site\/wp-content\/uploads\/2025\/11\/Imagem-1-768x564-1.jpeg","contentUrl":"https:\/\/www.notibras.com\/site\/wp-content\/uploads\/2025\/11\/Imagem-1-768x564-1.jpeg","width":768,"height":564},{"@type":"BreadcrumbList","@id":"https:\/\/www.notibras.com\/site\/o-calcanhar-de-aquiles-e-o-ego-dos-seres-humanos\/#breadcrumb","itemListElement":[{"@type":"ListItem","position":1,"name":"In\u00edcio","item":"https:\/\/www.notibras.com\/site\/"},{"@type":"ListItem","position":2,"name":"O Calcanhar de Aquiles e o ego dos seres humanos"}]},{"@type":"WebSite","@id":"https:\/\/www.notibras.com\/site\/#website","url":"https:\/\/www.notibras.com\/site\/","name":"Notibras","description":"Not\u00edcias de Bras\u00edlia, do Brasil e do Mundo","publisher":{"@id":"https:\/\/www.notibras.com\/site\/#organization"},"potentialAction":[{"@type":"SearchAction","target":{"@type":"EntryPoint","urlTemplate":"https:\/\/www.notibras.com\/site\/?s={search_term_string}"},"query-input":{"@type":"PropertyValueSpecification","valueRequired":true,"valueName":"search_term_string"}}],"inLanguage":"pt-BR"},{"@type":"Organization","@id":"https:\/\/www.notibras.com\/site\/#organization","name":"Grupo Notibras de Comunica\u00e7\u00e3o","url":"https:\/\/www.notibras.com\/site\/","logo":{"@type":"ImageObject","inLanguage":"pt-BR","@id":"https:\/\/www.notibras.com\/site\/#\/schema\/logo\/image\/","url":"https:\/\/www.notibras.com\/site\/wp-content\/uploads\/2023\/01\/notibras23.png","contentUrl":"https:\/\/www.notibras.com\/site\/wp-content\/uploads\/2023\/01\/notibras23.png","width":350,"height":87,"caption":"Grupo Notibras de Comunica\u00e7\u00e3o"},"image":{"@id":"https:\/\/www.notibras.com\/site\/#\/schema\/logo\/image\/"},"sameAs":["https:\/\/www.facebook.com\/notibras\/","https:\/\/x.com\/Notibras","https:\/\/www.instagram.com\/notibras\/"]},{"@type":"Person","@id":"https:\/\/www.notibras.com\/site\/#\/schema\/person\/36ab0979449956132d3e5b517ea76ac8","name":"Reda\u00e7\u00e3o","image":{"@type":"ImageObject","inLanguage":"pt-BR","@id":"https:\/\/secure.gravatar.com\/avatar\/e0a867bdedb85fd243eadf09663511f96fc81e0720a4a42581f334ad4303aa6b?s=96&d=mm&r=g","url":"https:\/\/secure.gravatar.com\/avatar\/e0a867bdedb85fd243eadf09663511f96fc81e0720a4a42581f334ad4303aa6b?s=96&d=mm&r=g","contentUrl":"https:\/\/secure.gravatar.com\/avatar\/e0a867bdedb85fd243eadf09663511f96fc81e0720a4a42581f334ad4303aa6b?s=96&d=mm&r=g","caption":"Reda\u00e7\u00e3o"}}]}},"amp_enabled":true,"_links":{"self":[{"href":"https:\/\/www.notibras.com\/site\/wp-json\/wp\/v2\/posts\/370323","targetHints":{"allow":["GET"]}}],"collection":[{"href":"https:\/\/www.notibras.com\/site\/wp-json\/wp\/v2\/posts"}],"about":[{"href":"https:\/\/www.notibras.com\/site\/wp-json\/wp\/v2\/types\/post"}],"author":[{"embeddable":true,"href":"https:\/\/www.notibras.com\/site\/wp-json\/wp\/v2\/users\/2"}],"replies":[{"embeddable":true,"href":"https:\/\/www.notibras.com\/site\/wp-json\/wp\/v2\/comments?post=370323"}],"version-history":[{"count":1,"href":"https:\/\/www.notibras.com\/site\/wp-json\/wp\/v2\/posts\/370323\/revisions"}],"predecessor-version":[{"id":370325,"href":"https:\/\/www.notibras.com\/site\/wp-json\/wp\/v2\/posts\/370323\/revisions\/370325"}],"wp:featuredmedia":[{"embeddable":true,"href":"https:\/\/www.notibras.com\/site\/wp-json\/wp\/v2\/media\/370324"}],"wp:attachment":[{"href":"https:\/\/www.notibras.com\/site\/wp-json\/wp\/v2\/media?parent=370323"}],"wp:term":[{"taxonomy":"category","embeddable":true,"href":"https:\/\/www.notibras.com\/site\/wp-json\/wp\/v2\/categories?post=370323"},{"taxonomy":"post_tag","embeddable":true,"href":"https:\/\/www.notibras.com\/site\/wp-json\/wp\/v2\/tags?post=370323"}],"curies":[{"name":"wp","href":"https:\/\/api.w.org\/{rel}","templated":true}]}}