{"id":370346,"date":"2025-11-10T00:00:09","date_gmt":"2025-11-10T03:00:09","guid":{"rendered":"https:\/\/www.notibras.com\/site\/?p=370346"},"modified":"2025-11-10T06:04:35","modified_gmt":"2025-11-10T09:04:35","slug":"vereador-de-santo-amaro-e-assessor-sao-mortos-a-tiros-em-sitio","status":"publish","type":"post","link":"https:\/\/www.notibras.com\/site\/vereador-de-santo-amaro-e-assessor-sao-mortos-a-tiros-em-sitio\/","title":{"rendered":"Vereador de Santo Amaro e assessor s\u00e3o mortos a tiros em s\u00edtio"},"content":{"rendered":"<p>O vereador Gleiber J\u00fanior (Avante), de 37 anos, e seu assessor, Diego Castro Reis, foram assassinados a tiros neste domingo (9) em um s\u00edtio localizado no Rec\u00f4ncavo da Bahia. Segundo informa\u00e7\u00f5es da Pol\u00edcia Civil, o crime ocorreu em uma propriedade pertencente \u00e0 fam\u00edlia do parlamentar, no munic\u00edpio de Santo Amaro, onde ele nasceu.<\/p>\n<p>As autoridades informaram que, at\u00e9 o momento, n\u00e3o h\u00e1 detalhes sobre a motiva\u00e7\u00e3o do crime, autoria ou suspeitos identificados.<\/p>\n<p>Gleiber J\u00fanior exercia seu primeiro mandato como vereador e deixa uma filha. Na noite de s\u00e1bado (8), poucas horas antes do crime, ele havia publicado nas redes sociais fotos em uma festa com amigos, da qual o assessor Diego tamb\u00e9m participou.<\/p>\n<p>Em nota, a Prefeitura de Santo Amaro decretou luto oficial de tr\u00eas dias pela morte do parlamentar. O partido Avante tamb\u00e9m manifestou pesar e solidariedade \u00e0 fam\u00edlia e aos amigos das v\u00edtimas.<\/p>\n","protected":false},"excerpt":{"rendered":"<p>O vereador Gleiber J\u00fanior (Avante), de 37 anos, e seu assessor, Diego Castro Reis, foram assassinados a tiros neste domingo (9) em um s\u00edtio localizado no Rec\u00f4ncavo da Bahia. Segundo informa\u00e7\u00f5es da Pol\u00edcia Civil, o crime ocorreu em uma propriedade pertencente \u00e0 fam\u00edlia do parlamentar, no munic\u00edpio de Santo Amaro, onde ele nasceu. As autoridades [&hellip;]<\/p>\n","protected":false},"author":2,"featured_media":370347,"comment_status":"closed","ping_status":"closed","sticky":false,"template":"","format":"standard","meta":{"_acf_changed":false,"footnotes":""},"categories":[165],"tags":[],"class_list":["post-370346","post","type-post","status-publish","format-standard","has-post-thumbnail","hentry","category-nordeste"],"acf":[],"_links":{"self":[{"href":"https:\/\/www.notibras.com\/site\/wp-json\/wp\/v2\/posts\/370346","targetHints":{"allow":["GET"]}}],"collection":[{"href":"https:\/\/www.notibras.com\/site\/wp-json\/wp\/v2\/posts"}],"about":[{"href":"https:\/\/www.notibras.com\/site\/wp-json\/wp\/v2\/types\/post"}],"author":[{"embeddable":true,"href":"https:\/\/www.notibras.com\/site\/wp-json\/wp\/v2\/users\/2"}],"replies":[{"embeddable":true,"href":"https:\/\/www.notibras.com\/site\/wp-json\/wp\/v2\/comments?post=370346"}],"version-history":[{"count":1,"href":"https:\/\/www.notibras.com\/site\/wp-json\/wp\/v2\/posts\/370346\/revisions"}],"predecessor-version":[{"id":370348,"href":"https:\/\/www.notibras.com\/site\/wp-json\/wp\/v2\/posts\/370346\/revisions\/370348"}],"wp:featuredmedia":[{"embeddable":true,"href":"https:\/\/www.notibras.com\/site\/wp-json\/wp\/v2\/media\/370347"}],"wp:attachment":[{"href":"https:\/\/www.notibras.com\/site\/wp-json\/wp\/v2\/media?parent=370346"}],"wp:term":[{"taxonomy":"category","embeddable":true,"href":"https:\/\/www.notibras.com\/site\/wp-json\/wp\/v2\/categories?post=370346"},{"taxonomy":"post_tag","embeddable":true,"href":"https:\/\/www.notibras.com\/site\/wp-json\/wp\/v2\/tags?post=370346"}],"curies":[{"name":"wp","href":"https:\/\/api.w.org\/{rel}","templated":true}]}}