{"id":370349,"date":"2025-11-10T00:00:02","date_gmt":"2025-11-10T03:00:02","guid":{"rendered":"https:\/\/www.notibras.com\/site\/?p=370349"},"modified":"2025-11-10T06:09:28","modified_gmt":"2025-11-10T09:09:28","slug":"padre-e-mais-duas-pessoas-morrem-em-desabamento-de-varanda","status":"publish","type":"post","link":"https:\/\/www.notibras.com\/site\/padre-e-mais-duas-pessoas-morrem-em-desabamento-de-varanda\/","title":{"rendered":"Padre e mais duas pessoas morrem em desabamento de varanda"},"content":{"rendered":"<p>O desabamento de parte de uma varanda em Salvador provocou a morte de tr\u00eas pessoas e deixou oito feridos, na noite de s\u00e1bado (8). O padre Carlos Augusto da Cruz Silva, de 45 anos, est\u00e1 entre os mortos. Ele era vig\u00e1rio episcopal para o Servi\u00e7o da Caridade e atuava na Par\u00f3quia Santos Cosme e Dami\u00e3o, na capital baiana.<\/p>\n<p>Morreram tamb\u00e9m Darcy Anuncia\u00e7\u00e3o, de 70 anos, e Ana Maria dos Santos, de 50, que eram fi\u00e9is da igreja do padre Carlos.<\/p>\n<p>As causas do desabamento ser\u00e3o apuradas em conjunto pela Secretaria Municipal de Desenvolvimento e Urbanismo (Sedur), pela Defesa Civil de Salvador e pela Pol\u00edcia Civil, que vai instaurar inqu\u00e9rito para investigar as responsabilidades. Os \u00f3rg\u00e3os v\u00e3o apurar se a constru\u00e7\u00e3o era irregular.<\/p>\n<p>A Arquidiocese de Salvador se manifestou em notas sobre o que chamou de \u201ctrag\u00e9dia\u201d em rela\u00e7\u00e3o \u00e0s mortes do sacerdote e das outras duas v\u00edtimas. Segundo a arquidiocese, Carlos Augusto estava na casa de familiares quando a laje cedeu. A entidade religiosa afirma que ele demonstrou aten\u00e7\u00e3o especial aos pobres.<\/p>\n","protected":false},"excerpt":{"rendered":"<p>O desabamento de parte de uma varanda em Salvador provocou a morte de tr\u00eas pessoas e deixou oito feridos, na noite de s\u00e1bado (8). O padre Carlos Augusto da Cruz Silva, de 45 anos, est\u00e1 entre os mortos. Ele era vig\u00e1rio episcopal para o Servi\u00e7o da Caridade e atuava na Par\u00f3quia Santos Cosme e Dami\u00e3o, [&hellip;]<\/p>\n","protected":false},"author":2,"featured_media":370350,"comment_status":"closed","ping_status":"closed","sticky":false,"template":"","format":"standard","meta":{"_acf_changed":false,"footnotes":""},"categories":[165],"tags":[],"class_list":["post-370349","post","type-post","status-publish","format-standard","has-post-thumbnail","hentry","category-nordeste"],"acf":[],"_links":{"self":[{"href":"https:\/\/www.notibras.com\/site\/wp-json\/wp\/v2\/posts\/370349","targetHints":{"allow":["GET"]}}],"collection":[{"href":"https:\/\/www.notibras.com\/site\/wp-json\/wp\/v2\/posts"}],"about":[{"href":"https:\/\/www.notibras.com\/site\/wp-json\/wp\/v2\/types\/post"}],"author":[{"embeddable":true,"href":"https:\/\/www.notibras.com\/site\/wp-json\/wp\/v2\/users\/2"}],"replies":[{"embeddable":true,"href":"https:\/\/www.notibras.com\/site\/wp-json\/wp\/v2\/comments?post=370349"}],"version-history":[{"count":1,"href":"https:\/\/www.notibras.com\/site\/wp-json\/wp\/v2\/posts\/370349\/revisions"}],"predecessor-version":[{"id":370351,"href":"https:\/\/www.notibras.com\/site\/wp-json\/wp\/v2\/posts\/370349\/revisions\/370351"}],"wp:featuredmedia":[{"embeddable":true,"href":"https:\/\/www.notibras.com\/site\/wp-json\/wp\/v2\/media\/370350"}],"wp:attachment":[{"href":"https:\/\/www.notibras.com\/site\/wp-json\/wp\/v2\/media?parent=370349"}],"wp:term":[{"taxonomy":"category","embeddable":true,"href":"https:\/\/www.notibras.com\/site\/wp-json\/wp\/v2\/categories?post=370349"},{"taxonomy":"post_tag","embeddable":true,"href":"https:\/\/www.notibras.com\/site\/wp-json\/wp\/v2\/tags?post=370349"}],"curies":[{"name":"wp","href":"https:\/\/api.w.org\/{rel}","templated":true}]}}