{"id":370376,"date":"2025-11-11T00:30:51","date_gmt":"2025-11-11T03:30:51","guid":{"rendered":"https:\/\/www.notibras.com\/site\/?p=370376"},"modified":"2025-11-11T04:59:34","modified_gmt":"2025-11-11T07:59:34","slug":"ja-sao-quase-14-milhoes-de-embarques-e-desembarques-em-2025","status":"publish","type":"post","link":"https:\/\/www.notibras.com\/site\/ja-sao-quase-14-milhoes-de-embarques-e-desembarques-em-2025\/","title":{"rendered":"J\u00e1 s\u00e3o quase 14 milh\u00f5es de embarques e desembarques em 2025"},"content":{"rendered":"<p>De janeiro a setembro deste ano, o Aeroporto Internacional de Bras\u00edlia registrou 13,8 milh\u00f5es de embarques e desembarques. O n\u00famero \u00e9 maior, por exemplo, do que a popula\u00e7\u00e3o total de Portugal e do Panam\u00e1 \u2014 pa\u00edses que, ali\u00e1s, contam com voos diretos a partir do terminal brasiliense.<\/p>\n<p>O volume dos tr\u00eas primeiros trimestres de 2025 consolida a capital federal como refer\u00eancia no Centro-Oeste. Sozinho, o aeroporto de Bras\u00edlia foi respons\u00e1vel por 63,5% dos embarques e desembarques da regi\u00e3o \u2014 que teve um total de 20,7 milh\u00f5es de opera\u00e7\u00f5es, sendo 2,86 milh\u00f5es em Goi\u00e2nia (GO), 1,86 milh\u00e3o em Cuiab\u00e1 (MT) e 1,17 milh\u00e3o em Campo Grande (MS).<\/p>\n<p>O secret\u00e1rio de Turismo, Cristiano Ara\u00fajo, avaliou que o aumento do fluxo \u201crefor\u00e7a o papel da nossa capital como um hub de conex\u00f5es nacionais e internacionais\u201d e destacou as a\u00e7\u00f5es do Governo do Distrito Federal (GDF) para o crescimento. \u201cA Secretaria de Turismo tem atuado fortemente na promo\u00e7\u00e3o de Bras\u00edlia como destino tur\u00edstico, tanto no mercado interno quanto no exterior. Ampliamos a divulga\u00e7\u00e3o da cidade em feiras nacionais e internacionais, fortalecemos o turismo de eventos, o turismo c\u00edvico e cultural e tamb\u00e9m apoiamos iniciativas de capta\u00e7\u00e3o de novos voos e rotas tur\u00edsticas, tais como a do Queijo e a do Vinho. Essa movimenta\u00e7\u00e3o tur\u00edstica naturalmente se reflete em mais passageiros chegando e saindo pelo nosso aeroporto. Estamos fomentando tamb\u00e9m a realiza\u00e7\u00e3o de grandes shows internacionais, eventos esportivos e congressos\u201d, apontou.<\/p>\n<p>\u201cBras\u00edlia representa hoje uma oportunidade para passageiros e turistas que se conectam com o mundo e com a experi\u00eancia de viajar. A capital vem se consolidando como um importante centro de conex\u00f5es, turismo e neg\u00f3cios, ampliando rotas e oferecendo infraestrutura de qualidade. Al\u00e9m da posi\u00e7\u00e3o estrat\u00e9gica no centro do pa\u00eds, a cidade se destaca pela seguran\u00e7a, mobilidade e pela hospitalidade, que tornam a passagem por Bras\u00edlia mais acolhedora e eficiente. A reabertura de pontos tur\u00edsticos marcantes, como a Casa de Ch\u00e1, no Eixo Monumental, e o Aut\u00f3dromo Internacional de Bras\u00edlia, refor\u00e7a esse novo momento do turismo local, que valoriza tanto a modernidade quanto a tradi\u00e7\u00e3o da capital. Com isso, Bras\u00edlia se afirma cada vez mais como um destino completo, que conecta pessoas, culturas e experi\u00eancias no cora\u00e7\u00e3o do Brasil\u201d, acrescentou Cristiano Ara\u00fajo.<\/p>\n<p><strong>Conex\u00f5es<\/strong><\/p>\n<p>O terminal de Bras\u00edlia \u00e9 o \u00fanico do pa\u00eds com voos diretos para todas as capitais brasileiras. Tamb\u00e9m est\u00e1 ligado a v\u00e1rias cidades do mundo, como refor\u00e7a o secret\u00e1rio de Rela\u00e7\u00f5es Internacionais, Paco Britto: \u201cGra\u00e7as a um trabalho intenso realizado pela Serinter junto \u00e0s companhias a\u00e9reas nacionais e at\u00e9 internacionais, conseguimos aumentar para nove o n\u00famero de rotas internacionais ligando Bras\u00edlia a Bogot\u00e1 (Col\u00f4mbia), Santiago (Chile), Canc\u00fan (M\u00e9xico) e Lima (Peru), que somaram-se aos j\u00e1 existentes voos para Argentina, Estados Unidos (Miami e Orlando), Portugal e Panam\u00e1. Com a ajuda do embaixador da It\u00e1lia, tamb\u00e9m estamos avan\u00e7ando nas tratativas com a companhia italiana Ita para um voo que ligue Roma a Bras\u00edlia, al\u00e9m de conversas avan\u00e7adas com outras companhias para tratar de um voo ligando a capital ao continente africano.\u201d<\/p>\n<p>E essas percep\u00e7\u00f5es sobre o aeroporto e sobre a capital federal n\u00e3o se restringem aos agentes p\u00fablicos. Passageiro frequente do terminal, Alexandre Moura, \u00e9 diretor de uma funda\u00e7\u00e3o de geoprocessamento e viaja pelo menos uma vez por m\u00eas. Ele contou ter sentido o aumento, principalmente, desde 2023.<\/p>\n<p>\u201cCreio que o aumento do poder de consumo e maneiras facilitadas para o pagamento de passagens; desde a \u00faltima reforma, o aeroporto ficou mais confort\u00e1vel e est\u00e1 bem melhor; e, baseado em observa\u00e7\u00f5es feitas por mim, creio que a cidade se tornou mais atrativa para turistas com foco em eventos \u2014 shows, jogos e festivais \u2014 n\u00e3o s\u00f3 para o turismo em si. Tanto que diversas pessoas vieram conhecer Bras\u00edlia esse ano devido aos eventos que ocorrem aqui\u201d, elencou, sobre as poss\u00edveis raz\u00f5es para a expans\u00e3o do fluxo de passageiros, e arrematou: \u201co aeroporto de Bras\u00edlia est\u00e1 em n\u00edvel alto comparando at\u00e9 com aeroportos internacionais, tanto na parte da \u00c1sia quanto na Europa\u201d.<\/p>\n<p><strong>Reconhecimento<\/strong><\/p>\n<p>O Aeroporto Internacional de Bras\u00edlia tamb\u00e9m tem sido figura frequente em rankings de qualidade. Em julho deste ano, o terminal foi eleito o melhor da Am\u00e9rica e o 4\u00ba melhor do mundo em ranking feito pela plataforma AirHelp \u2014 especializada em assist\u00eancia a passageiros. A coloca\u00e7\u00e3o de 2025 supera, inclusive, a do ano passado, quando o local ficou em 5\u00ba entre os melhores do planeta.<\/p>\n<p>A nota final do aeroporto de Bras\u00edlia foi de 8,47. Entre os crit\u00e9rios avaliados, o terminal recebeu 8,6 em pontualidade dos voos; 8,3 em satisfa\u00e7\u00e3o dos passageiros; e 8,2 em qualidade de alimenta\u00e7\u00e3o e lojas. No ano passado, ele foi eleito o segundo mais pontual do mundo na categoria de m\u00e9dio porte, em pesquisa da empresa de dados e an\u00e1lises de avia\u00e7\u00e3o Cirium.<\/p>\n","protected":false},"excerpt":{"rendered":"<p>De janeiro a setembro deste ano, o Aeroporto Internacional de Bras\u00edlia registrou 13,8 milh\u00f5es de embarques e desembarques. O n\u00famero \u00e9 maior, por exemplo, do que a popula\u00e7\u00e3o total de Portugal e do Panam\u00e1 \u2014 pa\u00edses que, ali\u00e1s, contam com voos diretos a partir do terminal brasiliense. O volume dos tr\u00eas primeiros trimestres de 2025 [&hellip;]<\/p>\n","protected":false},"author":21,"featured_media":370377,"comment_status":"closed","ping_status":"closed","sticky":false,"template":"","format":"standard","meta":{"_acf_changed":false,"footnotes":""},"categories":[161],"tags":[],"class_list":["post-370376","post","type-post","status-publish","format-standard","has-post-thumbnail","hentry","category-quadradinho-em-foco"],"acf":[],"_links":{"self":[{"href":"https:\/\/www.notibras.com\/site\/wp-json\/wp\/v2\/posts\/370376","targetHints":{"allow":["GET"]}}],"collection":[{"href":"https:\/\/www.notibras.com\/site\/wp-json\/wp\/v2\/posts"}],"about":[{"href":"https:\/\/www.notibras.com\/site\/wp-json\/wp\/v2\/types\/post"}],"author":[{"embeddable":true,"href":"https:\/\/www.notibras.com\/site\/wp-json\/wp\/v2\/users\/21"}],"replies":[{"embeddable":true,"href":"https:\/\/www.notibras.com\/site\/wp-json\/wp\/v2\/comments?post=370376"}],"version-history":[{"count":3,"href":"https:\/\/www.notibras.com\/site\/wp-json\/wp\/v2\/posts\/370376\/revisions"}],"predecessor-version":[{"id":370424,"href":"https:\/\/www.notibras.com\/site\/wp-json\/wp\/v2\/posts\/370376\/revisions\/370424"}],"wp:featuredmedia":[{"embeddable":true,"href":"https:\/\/www.notibras.com\/site\/wp-json\/wp\/v2\/media\/370377"}],"wp:attachment":[{"href":"https:\/\/www.notibras.com\/site\/wp-json\/wp\/v2\/media?parent=370376"}],"wp:term":[{"taxonomy":"category","embeddable":true,"href":"https:\/\/www.notibras.com\/site\/wp-json\/wp\/v2\/categories?post=370376"},{"taxonomy":"post_tag","embeddable":true,"href":"https:\/\/www.notibras.com\/site\/wp-json\/wp\/v2\/tags?post=370376"}],"curies":[{"name":"wp","href":"https:\/\/api.w.org\/{rel}","templated":true}]}}