{"id":37039,"date":"2015-02-14T09:34:58","date_gmt":"2015-02-14T12:34:58","guid":{"rendered":"http:\/\/www.notibras.com\/site\/?p=37039"},"modified":"2015-02-14T15:27:23","modified_gmt":"2015-02-14T18:27:23","slug":"desfile-em-sao-paulo-cai-na-mesmice-e-nao-empolga-publico","status":"publish","type":"post","link":"https:\/\/www.notibras.com\/site\/desfile-em-sao-paulo-cai-na-mesmice-e-nao-empolga-publico\/","title":{"rendered":"Desfile em S\u00e3o Paulo cai na mesmice e n\u00e3o empolga foli\u00e3o"},"content":{"rendered":"<p>Homenagem ao centen\u00e1rio de um clube de futebol, marchinhas que pontuaram a origem do samba no Brasil, truques de magia, viagem no tempo de antigas civiliza\u00e7\u00f5es, caveiras, drag\u00f5es, acrobatas em carros aleg\u00f3ricos, \u00edcones da imigra\u00e7\u00e3o japonesa e, claro, cl\u00e1ssicas refer\u00eancias \u00e0 M\u00e3e \u00c1frica&#8230; A primeira noite dos desfiles das escolas de samba do grupo especial de S\u00e3o Paulo foi marcada por uma sensa\u00e7\u00e3o de d\u00e9j\u00e0-vu, com direito \u00e0 reciclagem de v\u00e1rios registros r\u00edtmicos, coreogr\u00e1ficos e c\u00eanicos de outros carnavais. Na falta de uma apresenta\u00e7\u00e3o que arrebatasse o p\u00fablico, ou ao menos de uma ideia absolutamente inovadora, a festa terminou, j\u00e1 com a luz do dia, com a suspeita de que o campe\u00e3o ainda n\u00e3o passou pela avenida. S\u00f3 quem pode furar esse progn\u00f3stico \u00e9 a Rosas de Ouro, que misturou emo\u00e7\u00e3o, luxo, t\u00e9cnica e ousadia numa estudada estrat\u00e9gia para acabar com a maldi\u00e7\u00e3o do vice-campeonato, que a persegue nos \u00faltimos tr\u00eas anos.<\/p>\n<p>A Mancha Verde abriu a festa com o samba-exalta\u00e7\u00e3o ao Palmeiras, reafirmando a tese de que escolas que brotam de torcidas uniformizadas t\u00eam certa dificuldade de dissociar o carnaval do futebol. Armadilha que normalmente atravessa o samba e faz com que torcedores de outros clubes n\u00e3o se sintam tocados pelo desfile. Para os palmeirenses, no entanto, a passagem da Mancha foi um presente inesquec\u00edvel, j\u00e1 que todas as refer\u00eancias \u00e0 gloriosa hist\u00f3ria do clube estavam ali: \u00eddolos da Academia (de Oberdan Catani a &#8220;S\u00e3o&#8221; Marcos), t\u00edtulos conquistados, a nova arena e momentos marcantes que embalam qualquer conversa de bar que se preze, como o c\u00e9lebre dia em que o Verd\u00e3o vestiu a camisa da Sele\u00e7\u00e3o Brasileira para um jogo contra o Uruguai. Apesar do foco no futebol, o desfile teve o m\u00e9rito de destacar em v\u00e1rias alas e alegorias a import\u00e2ncia da imigra\u00e7\u00e3o italiana em S\u00e3o Paulo e a persegui\u00e7\u00e3o sofrida durante a Segunda Guerra.<\/p>\n<p>A\u00a0 Acad\u00eamicos do Tucuruvi, segunda escola a se exibir no Anhembi, fez um desfile divertido, escorado principalmente na for\u00e7a mel\u00f3dica do samba-enredo \u2013 na verdade, uma colagem de frases de c\u00e9lebres marchinhas de Carnaval. A letra f\u00e1cil e repleta de cita\u00e7\u00f5es de antigos sucessos caiu nas gra\u00e7as da plateia e ajudou na evolu\u00e7\u00e3o da escola. &#8220;Sou da Lira, daqui n\u00e3o saio, daqui ningu\u00e9m me tira. Ei, voc\u00ea a\u00ed, oh abre alas pra Tucuruvi&#8221;, um dos refr\u00f5es do samba, \u00e9 um achado e, ao mesmo tempo, uma homenagem a compositores do calibre de Chiquinha Gonzaga, Noel Rosa, Z\u00e9 Ketty, Vicente Paiva e Lamartine Babo. Entre confetes, serpentina e nostalgia, a Tucuruvi pode n\u00e3o ter feito um desfile para ser campe\u00e3, mas seus componentes sa\u00edram da avenida com a alma lavada.<\/p>\n<p>O drama de ter o carro abre-alas quebrado no ano passado inspirou o enredo da Tom Maior, terceira escola a pisar na avenida neste Carnaval. Pena que a boa ideia de resgatar as sensa\u00e7\u00f5es provocadas pela adrenalina daquele momento de tens\u00e3o acabou se diluindo na dificuldade que o carnavalesco Mauro Quintaes encontrou para contar essa hist\u00f3ria. A mistura da emo\u00e7\u00e3o de um gol com o frisson do primeiro beijo, de Cupido com Dr\u00e1cula, de anjos com baratas, de baianas com vi\u00favas negras n\u00e3o foi de f\u00e1cil assimila\u00e7\u00e3o, embora seja ineg\u00e1vel a coragem de sair daquela formalidade dos enredos did\u00e1ticos. Bom mesmo foi o show da bateria do Mestre Carl\u00e3o, 23 anos de Tom Maior, com paradinhas e coreografias que sacudiram a arquibancada pela primeira vez na noite.<\/p>\n<p>Drag\u00f5es da Real, quarta escola a passar pela avenida, apostou na fic\u00e7\u00e3o de uma hist\u00f3ria infantil para mostrar que \u00e9 poss\u00edvel acreditar no sonho de ser campe\u00e3. Ainda que este desejo n\u00e3o se realize pela suprema decis\u00e3o dos jurados, a escola pode se orgulhar de ter feito um desfile acima das expectativas para quem estreou no Grupo Especial apenas em 2012. Como S\u00e3o Tom\u00e9, foi preciso ver para crer a criativa concep\u00e7\u00e3o teatral da comiss\u00e3o de frente, que levou para o Anhembi uma carnavalesca vers\u00e3o da Fant\u00e1stica F\u00e1brica de Chocolates. N\u00e3o importa que a ideia venha na esteira da premiada comiss\u00e3o do ano passado (&#8220;Thriller&#8221;, de Michael Jackson), o que conta \u00e9 que, de novo, foi bem executada. Destaque tamb\u00e9m para as boas solu\u00e7\u00f5es dos carros aleg\u00f3ricos animados, ao melhor estilo do mago Paulo Barros.<\/p>\n<p>O momento mais aguardado da noite era o desfile da Rosas de Ouro, quinta escola a pisar no samb\u00f3dromo. E ela n\u00e3o decepcionou quem esperava um desfile de encanto e magia, marcado por um enredo que tamb\u00e9m se apoiava em contos de fadas e hist\u00f3rias de supera\u00e7\u00e3o, como a da pr\u00f3pria Roseira. N\u00e3o custa lembrar que enquanto se preparava para entrar na avenida em 2014, a escola teve que enfrentar uma chuva de granizo que acabou tirando o brilho de algumas fantasias,\u00a0 e prejudicando o resultado final do desfile.<\/p>\n<blockquote><p>Depois de perder este e outros dois t\u00edtulos no detalhe para a Mocidade Alegre, a Rosas de Ouro tomou todos os cuidados para fazer um desfile finalmente campe\u00e3o. Boa parte disso deve-se ao carnavalesco\u00a0 Jorge Freitas, h\u00e1 oito anos na escola, que se dedicou ao desafio de levar a comunidade a um desfile cir\u00fargico, irretoc\u00e1vel, sem erros. Ele chegou ao rigor de sugerir que o samba-enredo fosse cantado num tom acima da vers\u00e3o original ao se dar conta de que havia um n\u00famero muito grande de vozes femininas nas alas.<\/p><\/blockquote>\n<p>Com tanto capricho, o que se viu na avenida foi um espet\u00e1culo que combinou luxo, riqueza de detalhes no acabamento das fantasias e no impacto das alegorias, da comiss\u00e3o de frente \u00e0 \u00faltima ala. Nem precisava ir al\u00e9m para merecer nota 10, mas num lance de pura &#8211; e perigosa &#8211; ousadia, o int\u00e9rprete Darlan Alves parou de cantar e deixou que por mais de 30 segundos a escola evolu\u00edsse apenas ao som da bateria e do canto dos componentes da escola. Uma esp\u00e9cie de paradinha \u00e0s avessas, que fez lembrar um \u00e9pico desfile da Mangueira, no qual o mestre de bateria Ivo Meireles fez a escola desfilar cantando o samba no ritmo marcado pelo passo dos componentes, que foram para a avenida com cal\u00e7ados pr\u00f3prios para sapateado.<\/p>\n<p>Sushi, jud\u00f4, origami, ritual do ch\u00e1, sumo, samurais, trem-bala, mang\u00e1s, Buda, Zico&#8230; Por mais que tentasse cumprir a promessa de apresentar um Jap\u00e3o hi-tech, diferente de tudo o que j\u00e1 foi mostrado em outros desfiles que teve a imigra\u00e7\u00e3o oriental como enredo, a \u00c1guia de Ouro n\u00e3o conseguiu se livrar dos velhos clich\u00eas para desenvolver o enredo &#8220;120 anos do Tratado da Amizade Brasil e Jap\u00e3o<a href=\"http:\/\/carnaval.uol.com.br\/2015\/noticias\/redacao\/2015\/02\/14\/em-busca-de-titulo-inedito-aguia-de-ouro-apresenta-a-conexao-brasil-japao.htm\">&#8220;<\/a>. Sexta escola a entrar na passarela do samba do Anhembi, a escola da Pompeia fez um desfile tecnicamente preciso, mas n\u00e3o conseguiu levantar o p\u00fablico e ficou longe de reeditar suas melhores performances. Merecem destaque, no entanto, o carro aleg\u00f3rico trazido direto do Jap\u00e3o desmontado em 15 cont\u00eaineres e a inova\u00e7\u00e3o da bateria do Mestre Juca, que entrou no clima do desfile e incorporou o taik\u00f4, tradicional tambor japon\u00eas, ao naipe de instrumentos da genu\u00edna batucada brasileira.<\/p>\n<p>S\u00e9tima e \u00faltima escola a entrar na avenida, j\u00e1 com p\u00fablico reduzido nas arquibancadas e a cidade amanhecendo, a tradicional Nen\u00ea de Vila Matilde fechou a primeira noite dos desfiles em S\u00e3o Paulo apostando na receita que a torna uma escola \u00fanica: grande participa\u00e7\u00e3o da comunidade, garra e muito samba no p\u00e9. O enredo sobre Mo\u00e7ambique, embora preso \u00e0 tradi\u00e7\u00e3o dos temas afros, permitiu um desfile l\u00fadico e contagiante ao contar a lenda do baob\u00e1, \u00e1rvore sagrada que conta a hist\u00f3ria do pa\u00eds para as crian\u00e7as. O samba, de linda melodia, ajudou. Pena que tenha faltado mais capricho nas fantasias\u00a0 e criatividade nas alegorias.<\/p>\n","protected":false},"excerpt":{"rendered":"<p>Homenagem ao centen\u00e1rio de um clube de futebol, marchinhas que pontuaram a origem do samba no Brasil, truques de magia, viagem no tempo de antigas civiliza\u00e7\u00f5es, caveiras, drag\u00f5es, acrobatas em carros aleg\u00f3ricos, \u00edcones da imigra\u00e7\u00e3o japonesa e, claro, cl\u00e1ssicas refer\u00eancias \u00e0 M\u00e3e \u00c1frica&#8230; A primeira noite dos desfiles das escolas de samba do grupo especial [&hellip;]<\/p>\n","protected":false},"author":2,"featured_media":37042,"comment_status":"open","ping_status":"closed","sticky":false,"template":"","format":"standard","meta":{"_acf_changed":false,"footnotes":""},"categories":[16],"tags":[],"class_list":["post-37039","post","type-post","status-publish","format-standard","has-post-thumbnail","hentry","category-brasil"],"acf":[],"yoast_head":"<!-- This site is optimized with the Yoast SEO plugin v27.2 - https:\/\/yoast.com\/product\/yoast-seo-wordpress\/ -->\n<title>Desfile em S\u00e3o Paulo cai na mesmice e n\u00e3o empolga foli\u00e3o - Notibras<\/title>\n<meta name=\"robots\" content=\"index, follow, max-snippet:-1, max-image-preview:large, max-video-preview:-1\" \/>\n<link rel=\"canonical\" href=\"https:\/\/www.notibras.com\/site\/desfile-em-sao-paulo-cai-na-mesmice-e-nao-empolga-publico\/\" \/>\n<meta property=\"og:locale\" content=\"pt_BR\" \/>\n<meta property=\"og:type\" content=\"article\" \/>\n<meta property=\"og:title\" content=\"Desfile em S\u00e3o Paulo cai na mesmice e n\u00e3o empolga foli\u00e3o - Notibras\" \/>\n<meta property=\"og:description\" content=\"Homenagem ao centen\u00e1rio de um clube de futebol, marchinhas que pontuaram a origem do samba no Brasil, truques de magia, viagem no tempo de antigas civiliza\u00e7\u00f5es, caveiras, drag\u00f5es, acrobatas em carros aleg\u00f3ricos, \u00edcones da imigra\u00e7\u00e3o japonesa e, claro, cl\u00e1ssicas refer\u00eancias \u00e0 M\u00e3e \u00c1frica&#8230; A primeira noite dos desfiles das escolas de samba do grupo especial [&hellip;]\" \/>\n<meta property=\"og:url\" content=\"https:\/\/www.notibras.com\/site\/desfile-em-sao-paulo-cai-na-mesmice-e-nao-empolga-publico\/\" \/>\n<meta property=\"og:site_name\" content=\"Notibras\" \/>\n<meta property=\"article:publisher\" content=\"https:\/\/www.facebook.com\/notibras\/\" \/>\n<meta property=\"article:published_time\" content=\"2015-02-14T12:34:58+00:00\" \/>\n<meta property=\"article:modified_time\" content=\"2015-02-14T18:27:23+00:00\" \/>\n<meta property=\"og:image\" content=\"https:\/\/www.notibras.com\/site\/wp-content\/uploads\/2015\/02\/14gravidan.jpg\" \/>\n\t<meta property=\"og:image:width\" content=\"300\" \/>\n\t<meta property=\"og:image:height\" content=\"200\" \/>\n\t<meta property=\"og:image:type\" content=\"image\/jpeg\" \/>\n<meta name=\"author\" content=\"Reda\u00e7\u00e3o\" \/>\n<meta name=\"twitter:card\" content=\"summary_large_image\" \/>\n<meta name=\"twitter:creator\" content=\"@Notibras\" \/>\n<meta name=\"twitter:site\" content=\"@Notibras\" \/>\n<meta name=\"twitter:label1\" content=\"Escrito por\" \/>\n\t<meta name=\"twitter:data1\" content=\"Reda\u00e7\u00e3o\" \/>\n\t<meta name=\"twitter:label2\" content=\"Est. tempo de leitura\" \/>\n\t<meta name=\"twitter:data2\" content=\"7 minutos\" \/>\n<script type=\"application\/ld+json\" class=\"yoast-schema-graph\">{\"@context\":\"https:\/\/schema.org\",\"@graph\":[{\"@type\":\"Article\",\"@id\":\"https:\/\/www.notibras.com\/site\/desfile-em-sao-paulo-cai-na-mesmice-e-nao-empolga-publico\/#article\",\"isPartOf\":{\"@id\":\"https:\/\/www.notibras.com\/site\/desfile-em-sao-paulo-cai-na-mesmice-e-nao-empolga-publico\/\"},\"author\":{\"name\":\"Reda\u00e7\u00e3o\",\"@id\":\"https:\/\/www.notibras.com\/site\/#\/schema\/person\/36ab0979449956132d3e5b517ea76ac8\"},\"headline\":\"Desfile em S\u00e3o Paulo cai na mesmice e n\u00e3o empolga foli\u00e3o\",\"datePublished\":\"2015-02-14T12:34:58+00:00\",\"dateModified\":\"2015-02-14T18:27:23+00:00\",\"mainEntityOfPage\":{\"@id\":\"https:\/\/www.notibras.com\/site\/desfile-em-sao-paulo-cai-na-mesmice-e-nao-empolga-publico\/\"},\"wordCount\":1379,\"commentCount\":0,\"publisher\":{\"@id\":\"https:\/\/www.notibras.com\/site\/#organization\"},\"image\":{\"@id\":\"https:\/\/www.notibras.com\/site\/desfile-em-sao-paulo-cai-na-mesmice-e-nao-empolga-publico\/#primaryimage\"},\"thumbnailUrl\":\"https:\/\/www.notibras.com\/site\/wp-content\/uploads\/2015\/02\/14gravidan.jpg\",\"articleSection\":[\"Brasil\"],\"inLanguage\":\"pt-BR\",\"potentialAction\":[{\"@type\":\"CommentAction\",\"name\":\"Comment\",\"target\":[\"https:\/\/www.notibras.com\/site\/desfile-em-sao-paulo-cai-na-mesmice-e-nao-empolga-publico\/#respond\"]}]},{\"@type\":\"WebPage\",\"@id\":\"https:\/\/www.notibras.com\/site\/desfile-em-sao-paulo-cai-na-mesmice-e-nao-empolga-publico\/\",\"url\":\"https:\/\/www.notibras.com\/site\/desfile-em-sao-paulo-cai-na-mesmice-e-nao-empolga-publico\/\",\"name\":\"Desfile em S\u00e3o Paulo cai na mesmice e n\u00e3o empolga foli\u00e3o - Notibras\",\"isPartOf\":{\"@id\":\"https:\/\/www.notibras.com\/site\/#website\"},\"primaryImageOfPage\":{\"@id\":\"https:\/\/www.notibras.com\/site\/desfile-em-sao-paulo-cai-na-mesmice-e-nao-empolga-publico\/#primaryimage\"},\"image\":{\"@id\":\"https:\/\/www.notibras.com\/site\/desfile-em-sao-paulo-cai-na-mesmice-e-nao-empolga-publico\/#primaryimage\"},\"thumbnailUrl\":\"https:\/\/www.notibras.com\/site\/wp-content\/uploads\/2015\/02\/14gravidan.jpg\",\"datePublished\":\"2015-02-14T12:34:58+00:00\",\"dateModified\":\"2015-02-14T18:27:23+00:00\",\"breadcrumb\":{\"@id\":\"https:\/\/www.notibras.com\/site\/desfile-em-sao-paulo-cai-na-mesmice-e-nao-empolga-publico\/#breadcrumb\"},\"inLanguage\":\"pt-BR\",\"potentialAction\":[{\"@type\":\"ReadAction\",\"target\":[\"https:\/\/www.notibras.com\/site\/desfile-em-sao-paulo-cai-na-mesmice-e-nao-empolga-publico\/\"]}]},{\"@type\":\"ImageObject\",\"inLanguage\":\"pt-BR\",\"@id\":\"https:\/\/www.notibras.com\/site\/desfile-em-sao-paulo-cai-na-mesmice-e-nao-empolga-publico\/#primaryimage\",\"url\":\"https:\/\/www.notibras.com\/site\/wp-content\/uploads\/2015\/02\/14gravidan.jpg\",\"contentUrl\":\"https:\/\/www.notibras.com\/site\/wp-content\/uploads\/2015\/02\/14gravidan.jpg\",\"width\":300,\"height\":200},{\"@type\":\"BreadcrumbList\",\"@id\":\"https:\/\/www.notibras.com\/site\/desfile-em-sao-paulo-cai-na-mesmice-e-nao-empolga-publico\/#breadcrumb\",\"itemListElement\":[{\"@type\":\"ListItem\",\"position\":1,\"name\":\"In\u00edcio\",\"item\":\"https:\/\/www.notibras.com\/site\/\"},{\"@type\":\"ListItem\",\"position\":2,\"name\":\"Desfile em S\u00e3o Paulo cai na mesmice e n\u00e3o empolga foli\u00e3o\"}]},{\"@type\":\"WebSite\",\"@id\":\"https:\/\/www.notibras.com\/site\/#website\",\"url\":\"https:\/\/www.notibras.com\/site\/\",\"name\":\"Notibras\",\"description\":\"Not\u00edcias de Bras\u00edlia, do Brasil e do Mundo\",\"publisher\":{\"@id\":\"https:\/\/www.notibras.com\/site\/#organization\"},\"potentialAction\":[{\"@type\":\"SearchAction\",\"target\":{\"@type\":\"EntryPoint\",\"urlTemplate\":\"https:\/\/www.notibras.com\/site\/?s={search_term_string}\"},\"query-input\":{\"@type\":\"PropertyValueSpecification\",\"valueRequired\":true,\"valueName\":\"search_term_string\"}}],\"inLanguage\":\"pt-BR\"},{\"@type\":\"Organization\",\"@id\":\"https:\/\/www.notibras.com\/site\/#organization\",\"name\":\"Grupo Notibras de Comunica\u00e7\u00e3o\",\"url\":\"https:\/\/www.notibras.com\/site\/\",\"logo\":{\"@type\":\"ImageObject\",\"inLanguage\":\"pt-BR\",\"@id\":\"https:\/\/www.notibras.com\/site\/#\/schema\/logo\/image\/\",\"url\":\"https:\/\/www.notibras.com\/site\/wp-content\/uploads\/2023\/01\/notibras23.png\",\"contentUrl\":\"https:\/\/www.notibras.com\/site\/wp-content\/uploads\/2023\/01\/notibras23.png\",\"width\":350,\"height\":87,\"caption\":\"Grupo Notibras de Comunica\u00e7\u00e3o\"},\"image\":{\"@id\":\"https:\/\/www.notibras.com\/site\/#\/schema\/logo\/image\/\"},\"sameAs\":[\"https:\/\/www.facebook.com\/notibras\/\",\"https:\/\/x.com\/Notibras\",\"https:\/\/www.instagram.com\/notibras\/\"]},{\"@type\":\"Person\",\"@id\":\"https:\/\/www.notibras.com\/site\/#\/schema\/person\/36ab0979449956132d3e5b517ea76ac8\",\"name\":\"Reda\u00e7\u00e3o\",\"image\":{\"@type\":\"ImageObject\",\"inLanguage\":\"pt-BR\",\"@id\":\"https:\/\/secure.gravatar.com\/avatar\/e0a867bdedb85fd243eadf09663511f96fc81e0720a4a42581f334ad4303aa6b?s=96&d=mm&r=g\",\"url\":\"https:\/\/secure.gravatar.com\/avatar\/e0a867bdedb85fd243eadf09663511f96fc81e0720a4a42581f334ad4303aa6b?s=96&d=mm&r=g\",\"contentUrl\":\"https:\/\/secure.gravatar.com\/avatar\/e0a867bdedb85fd243eadf09663511f96fc81e0720a4a42581f334ad4303aa6b?s=96&d=mm&r=g\",\"caption\":\"Reda\u00e7\u00e3o\"}}]}<\/script>\n<!-- \/ Yoast SEO plugin. -->","yoast_head_json":{"title":"Desfile em S\u00e3o Paulo cai na mesmice e n\u00e3o empolga foli\u00e3o - Notibras","robots":{"index":"index","follow":"follow","max-snippet":"max-snippet:-1","max-image-preview":"max-image-preview:large","max-video-preview":"max-video-preview:-1"},"canonical":"https:\/\/www.notibras.com\/site\/desfile-em-sao-paulo-cai-na-mesmice-e-nao-empolga-publico\/","og_locale":"pt_BR","og_type":"article","og_title":"Desfile em S\u00e3o Paulo cai na mesmice e n\u00e3o empolga foli\u00e3o - Notibras","og_description":"Homenagem ao centen\u00e1rio de um clube de futebol, marchinhas que pontuaram a origem do samba no Brasil, truques de magia, viagem no tempo de antigas civiliza\u00e7\u00f5es, caveiras, drag\u00f5es, acrobatas em carros aleg\u00f3ricos, \u00edcones da imigra\u00e7\u00e3o japonesa e, claro, cl\u00e1ssicas refer\u00eancias \u00e0 M\u00e3e \u00c1frica&#8230; A primeira noite dos desfiles das escolas de samba do grupo especial [&hellip;]","og_url":"https:\/\/www.notibras.com\/site\/desfile-em-sao-paulo-cai-na-mesmice-e-nao-empolga-publico\/","og_site_name":"Notibras","article_publisher":"https:\/\/www.facebook.com\/notibras\/","article_published_time":"2015-02-14T12:34:58+00:00","article_modified_time":"2015-02-14T18:27:23+00:00","og_image":[{"width":300,"height":200,"url":"https:\/\/www.notibras.com\/site\/wp-content\/uploads\/2015\/02\/14gravidan.jpg","type":"image\/jpeg"}],"author":"Reda\u00e7\u00e3o","twitter_card":"summary_large_image","twitter_creator":"@Notibras","twitter_site":"@Notibras","twitter_misc":{"Escrito por":"Reda\u00e7\u00e3o","Est. tempo de leitura":"7 minutos"},"schema":{"@context":"https:\/\/schema.org","@graph":[{"@type":"Article","@id":"https:\/\/www.notibras.com\/site\/desfile-em-sao-paulo-cai-na-mesmice-e-nao-empolga-publico\/#article","isPartOf":{"@id":"https:\/\/www.notibras.com\/site\/desfile-em-sao-paulo-cai-na-mesmice-e-nao-empolga-publico\/"},"author":{"name":"Reda\u00e7\u00e3o","@id":"https:\/\/www.notibras.com\/site\/#\/schema\/person\/36ab0979449956132d3e5b517ea76ac8"},"headline":"Desfile em S\u00e3o Paulo cai na mesmice e n\u00e3o empolga foli\u00e3o","datePublished":"2015-02-14T12:34:58+00:00","dateModified":"2015-02-14T18:27:23+00:00","mainEntityOfPage":{"@id":"https:\/\/www.notibras.com\/site\/desfile-em-sao-paulo-cai-na-mesmice-e-nao-empolga-publico\/"},"wordCount":1379,"commentCount":0,"publisher":{"@id":"https:\/\/www.notibras.com\/site\/#organization"},"image":{"@id":"https:\/\/www.notibras.com\/site\/desfile-em-sao-paulo-cai-na-mesmice-e-nao-empolga-publico\/#primaryimage"},"thumbnailUrl":"https:\/\/www.notibras.com\/site\/wp-content\/uploads\/2015\/02\/14gravidan.jpg","articleSection":["Brasil"],"inLanguage":"pt-BR","potentialAction":[{"@type":"CommentAction","name":"Comment","target":["https:\/\/www.notibras.com\/site\/desfile-em-sao-paulo-cai-na-mesmice-e-nao-empolga-publico\/#respond"]}]},{"@type":"WebPage","@id":"https:\/\/www.notibras.com\/site\/desfile-em-sao-paulo-cai-na-mesmice-e-nao-empolga-publico\/","url":"https:\/\/www.notibras.com\/site\/desfile-em-sao-paulo-cai-na-mesmice-e-nao-empolga-publico\/","name":"Desfile em S\u00e3o Paulo cai na mesmice e n\u00e3o empolga foli\u00e3o - Notibras","isPartOf":{"@id":"https:\/\/www.notibras.com\/site\/#website"},"primaryImageOfPage":{"@id":"https:\/\/www.notibras.com\/site\/desfile-em-sao-paulo-cai-na-mesmice-e-nao-empolga-publico\/#primaryimage"},"image":{"@id":"https:\/\/www.notibras.com\/site\/desfile-em-sao-paulo-cai-na-mesmice-e-nao-empolga-publico\/#primaryimage"},"thumbnailUrl":"https:\/\/www.notibras.com\/site\/wp-content\/uploads\/2015\/02\/14gravidan.jpg","datePublished":"2015-02-14T12:34:58+00:00","dateModified":"2015-02-14T18:27:23+00:00","breadcrumb":{"@id":"https:\/\/www.notibras.com\/site\/desfile-em-sao-paulo-cai-na-mesmice-e-nao-empolga-publico\/#breadcrumb"},"inLanguage":"pt-BR","potentialAction":[{"@type":"ReadAction","target":["https:\/\/www.notibras.com\/site\/desfile-em-sao-paulo-cai-na-mesmice-e-nao-empolga-publico\/"]}]},{"@type":"ImageObject","inLanguage":"pt-BR","@id":"https:\/\/www.notibras.com\/site\/desfile-em-sao-paulo-cai-na-mesmice-e-nao-empolga-publico\/#primaryimage","url":"https:\/\/www.notibras.com\/site\/wp-content\/uploads\/2015\/02\/14gravidan.jpg","contentUrl":"https:\/\/www.notibras.com\/site\/wp-content\/uploads\/2015\/02\/14gravidan.jpg","width":300,"height":200},{"@type":"BreadcrumbList","@id":"https:\/\/www.notibras.com\/site\/desfile-em-sao-paulo-cai-na-mesmice-e-nao-empolga-publico\/#breadcrumb","itemListElement":[{"@type":"ListItem","position":1,"name":"In\u00edcio","item":"https:\/\/www.notibras.com\/site\/"},{"@type":"ListItem","position":2,"name":"Desfile em S\u00e3o Paulo cai na mesmice e n\u00e3o empolga foli\u00e3o"}]},{"@type":"WebSite","@id":"https:\/\/www.notibras.com\/site\/#website","url":"https:\/\/www.notibras.com\/site\/","name":"Notibras","description":"Not\u00edcias de Bras\u00edlia, do Brasil e do Mundo","publisher":{"@id":"https:\/\/www.notibras.com\/site\/#organization"},"potentialAction":[{"@type":"SearchAction","target":{"@type":"EntryPoint","urlTemplate":"https:\/\/www.notibras.com\/site\/?s={search_term_string}"},"query-input":{"@type":"PropertyValueSpecification","valueRequired":true,"valueName":"search_term_string"}}],"inLanguage":"pt-BR"},{"@type":"Organization","@id":"https:\/\/www.notibras.com\/site\/#organization","name":"Grupo Notibras de Comunica\u00e7\u00e3o","url":"https:\/\/www.notibras.com\/site\/","logo":{"@type":"ImageObject","inLanguage":"pt-BR","@id":"https:\/\/www.notibras.com\/site\/#\/schema\/logo\/image\/","url":"https:\/\/www.notibras.com\/site\/wp-content\/uploads\/2023\/01\/notibras23.png","contentUrl":"https:\/\/www.notibras.com\/site\/wp-content\/uploads\/2023\/01\/notibras23.png","width":350,"height":87,"caption":"Grupo Notibras de Comunica\u00e7\u00e3o"},"image":{"@id":"https:\/\/www.notibras.com\/site\/#\/schema\/logo\/image\/"},"sameAs":["https:\/\/www.facebook.com\/notibras\/","https:\/\/x.com\/Notibras","https:\/\/www.instagram.com\/notibras\/"]},{"@type":"Person","@id":"https:\/\/www.notibras.com\/site\/#\/schema\/person\/36ab0979449956132d3e5b517ea76ac8","name":"Reda\u00e7\u00e3o","image":{"@type":"ImageObject","inLanguage":"pt-BR","@id":"https:\/\/secure.gravatar.com\/avatar\/e0a867bdedb85fd243eadf09663511f96fc81e0720a4a42581f334ad4303aa6b?s=96&d=mm&r=g","url":"https:\/\/secure.gravatar.com\/avatar\/e0a867bdedb85fd243eadf09663511f96fc81e0720a4a42581f334ad4303aa6b?s=96&d=mm&r=g","contentUrl":"https:\/\/secure.gravatar.com\/avatar\/e0a867bdedb85fd243eadf09663511f96fc81e0720a4a42581f334ad4303aa6b?s=96&d=mm&r=g","caption":"Reda\u00e7\u00e3o"}}]}},"amp_enabled":true,"_links":{"self":[{"href":"https:\/\/www.notibras.com\/site\/wp-json\/wp\/v2\/posts\/37039","targetHints":{"allow":["GET"]}}],"collection":[{"href":"https:\/\/www.notibras.com\/site\/wp-json\/wp\/v2\/posts"}],"about":[{"href":"https:\/\/www.notibras.com\/site\/wp-json\/wp\/v2\/types\/post"}],"author":[{"embeddable":true,"href":"https:\/\/www.notibras.com\/site\/wp-json\/wp\/v2\/users\/2"}],"replies":[{"embeddable":true,"href":"https:\/\/www.notibras.com\/site\/wp-json\/wp\/v2\/comments?post=37039"}],"version-history":[{"count":0,"href":"https:\/\/www.notibras.com\/site\/wp-json\/wp\/v2\/posts\/37039\/revisions"}],"wp:featuredmedia":[{"embeddable":true,"href":"https:\/\/www.notibras.com\/site\/wp-json\/wp\/v2\/media\/37042"}],"wp:attachment":[{"href":"https:\/\/www.notibras.com\/site\/wp-json\/wp\/v2\/media?parent=37039"}],"wp:term":[{"taxonomy":"category","embeddable":true,"href":"https:\/\/www.notibras.com\/site\/wp-json\/wp\/v2\/categories?post=37039"},{"taxonomy":"post_tag","embeddable":true,"href":"https:\/\/www.notibras.com\/site\/wp-json\/wp\/v2\/tags?post=37039"}],"curies":[{"name":"wp","href":"https:\/\/api.w.org\/{rel}","templated":true}]}}