{"id":370428,"date":"2025-11-11T00:12:07","date_gmt":"2025-11-11T03:12:07","guid":{"rendered":"https:\/\/www.notibras.com\/site\/?p=370428"},"modified":"2025-11-11T05:13:59","modified_gmt":"2025-11-11T08:13:59","slug":"lixo-internacional-e-encontrado-novamente-em-praia-potiguar","status":"publish","type":"post","link":"https:\/\/www.notibras.com\/site\/lixo-internacional-e-encontrado-novamente-em-praia-potiguar\/","title":{"rendered":"Lixo internacional \u00e9 encontrado novamente em praia potiguar"},"content":{"rendered":"<p>Res\u00edduos estrangeiros voltaram a ser encontrados nas praias da capital potiguar, reacendendo o alerta sobre a polui\u00e7\u00e3o marinha e a circula\u00e7\u00e3o de lixo pelo oceano. Desta vez, embalagens com inscri\u00e7\u00f5es em outros idiomas, principalmente espanhol e ingl\u00eas, foram recolhidas por banhistas e volunt\u00e1rios na Praia de Ponta Negra.<\/p>\n<p>Entre os itens encontrados estavam garrafas pl\u00e1sticas, r\u00f3tulos de produtos de limpeza, embalagens de salgadinhos e at\u00e9 fragmentos de isopor, muitos deles com marcas conhecidas de outros pa\u00edses da Am\u00e9rica do Sul. Segundo ambientalistas, o fen\u00f4meno ocorre devido \u00e0s correntes mar\u00edtimas que transportam res\u00edduos descartados em alto-mar ou em litorais de pa\u00edses vizinhos.<\/p>\n<p>\u201cEsses materiais podem viajar milhares de quil\u00f4metros antes de chegar \u00e0s nossas praias. \u00c9 um problema global que afeta especialmente regi\u00f5es costeiras como a nossa\u201d, explicou a bi\u00f3loga marinha Carla Menezes, integrante do projeto Mar Limpo RN.<\/p>\n<p>A Secretaria Municipal de Meio Ambiente e Urbanismo (Semurb) informou que equipes de limpeza intensificaram o recolhimento do lixo e refor\u00e7aram o monitoramento da \u00e1rea. A pasta tamb\u00e9m destacou a import\u00e2ncia da conscientiza\u00e7\u00e3o dos frequentadores locais, j\u00e1 que boa parte do lixo encontrado ainda \u00e9 de origem nacional.<\/p>\n<p>O reaparecimento de res\u00edduos internacionais nas praias de Natal n\u00e3o \u00e9 um caso isolado. Em anos anteriores, materiais provenientes de outros pa\u00edses j\u00e1 haviam sido identificados no litoral do Rio Grande do Norte, incluindo restos de \u00f3leo e embalagens vindas da \u00c1frica e do Caribe.<\/p>\n<p>Organiza\u00e7\u00f5es ambientais refor\u00e7am que o problema exige coopera\u00e7\u00e3o internacional e pol\u00edticas mais r\u00edgidas de descarte de res\u00edduos. \u201cEnquanto o mundo n\u00e3o tratar o oceano como um bem comum, continuaremos vendo esse tipo de situa\u00e7\u00e3o se repetir\u201d, concluiu Carla.<\/p>\n","protected":false},"excerpt":{"rendered":"<p>Res\u00edduos estrangeiros voltaram a ser encontrados nas praias da capital potiguar, reacendendo o alerta sobre a polui\u00e7\u00e3o marinha e a circula\u00e7\u00e3o de lixo pelo oceano. Desta vez, embalagens com inscri\u00e7\u00f5es em outros idiomas, principalmente espanhol e ingl\u00eas, foram recolhidas por banhistas e volunt\u00e1rios na Praia de Ponta Negra. Entre os itens encontrados estavam garrafas pl\u00e1sticas, [&hellip;]<\/p>\n","protected":false},"author":2,"featured_media":370429,"comment_status":"closed","ping_status":"closed","sticky":false,"template":"","format":"standard","meta":{"_acf_changed":false,"footnotes":""},"categories":[165],"tags":[],"class_list":["post-370428","post","type-post","status-publish","format-standard","has-post-thumbnail","hentry","category-nordeste"],"acf":[],"_links":{"self":[{"href":"https:\/\/www.notibras.com\/site\/wp-json\/wp\/v2\/posts\/370428","targetHints":{"allow":["GET"]}}],"collection":[{"href":"https:\/\/www.notibras.com\/site\/wp-json\/wp\/v2\/posts"}],"about":[{"href":"https:\/\/www.notibras.com\/site\/wp-json\/wp\/v2\/types\/post"}],"author":[{"embeddable":true,"href":"https:\/\/www.notibras.com\/site\/wp-json\/wp\/v2\/users\/2"}],"replies":[{"embeddable":true,"href":"https:\/\/www.notibras.com\/site\/wp-json\/wp\/v2\/comments?post=370428"}],"version-history":[{"count":1,"href":"https:\/\/www.notibras.com\/site\/wp-json\/wp\/v2\/posts\/370428\/revisions"}],"predecessor-version":[{"id":370430,"href":"https:\/\/www.notibras.com\/site\/wp-json\/wp\/v2\/posts\/370428\/revisions\/370430"}],"wp:featuredmedia":[{"embeddable":true,"href":"https:\/\/www.notibras.com\/site\/wp-json\/wp\/v2\/media\/370429"}],"wp:attachment":[{"href":"https:\/\/www.notibras.com\/site\/wp-json\/wp\/v2\/media?parent=370428"}],"wp:term":[{"taxonomy":"category","embeddable":true,"href":"https:\/\/www.notibras.com\/site\/wp-json\/wp\/v2\/categories?post=370428"},{"taxonomy":"post_tag","embeddable":true,"href":"https:\/\/www.notibras.com\/site\/wp-json\/wp\/v2\/tags?post=370428"}],"curies":[{"name":"wp","href":"https:\/\/api.w.org\/{rel}","templated":true}]}}