{"id":370431,"date":"2025-11-11T04:15:09","date_gmt":"2025-11-11T07:15:09","guid":{"rendered":"https:\/\/www.notibras.com\/site\/?p=370431"},"modified":"2025-11-11T05:18:43","modified_gmt":"2025-11-11T08:18:43","slug":"no-sertao-a-fe-e-a-agua-que-nunca-estanca","status":"publish","type":"post","link":"https:\/\/www.notibras.com\/site\/no-sertao-a-fe-e-a-agua-que-nunca-estanca\/","title":{"rendered":"No Sert\u00e3o, a f\u00e9 \u00e9 a \u00e1gua que nunca estanca"},"content":{"rendered":"<p>No sert\u00e3o, onde o sol se deita pesado sobre a terra rachada e o vento carrega a poeira dos dias dif\u00edceis, cada passo \u00e9 uma ora\u00e7\u00e3o silenciosa. Ali, a vida n\u00e3o se aprende nos livros, mas no ch\u00e3o quente, nos olhos do gado, no tempo das chuvas que \u00e0s vezes v\u00eam, \u00e0s vezes n\u00e3o.<\/p>\n<p>Dona Elzenira, com seus p\u00e9s firmes e a f\u00e9 que nunca esmoreceu, sempre dizia que o sert\u00e3o n\u00e3o \u00e9 lugar para quem teme a dureza \u2014 \u00e9 para quem carrega esperan\u00e7a nos bolsos. Cresceu vendo a m\u00e3e acender velas para pedir chuva e o pai abrir valas para tentar guard\u00e1-la.<\/p>\n<p>Cresceu ouvindo que f\u00e9 n\u00e3o \u00e9 esperar sentado, \u00e9 caminhar mesmo quando a estrada parece infinita.<br \/>\nE ela caminhou. Caminhou na seca, caminhou na bonan\u00e7a, caminhou na dor. Levou consigo filhos, hist\u00f3rias, rezas e mem\u00f3rias.<\/p>\n<p>E em cada canto do sert\u00e3o deixou um pouco de si: um sorriso dado a quem precisava, um copo d&#8217;\u00e1gua dividido em tempos de escassez, uma promessa feita no santu\u00e1rio distante que visitava todos os anos.<\/p>\n<p>Hoje, j\u00e1 com o tempo marcando seu rosto, Dona Elzenira senta-se na cal\u00e7ada ao entardecer e observa o c\u00e9u tingir-se de laranja. E sempre repete as mesmas palavras, como quem sabe que a vida \u00e9 simples, mas profunda:<\/p>\n<p>\u2014 No sert\u00e3o, a f\u00e9 \u00e9 a \u00e1gua que nunca seca.<\/p>\n<p>E assim segue sua trajet\u00f3ria \u2014 feita de luta, de sil\u00eancio e de milagres pequenos. Porque no sert\u00e3o, sobreviver j\u00e1 \u00e9 uma gra\u00e7a. E quem vive, vive pela for\u00e7a do cora\u00e7\u00e3o e pela esperan\u00e7a que insiste em nascer, mesmo quando o ch\u00e3o parece \u00e1rido demais.<\/p>\n","protected":false},"excerpt":{"rendered":"<p>No sert\u00e3o, onde o sol se deita pesado sobre a terra rachada e o vento carrega a poeira dos dias dif\u00edceis, cada passo \u00e9 uma ora\u00e7\u00e3o silenciosa. Ali, a vida n\u00e3o se aprende nos livros, mas no ch\u00e3o quente, nos olhos do gado, no tempo das chuvas que \u00e0s vezes v\u00eam, \u00e0s vezes n\u00e3o. Dona [&hellip;]<\/p>\n","protected":false},"author":2,"featured_media":370432,"comment_status":"closed","ping_status":"closed","sticky":false,"template":"","format":"standard","meta":{"_acf_changed":false,"footnotes":""},"categories":[165],"tags":[],"class_list":["post-370431","post","type-post","status-publish","format-standard","has-post-thumbnail","hentry","category-nordeste"],"acf":[],"_links":{"self":[{"href":"https:\/\/www.notibras.com\/site\/wp-json\/wp\/v2\/posts\/370431","targetHints":{"allow":["GET"]}}],"collection":[{"href":"https:\/\/www.notibras.com\/site\/wp-json\/wp\/v2\/posts"}],"about":[{"href":"https:\/\/www.notibras.com\/site\/wp-json\/wp\/v2\/types\/post"}],"author":[{"embeddable":true,"href":"https:\/\/www.notibras.com\/site\/wp-json\/wp\/v2\/users\/2"}],"replies":[{"embeddable":true,"href":"https:\/\/www.notibras.com\/site\/wp-json\/wp\/v2\/comments?post=370431"}],"version-history":[{"count":1,"href":"https:\/\/www.notibras.com\/site\/wp-json\/wp\/v2\/posts\/370431\/revisions"}],"predecessor-version":[{"id":370433,"href":"https:\/\/www.notibras.com\/site\/wp-json\/wp\/v2\/posts\/370431\/revisions\/370433"}],"wp:featuredmedia":[{"embeddable":true,"href":"https:\/\/www.notibras.com\/site\/wp-json\/wp\/v2\/media\/370432"}],"wp:attachment":[{"href":"https:\/\/www.notibras.com\/site\/wp-json\/wp\/v2\/media?parent=370431"}],"wp:term":[{"taxonomy":"category","embeddable":true,"href":"https:\/\/www.notibras.com\/site\/wp-json\/wp\/v2\/categories?post=370431"},{"taxonomy":"post_tag","embeddable":true,"href":"https:\/\/www.notibras.com\/site\/wp-json\/wp\/v2\/tags?post=370431"}],"curies":[{"name":"wp","href":"https:\/\/api.w.org\/{rel}","templated":true}]}}