{"id":370451,"date":"2025-11-11T05:58:19","date_gmt":"2025-11-11T08:58:19","guid":{"rendered":"https:\/\/www.notibras.com\/site\/?p=370451"},"modified":"2025-11-11T05:58:19","modified_gmt":"2025-11-11T08:58:19","slug":"por-que-a-humanidade-precisa-acreditar-em-um-ser-supremo-para-ter-paz","status":"publish","type":"post","link":"https:\/\/www.notibras.com\/site\/por-que-a-humanidade-precisa-acreditar-em-um-ser-supremo-para-ter-paz\/","title":{"rendered":"Por que a humanidade precisa acreditar em um ser Supremo para ter paz?"},"content":{"rendered":"<p data-start=\"589\" data-end=\"932\">Desde que o homem olhou para o c\u00e9u e viu o trov\u00e3o, a chuva e as estrelas, ele come\u00e7ou a perguntar-se: <em data-start=\"691\" data-end=\"701\">por qu\u00ea?<\/em> E dessa pergunta nasceu o sagrado. As religi\u00f5es, em todas as suas formas \u2014 dos cultos solares do Egito \u00e0s igrejas digitais do s\u00e9culo XXI \u2014 s\u00e3o tentativas humanas de traduzir o incompreens\u00edvel, de dar sentido ao que escapa \u00e0 raz\u00e3o.<\/p>\n<p data-start=\"934\" data-end=\"1284\">Apostar na f\u00e9 \u00e9, antes de tudo, um gesto de vulnerabilidade. A humanidade deposita suas esperan\u00e7as em deuses, profetas, santos e energias invis\u00edveis porque teme o vazio. A morte, o sofrimento e a solid\u00e3o s\u00e3o abismos que a ci\u00eancia ainda n\u00e3o preencheu. A religi\u00e3o, nesse contexto, surge como ponte: oferece um significado, uma narrativa e uma promessa.<\/p>\n<p data-start=\"1286\" data-end=\"1586\">Mas h\u00e1 tamb\u00e9m o lado humano da cren\u00e7a. As religi\u00f5es criam comunidade, identidade, pertencimento. O indiv\u00edduo, isolado em sua consci\u00eancia, encontra no templo \u2014 f\u00edsico ou simb\u00f3lico \u2014 um espelho de si mesmo em outros rostos. Cantar, rezar ou meditar em grupo \u00e9 reafirmar que n\u00e3o estamos s\u00f3s no universo.<\/p>\n<p data-start=\"1588\" data-end=\"1893\">Com o tempo, cada cultura moldou sua pr\u00f3pria vers\u00e3o do divino. Uns o chamaram de Jav\u00e9, outros de Al\u00e1, Buda, Oxal\u00e1 ou Energia C\u00f3smica. A multiplicidade das religi\u00f5es talvez revele mais sobre n\u00f3s do que sobre o pr\u00f3prio Deus. Cada f\u00e9 \u00e9 uma linguagem \u2014 imperfeita, mas necess\u00e1ria \u2014 para expressar o indiz\u00edvel.<\/p>\n<p data-start=\"1895\" data-end=\"2135\">No fundo, a humanidade n\u00e3o acredita apenas em deuses. Acredita na esperan\u00e7a de que h\u00e1 algo maior que a dor. E enquanto houver noites escuras e cora\u00e7\u00f5es inquietos, haver\u00e1 algu\u00e9m de joelhos \u2014 n\u00e3o por submiss\u00e3o, mas por necessidade de sentido.<\/p>\n<p data-start=\"1895\" data-end=\"2135\">&#8230;&#8230;&#8230;&#8230;&#8230;&#8230;&#8230;&#8230;.<\/p>\n<p data-start=\"1895\" data-end=\"2135\"><strong>Anabelle Santa&#8217;cruz \u00e9 Editora de Or\u00e1culos<\/strong><\/p>\n","protected":false},"excerpt":{"rendered":"<p>Desde que o homem olhou para o c\u00e9u e viu o trov\u00e3o, a chuva e as estrelas, ele come\u00e7ou a perguntar-se: por qu\u00ea? E dessa pergunta nasceu o sagrado. As religi\u00f5es, em todas as suas formas \u2014 dos cultos solares do Egito \u00e0s igrejas digitais do s\u00e9culo XXI \u2014 s\u00e3o tentativas humanas de traduzir o [&hellip;]<\/p>\n","protected":false},"author":2,"featured_media":370452,"comment_status":"closed","ping_status":"closed","sticky":false,"template":"","format":"standard","meta":{"_acf_changed":false,"footnotes":""},"categories":[237],"tags":[],"class_list":["post-370451","post","type-post","status-publish","format-standard","has-post-thumbnail","hentry","category-oraculos"],"acf":[],"yoast_head":"<!-- This site is optimized with the Yoast SEO plugin v27.2 - https:\/\/yoast.com\/product\/yoast-seo-wordpress\/ -->\n<title>Por que a humanidade precisa acreditar em um ser Supremo para ter paz? - Notibras<\/title>\n<meta name=\"robots\" content=\"index, follow, max-snippet:-1, max-image-preview:large, max-video-preview:-1\" \/>\n<link rel=\"canonical\" href=\"https:\/\/www.notibras.com\/site\/por-que-a-humanidade-precisa-acreditar-em-um-ser-supremo-para-ter-paz\/\" \/>\n<meta property=\"og:locale\" content=\"pt_BR\" \/>\n<meta property=\"og:type\" content=\"article\" \/>\n<meta property=\"og:title\" content=\"Por que a humanidade precisa acreditar em um ser Supremo para ter paz? - Notibras\" \/>\n<meta property=\"og:description\" content=\"Desde que o homem olhou para o c\u00e9u e viu o trov\u00e3o, a chuva e as estrelas, ele come\u00e7ou a perguntar-se: por qu\u00ea? E dessa pergunta nasceu o sagrado. As religi\u00f5es, em todas as suas formas \u2014 dos cultos solares do Egito \u00e0s igrejas digitais do s\u00e9culo XXI \u2014 s\u00e3o tentativas humanas de traduzir o [&hellip;]\" \/>\n<meta property=\"og:url\" content=\"https:\/\/www.notibras.com\/site\/por-que-a-humanidade-precisa-acreditar-em-um-ser-supremo-para-ter-paz\/\" \/>\n<meta property=\"og:site_name\" content=\"Notibras\" \/>\n<meta property=\"article:publisher\" content=\"https:\/\/www.facebook.com\/notibras\/\" \/>\n<meta property=\"article:published_time\" content=\"2025-11-11T08:58:19+00:00\" \/>\n<meta property=\"og:image\" content=\"https:\/\/www.notibras.com\/site\/wp-content\/uploads\/2025\/11\/0a1db747-e2fb-4ea0-a850-08534e6fa504-1024x683.png\" \/>\n\t<meta property=\"og:image:width\" content=\"1024\" \/>\n\t<meta property=\"og:image:height\" content=\"683\" \/>\n\t<meta property=\"og:image:type\" content=\"image\/png\" \/>\n<meta name=\"author\" content=\"Reda\u00e7\u00e3o\" \/>\n<meta name=\"twitter:card\" content=\"summary_large_image\" \/>\n<meta name=\"twitter:creator\" content=\"@Notibras\" \/>\n<meta name=\"twitter:site\" content=\"@Notibras\" \/>\n<meta name=\"twitter:label1\" content=\"Escrito por\" \/>\n\t<meta name=\"twitter:data1\" content=\"Reda\u00e7\u00e3o\" \/>\n\t<meta name=\"twitter:label2\" content=\"Est. tempo de leitura\" \/>\n\t<meta name=\"twitter:data2\" content=\"2 minutos\" \/>\n<script type=\"application\/ld+json\" class=\"yoast-schema-graph\">{\"@context\":\"https:\/\/schema.org\",\"@graph\":[{\"@type\":\"Article\",\"@id\":\"https:\/\/www.notibras.com\/site\/por-que-a-humanidade-precisa-acreditar-em-um-ser-supremo-para-ter-paz\/#article\",\"isPartOf\":{\"@id\":\"https:\/\/www.notibras.com\/site\/por-que-a-humanidade-precisa-acreditar-em-um-ser-supremo-para-ter-paz\/\"},\"author\":{\"name\":\"Reda\u00e7\u00e3o\",\"@id\":\"https:\/\/www.notibras.com\/site\/#\/schema\/person\/36ab0979449956132d3e5b517ea76ac8\"},\"headline\":\"Por que a humanidade precisa acreditar em um ser Supremo para ter paz?\",\"datePublished\":\"2025-11-11T08:58:19+00:00\",\"mainEntityOfPage\":{\"@id\":\"https:\/\/www.notibras.com\/site\/por-que-a-humanidade-precisa-acreditar-em-um-ser-supremo-para-ter-paz\/\"},\"wordCount\":311,\"publisher\":{\"@id\":\"https:\/\/www.notibras.com\/site\/#organization\"},\"image\":{\"@id\":\"https:\/\/www.notibras.com\/site\/por-que-a-humanidade-precisa-acreditar-em-um-ser-supremo-para-ter-paz\/#primaryimage\"},\"thumbnailUrl\":\"https:\/\/www.notibras.com\/site\/wp-content\/uploads\/2025\/11\/0a1db747-e2fb-4ea0-a850-08534e6fa504.png\",\"articleSection\":[\"Or\u00e1culos\"],\"inLanguage\":\"pt-BR\"},{\"@type\":\"WebPage\",\"@id\":\"https:\/\/www.notibras.com\/site\/por-que-a-humanidade-precisa-acreditar-em-um-ser-supremo-para-ter-paz\/\",\"url\":\"https:\/\/www.notibras.com\/site\/por-que-a-humanidade-precisa-acreditar-em-um-ser-supremo-para-ter-paz\/\",\"name\":\"Por que a humanidade precisa acreditar em um ser Supremo para ter paz? - Notibras\",\"isPartOf\":{\"@id\":\"https:\/\/www.notibras.com\/site\/#website\"},\"primaryImageOfPage\":{\"@id\":\"https:\/\/www.notibras.com\/site\/por-que-a-humanidade-precisa-acreditar-em-um-ser-supremo-para-ter-paz\/#primaryimage\"},\"image\":{\"@id\":\"https:\/\/www.notibras.com\/site\/por-que-a-humanidade-precisa-acreditar-em-um-ser-supremo-para-ter-paz\/#primaryimage\"},\"thumbnailUrl\":\"https:\/\/www.notibras.com\/site\/wp-content\/uploads\/2025\/11\/0a1db747-e2fb-4ea0-a850-08534e6fa504.png\",\"datePublished\":\"2025-11-11T08:58:19+00:00\",\"breadcrumb\":{\"@id\":\"https:\/\/www.notibras.com\/site\/por-que-a-humanidade-precisa-acreditar-em-um-ser-supremo-para-ter-paz\/#breadcrumb\"},\"inLanguage\":\"pt-BR\",\"potentialAction\":[{\"@type\":\"ReadAction\",\"target\":[\"https:\/\/www.notibras.com\/site\/por-que-a-humanidade-precisa-acreditar-em-um-ser-supremo-para-ter-paz\/\"]}]},{\"@type\":\"ImageObject\",\"inLanguage\":\"pt-BR\",\"@id\":\"https:\/\/www.notibras.com\/site\/por-que-a-humanidade-precisa-acreditar-em-um-ser-supremo-para-ter-paz\/#primaryimage\",\"url\":\"https:\/\/www.notibras.com\/site\/wp-content\/uploads\/2025\/11\/0a1db747-e2fb-4ea0-a850-08534e6fa504.png\",\"contentUrl\":\"https:\/\/www.notibras.com\/site\/wp-content\/uploads\/2025\/11\/0a1db747-e2fb-4ea0-a850-08534e6fa504.png\",\"width\":1536,\"height\":1024},{\"@type\":\"BreadcrumbList\",\"@id\":\"https:\/\/www.notibras.com\/site\/por-que-a-humanidade-precisa-acreditar-em-um-ser-supremo-para-ter-paz\/#breadcrumb\",\"itemListElement\":[{\"@type\":\"ListItem\",\"position\":1,\"name\":\"In\u00edcio\",\"item\":\"https:\/\/www.notibras.com\/site\/\"},{\"@type\":\"ListItem\",\"position\":2,\"name\":\"Por que a humanidade precisa acreditar em um ser Supremo para ter paz?\"}]},{\"@type\":\"WebSite\",\"@id\":\"https:\/\/www.notibras.com\/site\/#website\",\"url\":\"https:\/\/www.notibras.com\/site\/\",\"name\":\"Notibras\",\"description\":\"Not\u00edcias de Bras\u00edlia, do Brasil e do Mundo\",\"publisher\":{\"@id\":\"https:\/\/www.notibras.com\/site\/#organization\"},\"potentialAction\":[{\"@type\":\"SearchAction\",\"target\":{\"@type\":\"EntryPoint\",\"urlTemplate\":\"https:\/\/www.notibras.com\/site\/?s={search_term_string}\"},\"query-input\":{\"@type\":\"PropertyValueSpecification\",\"valueRequired\":true,\"valueName\":\"search_term_string\"}}],\"inLanguage\":\"pt-BR\"},{\"@type\":\"Organization\",\"@id\":\"https:\/\/www.notibras.com\/site\/#organization\",\"name\":\"Grupo Notibras de Comunica\u00e7\u00e3o\",\"url\":\"https:\/\/www.notibras.com\/site\/\",\"logo\":{\"@type\":\"ImageObject\",\"inLanguage\":\"pt-BR\",\"@id\":\"https:\/\/www.notibras.com\/site\/#\/schema\/logo\/image\/\",\"url\":\"https:\/\/www.notibras.com\/site\/wp-content\/uploads\/2023\/01\/notibras23.png\",\"contentUrl\":\"https:\/\/www.notibras.com\/site\/wp-content\/uploads\/2023\/01\/notibras23.png\",\"width\":350,\"height\":87,\"caption\":\"Grupo Notibras de Comunica\u00e7\u00e3o\"},\"image\":{\"@id\":\"https:\/\/www.notibras.com\/site\/#\/schema\/logo\/image\/\"},\"sameAs\":[\"https:\/\/www.facebook.com\/notibras\/\",\"https:\/\/x.com\/Notibras\",\"https:\/\/www.instagram.com\/notibras\/\"]},{\"@type\":\"Person\",\"@id\":\"https:\/\/www.notibras.com\/site\/#\/schema\/person\/36ab0979449956132d3e5b517ea76ac8\",\"name\":\"Reda\u00e7\u00e3o\",\"image\":{\"@type\":\"ImageObject\",\"inLanguage\":\"pt-BR\",\"@id\":\"https:\/\/secure.gravatar.com\/avatar\/e0a867bdedb85fd243eadf09663511f96fc81e0720a4a42581f334ad4303aa6b?s=96&d=mm&r=g\",\"url\":\"https:\/\/secure.gravatar.com\/avatar\/e0a867bdedb85fd243eadf09663511f96fc81e0720a4a42581f334ad4303aa6b?s=96&d=mm&r=g\",\"contentUrl\":\"https:\/\/secure.gravatar.com\/avatar\/e0a867bdedb85fd243eadf09663511f96fc81e0720a4a42581f334ad4303aa6b?s=96&d=mm&r=g\",\"caption\":\"Reda\u00e7\u00e3o\"}}]}<\/script>\n<!-- \/ Yoast SEO plugin. -->","yoast_head_json":{"title":"Por que a humanidade precisa acreditar em um ser Supremo para ter paz? - Notibras","robots":{"index":"index","follow":"follow","max-snippet":"max-snippet:-1","max-image-preview":"max-image-preview:large","max-video-preview":"max-video-preview:-1"},"canonical":"https:\/\/www.notibras.com\/site\/por-que-a-humanidade-precisa-acreditar-em-um-ser-supremo-para-ter-paz\/","og_locale":"pt_BR","og_type":"article","og_title":"Por que a humanidade precisa acreditar em um ser Supremo para ter paz? - Notibras","og_description":"Desde que o homem olhou para o c\u00e9u e viu o trov\u00e3o, a chuva e as estrelas, ele come\u00e7ou a perguntar-se: por qu\u00ea? E dessa pergunta nasceu o sagrado. As religi\u00f5es, em todas as suas formas \u2014 dos cultos solares do Egito \u00e0s igrejas digitais do s\u00e9culo XXI \u2014 s\u00e3o tentativas humanas de traduzir o [&hellip;]","og_url":"https:\/\/www.notibras.com\/site\/por-que-a-humanidade-precisa-acreditar-em-um-ser-supremo-para-ter-paz\/","og_site_name":"Notibras","article_publisher":"https:\/\/www.facebook.com\/notibras\/","article_published_time":"2025-11-11T08:58:19+00:00","og_image":[{"width":1024,"height":683,"url":"https:\/\/www.notibras.com\/site\/wp-content\/uploads\/2025\/11\/0a1db747-e2fb-4ea0-a850-08534e6fa504-1024x683.png","type":"image\/png"}],"author":"Reda\u00e7\u00e3o","twitter_card":"summary_large_image","twitter_creator":"@Notibras","twitter_site":"@Notibras","twitter_misc":{"Escrito por":"Reda\u00e7\u00e3o","Est. tempo de leitura":"2 minutos"},"schema":{"@context":"https:\/\/schema.org","@graph":[{"@type":"Article","@id":"https:\/\/www.notibras.com\/site\/por-que-a-humanidade-precisa-acreditar-em-um-ser-supremo-para-ter-paz\/#article","isPartOf":{"@id":"https:\/\/www.notibras.com\/site\/por-que-a-humanidade-precisa-acreditar-em-um-ser-supremo-para-ter-paz\/"},"author":{"name":"Reda\u00e7\u00e3o","@id":"https:\/\/www.notibras.com\/site\/#\/schema\/person\/36ab0979449956132d3e5b517ea76ac8"},"headline":"Por que a humanidade precisa acreditar em um ser Supremo para ter paz?","datePublished":"2025-11-11T08:58:19+00:00","mainEntityOfPage":{"@id":"https:\/\/www.notibras.com\/site\/por-que-a-humanidade-precisa-acreditar-em-um-ser-supremo-para-ter-paz\/"},"wordCount":311,"publisher":{"@id":"https:\/\/www.notibras.com\/site\/#organization"},"image":{"@id":"https:\/\/www.notibras.com\/site\/por-que-a-humanidade-precisa-acreditar-em-um-ser-supremo-para-ter-paz\/#primaryimage"},"thumbnailUrl":"https:\/\/www.notibras.com\/site\/wp-content\/uploads\/2025\/11\/0a1db747-e2fb-4ea0-a850-08534e6fa504.png","articleSection":["Or\u00e1culos"],"inLanguage":"pt-BR"},{"@type":"WebPage","@id":"https:\/\/www.notibras.com\/site\/por-que-a-humanidade-precisa-acreditar-em-um-ser-supremo-para-ter-paz\/","url":"https:\/\/www.notibras.com\/site\/por-que-a-humanidade-precisa-acreditar-em-um-ser-supremo-para-ter-paz\/","name":"Por que a humanidade precisa acreditar em um ser Supremo para ter paz? - Notibras","isPartOf":{"@id":"https:\/\/www.notibras.com\/site\/#website"},"primaryImageOfPage":{"@id":"https:\/\/www.notibras.com\/site\/por-que-a-humanidade-precisa-acreditar-em-um-ser-supremo-para-ter-paz\/#primaryimage"},"image":{"@id":"https:\/\/www.notibras.com\/site\/por-que-a-humanidade-precisa-acreditar-em-um-ser-supremo-para-ter-paz\/#primaryimage"},"thumbnailUrl":"https:\/\/www.notibras.com\/site\/wp-content\/uploads\/2025\/11\/0a1db747-e2fb-4ea0-a850-08534e6fa504.png","datePublished":"2025-11-11T08:58:19+00:00","breadcrumb":{"@id":"https:\/\/www.notibras.com\/site\/por-que-a-humanidade-precisa-acreditar-em-um-ser-supremo-para-ter-paz\/#breadcrumb"},"inLanguage":"pt-BR","potentialAction":[{"@type":"ReadAction","target":["https:\/\/www.notibras.com\/site\/por-que-a-humanidade-precisa-acreditar-em-um-ser-supremo-para-ter-paz\/"]}]},{"@type":"ImageObject","inLanguage":"pt-BR","@id":"https:\/\/www.notibras.com\/site\/por-que-a-humanidade-precisa-acreditar-em-um-ser-supremo-para-ter-paz\/#primaryimage","url":"https:\/\/www.notibras.com\/site\/wp-content\/uploads\/2025\/11\/0a1db747-e2fb-4ea0-a850-08534e6fa504.png","contentUrl":"https:\/\/www.notibras.com\/site\/wp-content\/uploads\/2025\/11\/0a1db747-e2fb-4ea0-a850-08534e6fa504.png","width":1536,"height":1024},{"@type":"BreadcrumbList","@id":"https:\/\/www.notibras.com\/site\/por-que-a-humanidade-precisa-acreditar-em-um-ser-supremo-para-ter-paz\/#breadcrumb","itemListElement":[{"@type":"ListItem","position":1,"name":"In\u00edcio","item":"https:\/\/www.notibras.com\/site\/"},{"@type":"ListItem","position":2,"name":"Por que a humanidade precisa acreditar em um ser Supremo para ter paz?"}]},{"@type":"WebSite","@id":"https:\/\/www.notibras.com\/site\/#website","url":"https:\/\/www.notibras.com\/site\/","name":"Notibras","description":"Not\u00edcias de Bras\u00edlia, do Brasil e do Mundo","publisher":{"@id":"https:\/\/www.notibras.com\/site\/#organization"},"potentialAction":[{"@type":"SearchAction","target":{"@type":"EntryPoint","urlTemplate":"https:\/\/www.notibras.com\/site\/?s={search_term_string}"},"query-input":{"@type":"PropertyValueSpecification","valueRequired":true,"valueName":"search_term_string"}}],"inLanguage":"pt-BR"},{"@type":"Organization","@id":"https:\/\/www.notibras.com\/site\/#organization","name":"Grupo Notibras de Comunica\u00e7\u00e3o","url":"https:\/\/www.notibras.com\/site\/","logo":{"@type":"ImageObject","inLanguage":"pt-BR","@id":"https:\/\/www.notibras.com\/site\/#\/schema\/logo\/image\/","url":"https:\/\/www.notibras.com\/site\/wp-content\/uploads\/2023\/01\/notibras23.png","contentUrl":"https:\/\/www.notibras.com\/site\/wp-content\/uploads\/2023\/01\/notibras23.png","width":350,"height":87,"caption":"Grupo Notibras de Comunica\u00e7\u00e3o"},"image":{"@id":"https:\/\/www.notibras.com\/site\/#\/schema\/logo\/image\/"},"sameAs":["https:\/\/www.facebook.com\/notibras\/","https:\/\/x.com\/Notibras","https:\/\/www.instagram.com\/notibras\/"]},{"@type":"Person","@id":"https:\/\/www.notibras.com\/site\/#\/schema\/person\/36ab0979449956132d3e5b517ea76ac8","name":"Reda\u00e7\u00e3o","image":{"@type":"ImageObject","inLanguage":"pt-BR","@id":"https:\/\/secure.gravatar.com\/avatar\/e0a867bdedb85fd243eadf09663511f96fc81e0720a4a42581f334ad4303aa6b?s=96&d=mm&r=g","url":"https:\/\/secure.gravatar.com\/avatar\/e0a867bdedb85fd243eadf09663511f96fc81e0720a4a42581f334ad4303aa6b?s=96&d=mm&r=g","contentUrl":"https:\/\/secure.gravatar.com\/avatar\/e0a867bdedb85fd243eadf09663511f96fc81e0720a4a42581f334ad4303aa6b?s=96&d=mm&r=g","caption":"Reda\u00e7\u00e3o"}}]}},"amp_enabled":true,"_links":{"self":[{"href":"https:\/\/www.notibras.com\/site\/wp-json\/wp\/v2\/posts\/370451","targetHints":{"allow":["GET"]}}],"collection":[{"href":"https:\/\/www.notibras.com\/site\/wp-json\/wp\/v2\/posts"}],"about":[{"href":"https:\/\/www.notibras.com\/site\/wp-json\/wp\/v2\/types\/post"}],"author":[{"embeddable":true,"href":"https:\/\/www.notibras.com\/site\/wp-json\/wp\/v2\/users\/2"}],"replies":[{"embeddable":true,"href":"https:\/\/www.notibras.com\/site\/wp-json\/wp\/v2\/comments?post=370451"}],"version-history":[{"count":1,"href":"https:\/\/www.notibras.com\/site\/wp-json\/wp\/v2\/posts\/370451\/revisions"}],"predecessor-version":[{"id":370453,"href":"https:\/\/www.notibras.com\/site\/wp-json\/wp\/v2\/posts\/370451\/revisions\/370453"}],"wp:featuredmedia":[{"embeddable":true,"href":"https:\/\/www.notibras.com\/site\/wp-json\/wp\/v2\/media\/370452"}],"wp:attachment":[{"href":"https:\/\/www.notibras.com\/site\/wp-json\/wp\/v2\/media?parent=370451"}],"wp:term":[{"taxonomy":"category","embeddable":true,"href":"https:\/\/www.notibras.com\/site\/wp-json\/wp\/v2\/categories?post=370451"},{"taxonomy":"post_tag","embeddable":true,"href":"https:\/\/www.notibras.com\/site\/wp-json\/wp\/v2\/tags?post=370451"}],"curies":[{"name":"wp","href":"https:\/\/api.w.org\/{rel}","templated":true}]}}