{"id":370476,"date":"2025-11-11T15:27:07","date_gmt":"2025-11-11T18:27:07","guid":{"rendered":"https:\/\/www.notibras.com\/site\/?p=370476"},"modified":"2025-11-11T16:28:42","modified_gmt":"2025-11-11T19:28:42","slug":"combate-ao-crime-organizado-como-quer-oposicao-beneficiara-bandidos","status":"publish","type":"post","link":"https:\/\/www.notibras.com\/site\/combate-ao-crime-organizado-como-quer-oposicao-beneficiara-bandidos\/","title":{"rendered":"Combate ao crime organizado, como quer oposi\u00e7\u00e3o, beneficiar\u00e1 bandidos"},"content":{"rendered":"<p>No momento em que negociadores diplom\u00e1ticos do mundo inteiro est\u00e3o reunidos no Brasil para discutir a pauta de mudan\u00e7as clim\u00e1ticas, o conte\u00fado do projeto de lei Antifac\u00e7\u00e3o, em tramita\u00e7\u00e3o na C\u00e2mara dos Deputados, poderia causar um impacto muito negativo na atua\u00e7\u00e3o da Pol\u00edcia Federal (PF) no combate a delitos ambientais vinculados ao crime organizado, como o garimpo e o tr\u00e1fico de drogas na Amaz\u00f4nia. \u00c9 o que aponta o diretor de Amaz\u00f4nia e Meio Ambiente da PF, Humberto Freire de Barros.<\/p>\n<p>&#8220;No momento em que o mundo inteiro est\u00e1 trabalhando a cria\u00e7\u00e3o de novas parcerias, em que o pr\u00f3prio Brasil criou o Centro de Coopera\u00e7\u00e3o Policial Internacional da Amaz\u00f4nia, o CCIP Amaz\u00f4nia, \u00e9 surpreendente que a gente tenha uma proposta que busque excluir a Pol\u00edcia Federal de certas investiga\u00e7\u00f5es e de certas atribui\u00e7\u00f5es&#8221;, disse o delegado, enquanto circulava pelos corredores da 30\u00aa Confer\u00eancia das Na\u00e7\u00f5es Unidas sobre Mudan\u00e7as Clim\u00e1ticas (COP30), em Bel\u00e9m, na tarde desta ter\u00e7a-feira (11).<\/p>\n<p>Parecer do deputado Guilherme Derrite (PP-SP), relator do projeto, condicionou as investiga\u00e7\u00f5es conjuntas da Pol\u00edcia Federal com for\u00e7as estaduais sobre crimes relacionados a fac\u00e7\u00f5es criminosas a um pedido formal do governador. Derrite, que ocupava o cargo de secret\u00e1rio de Seguran\u00e7a P\u00fablica de S\u00e3o Paulo, na gest\u00e3o Tarc\u00edsio de Freitas, se licenciou do cargo para \u00e0 C\u00e2mara justamente para atuar nessa relatoria. Ap\u00f3s press\u00f5es, ele recuou e modificou o artigo 11 do texto para permitir que a PF fa\u00e7a opera\u00e7\u00f5es conjuntas com as policias estaduais sem a necessidade de aval do governador.<\/p>\n<p>&#8220;Com certeza [a restri\u00e7\u00e3o se aplicaria a crimes ambientais] porque condicionaria a Pol\u00edcia Federal a investigar garimpo ilegal, extra\u00e7\u00e3o de madeira, em determinado determinados estados da Amaz\u00f4nia Legal, ao pedido desse estado&#8221;, observou Freire Barros. &#8220;Isso \u00e9 inconceb\u00edvel&#8221;, acrescentou.<\/p>\n<p>Especialistas, o governo e a pr\u00f3pria PF argumentaram que o primeiro texto do relator era inconstitucional, por condicionar opera\u00e7\u00f5es conjuntas da PF com for\u00e7as estaduais a uma provoca\u00e7\u00e3o do governador, retirando atribui\u00e7\u00f5es da organiza\u00e7\u00e3o, ligada \u00e0 Uni\u00e3o.<\/p>\n<p>A repercuss\u00e3o do caso levou o presidente da C\u00e2mara dos Deputados, Hugo Motta (Republicanos-PB), que foi quem indicou Derrite para relatar o projeto de lei, a descartar qualquer altera\u00e7\u00e3o que prejudique a autonomia de investiga\u00e7\u00e3o pela PF.<\/p>\n<p>Criada em 2023, a Diretoria de Amaz\u00f4nia e Meio Ambiente da PF buscou priorizar e intensificar o combate ao crime organizado na regi\u00e3o e aos crimes ambientais.<\/p>\n<p>&#8220;Conseguimos formatar uma grande parceria, um impacto realmente para prote\u00e7\u00e3o da Pan Amaz\u00f4nia, combatendo para isso os crimes ambientais que infelizmente se fortaleceram em um per\u00edodo recente. O min\u00e9rio ilegal se instalou na Amaz\u00f4nia, a retirada de madeira, grilagem de terra e a gente desencadeou, com o Plano Amas, as a\u00e7\u00f5es para reverter ver tudo isso&#8221;, destacou o diretor.<\/p>\n<p>Freire Barros enfatizou que o foco da PF \u00e9 principalmente o trabalho de intelig\u00eancia, para desmantelar o comando e o financiamento do garimpo ilegal e outros crimes associados, como desmatamento e extra\u00e7\u00e3o ilegal de madeira.<\/p>\n","protected":false},"excerpt":{"rendered":"<p>No momento em que negociadores diplom\u00e1ticos do mundo inteiro est\u00e3o reunidos no Brasil para discutir a pauta de mudan\u00e7as clim\u00e1ticas, o conte\u00fado do projeto de lei Antifac\u00e7\u00e3o, em tramita\u00e7\u00e3o na C\u00e2mara dos Deputados, poderia causar um impacto muito negativo na atua\u00e7\u00e3o da Pol\u00edcia Federal (PF) no combate a delitos ambientais vinculados ao crime organizado, como [&hellip;]<\/p>\n","protected":false},"author":2,"featured_media":370477,"comment_status":"closed","ping_status":"closed","sticky":false,"template":"","format":"standard","meta":{"_acf_changed":false,"footnotes":""},"categories":[16],"tags":[95],"class_list":["post-370476","post","type-post","status-publish","format-standard","has-post-thumbnail","hentry","category-brasil","tag-capa"],"acf":[],"yoast_head":"<!-- This site is optimized with the Yoast SEO plugin v27.2 - https:\/\/yoast.com\/product\/yoast-seo-wordpress\/ -->\n<title>Combate ao crime organizado, como quer oposi\u00e7\u00e3o, beneficiar\u00e1 bandidos - Notibras<\/title>\n<meta name=\"robots\" content=\"index, follow, max-snippet:-1, max-image-preview:large, max-video-preview:-1\" \/>\n<link rel=\"canonical\" href=\"https:\/\/www.notibras.com\/site\/combate-ao-crime-organizado-como-quer-oposicao-beneficiara-bandidos\/\" \/>\n<meta property=\"og:locale\" content=\"pt_BR\" \/>\n<meta property=\"og:type\" content=\"article\" \/>\n<meta property=\"og:title\" content=\"Combate ao crime organizado, como quer oposi\u00e7\u00e3o, beneficiar\u00e1 bandidos - Notibras\" \/>\n<meta property=\"og:description\" content=\"No momento em que negociadores diplom\u00e1ticos do mundo inteiro est\u00e3o reunidos no Brasil para discutir a pauta de mudan\u00e7as clim\u00e1ticas, o conte\u00fado do projeto de lei Antifac\u00e7\u00e3o, em tramita\u00e7\u00e3o na C\u00e2mara dos Deputados, poderia causar um impacto muito negativo na atua\u00e7\u00e3o da Pol\u00edcia Federal (PF) no combate a delitos ambientais vinculados ao crime organizado, como [&hellip;]\" \/>\n<meta property=\"og:url\" content=\"https:\/\/www.notibras.com\/site\/combate-ao-crime-organizado-como-quer-oposicao-beneficiara-bandidos\/\" \/>\n<meta property=\"og:site_name\" content=\"Notibras\" \/>\n<meta property=\"article:publisher\" content=\"https:\/\/www.facebook.com\/notibras\/\" \/>\n<meta property=\"article:published_time\" content=\"2025-11-11T18:27:07+00:00\" \/>\n<meta property=\"article:modified_time\" content=\"2025-11-11T19:28:42+00:00\" \/>\n<meta property=\"og:image\" content=\"https:\/\/www.notibras.com\/site\/wp-content\/uploads\/2025\/11\/rbr2239.webp\" \/>\n\t<meta property=\"og:image:width\" content=\"1170\" \/>\n\t<meta property=\"og:image:height\" content=\"700\" \/>\n\t<meta property=\"og:image:type\" content=\"image\/webp\" \/>\n<meta name=\"author\" content=\"Reda\u00e7\u00e3o\" \/>\n<meta name=\"twitter:card\" content=\"summary_large_image\" \/>\n<meta name=\"twitter:creator\" content=\"@Notibras\" \/>\n<meta name=\"twitter:site\" content=\"@Notibras\" \/>\n<meta name=\"twitter:label1\" content=\"Escrito por\" \/>\n\t<meta name=\"twitter:data1\" content=\"Reda\u00e7\u00e3o\" \/>\n\t<meta name=\"twitter:label2\" content=\"Est. tempo de leitura\" \/>\n\t<meta name=\"twitter:data2\" content=\"3 minutos\" \/>\n<script type=\"application\/ld+json\" class=\"yoast-schema-graph\">{\"@context\":\"https:\/\/schema.org\",\"@graph\":[{\"@type\":\"Article\",\"@id\":\"https:\/\/www.notibras.com\/site\/combate-ao-crime-organizado-como-quer-oposicao-beneficiara-bandidos\/#article\",\"isPartOf\":{\"@id\":\"https:\/\/www.notibras.com\/site\/combate-ao-crime-organizado-como-quer-oposicao-beneficiara-bandidos\/\"},\"author\":{\"name\":\"Reda\u00e7\u00e3o\",\"@id\":\"https:\/\/www.notibras.com\/site\/#\/schema\/person\/36ab0979449956132d3e5b517ea76ac8\"},\"headline\":\"Combate ao crime organizado, como quer oposi\u00e7\u00e3o, beneficiar\u00e1 bandidos\",\"datePublished\":\"2025-11-11T18:27:07+00:00\",\"dateModified\":\"2025-11-11T19:28:42+00:00\",\"mainEntityOfPage\":{\"@id\":\"https:\/\/www.notibras.com\/site\/combate-ao-crime-organizado-como-quer-oposicao-beneficiara-bandidos\/\"},\"wordCount\":550,\"publisher\":{\"@id\":\"https:\/\/www.notibras.com\/site\/#organization\"},\"image\":{\"@id\":\"https:\/\/www.notibras.com\/site\/combate-ao-crime-organizado-como-quer-oposicao-beneficiara-bandidos\/#primaryimage\"},\"thumbnailUrl\":\"https:\/\/www.notibras.com\/site\/wp-content\/uploads\/2025\/11\/rbr2239.webp\",\"keywords\":[\"capa\"],\"articleSection\":[\"Brasil\"],\"inLanguage\":\"pt-BR\"},{\"@type\":\"WebPage\",\"@id\":\"https:\/\/www.notibras.com\/site\/combate-ao-crime-organizado-como-quer-oposicao-beneficiara-bandidos\/\",\"url\":\"https:\/\/www.notibras.com\/site\/combate-ao-crime-organizado-como-quer-oposicao-beneficiara-bandidos\/\",\"name\":\"Combate ao crime organizado, como quer oposi\u00e7\u00e3o, beneficiar\u00e1 bandidos - Notibras\",\"isPartOf\":{\"@id\":\"https:\/\/www.notibras.com\/site\/#website\"},\"primaryImageOfPage\":{\"@id\":\"https:\/\/www.notibras.com\/site\/combate-ao-crime-organizado-como-quer-oposicao-beneficiara-bandidos\/#primaryimage\"},\"image\":{\"@id\":\"https:\/\/www.notibras.com\/site\/combate-ao-crime-organizado-como-quer-oposicao-beneficiara-bandidos\/#primaryimage\"},\"thumbnailUrl\":\"https:\/\/www.notibras.com\/site\/wp-content\/uploads\/2025\/11\/rbr2239.webp\",\"datePublished\":\"2025-11-11T18:27:07+00:00\",\"dateModified\":\"2025-11-11T19:28:42+00:00\",\"breadcrumb\":{\"@id\":\"https:\/\/www.notibras.com\/site\/combate-ao-crime-organizado-como-quer-oposicao-beneficiara-bandidos\/#breadcrumb\"},\"inLanguage\":\"pt-BR\",\"potentialAction\":[{\"@type\":\"ReadAction\",\"target\":[\"https:\/\/www.notibras.com\/site\/combate-ao-crime-organizado-como-quer-oposicao-beneficiara-bandidos\/\"]}]},{\"@type\":\"ImageObject\",\"inLanguage\":\"pt-BR\",\"@id\":\"https:\/\/www.notibras.com\/site\/combate-ao-crime-organizado-como-quer-oposicao-beneficiara-bandidos\/#primaryimage\",\"url\":\"https:\/\/www.notibras.com\/site\/wp-content\/uploads\/2025\/11\/rbr2239.webp\",\"contentUrl\":\"https:\/\/www.notibras.com\/site\/wp-content\/uploads\/2025\/11\/rbr2239.webp\",\"width\":1170,\"height\":700},{\"@type\":\"BreadcrumbList\",\"@id\":\"https:\/\/www.notibras.com\/site\/combate-ao-crime-organizado-como-quer-oposicao-beneficiara-bandidos\/#breadcrumb\",\"itemListElement\":[{\"@type\":\"ListItem\",\"position\":1,\"name\":\"In\u00edcio\",\"item\":\"https:\/\/www.notibras.com\/site\/\"},{\"@type\":\"ListItem\",\"position\":2,\"name\":\"Combate ao crime organizado, como quer oposi\u00e7\u00e3o, beneficiar\u00e1 bandidos\"}]},{\"@type\":\"WebSite\",\"@id\":\"https:\/\/www.notibras.com\/site\/#website\",\"url\":\"https:\/\/www.notibras.com\/site\/\",\"name\":\"Notibras\",\"description\":\"Not\u00edcias de Bras\u00edlia, do Brasil e do Mundo\",\"publisher\":{\"@id\":\"https:\/\/www.notibras.com\/site\/#organization\"},\"potentialAction\":[{\"@type\":\"SearchAction\",\"target\":{\"@type\":\"EntryPoint\",\"urlTemplate\":\"https:\/\/www.notibras.com\/site\/?s={search_term_string}\"},\"query-input\":{\"@type\":\"PropertyValueSpecification\",\"valueRequired\":true,\"valueName\":\"search_term_string\"}}],\"inLanguage\":\"pt-BR\"},{\"@type\":\"Organization\",\"@id\":\"https:\/\/www.notibras.com\/site\/#organization\",\"name\":\"Grupo Notibras de Comunica\u00e7\u00e3o\",\"url\":\"https:\/\/www.notibras.com\/site\/\",\"logo\":{\"@type\":\"ImageObject\",\"inLanguage\":\"pt-BR\",\"@id\":\"https:\/\/www.notibras.com\/site\/#\/schema\/logo\/image\/\",\"url\":\"https:\/\/www.notibras.com\/site\/wp-content\/uploads\/2023\/01\/notibras23.png\",\"contentUrl\":\"https:\/\/www.notibras.com\/site\/wp-content\/uploads\/2023\/01\/notibras23.png\",\"width\":350,\"height\":87,\"caption\":\"Grupo Notibras de Comunica\u00e7\u00e3o\"},\"image\":{\"@id\":\"https:\/\/www.notibras.com\/site\/#\/schema\/logo\/image\/\"},\"sameAs\":[\"https:\/\/www.facebook.com\/notibras\/\",\"https:\/\/x.com\/Notibras\",\"https:\/\/www.instagram.com\/notibras\/\"]},{\"@type\":\"Person\",\"@id\":\"https:\/\/www.notibras.com\/site\/#\/schema\/person\/36ab0979449956132d3e5b517ea76ac8\",\"name\":\"Reda\u00e7\u00e3o\",\"image\":{\"@type\":\"ImageObject\",\"inLanguage\":\"pt-BR\",\"@id\":\"https:\/\/secure.gravatar.com\/avatar\/e0a867bdedb85fd243eadf09663511f96fc81e0720a4a42581f334ad4303aa6b?s=96&d=mm&r=g\",\"url\":\"https:\/\/secure.gravatar.com\/avatar\/e0a867bdedb85fd243eadf09663511f96fc81e0720a4a42581f334ad4303aa6b?s=96&d=mm&r=g\",\"contentUrl\":\"https:\/\/secure.gravatar.com\/avatar\/e0a867bdedb85fd243eadf09663511f96fc81e0720a4a42581f334ad4303aa6b?s=96&d=mm&r=g\",\"caption\":\"Reda\u00e7\u00e3o\"}}]}<\/script>\n<!-- \/ Yoast SEO plugin. -->","yoast_head_json":{"title":"Combate ao crime organizado, como quer oposi\u00e7\u00e3o, beneficiar\u00e1 bandidos - Notibras","robots":{"index":"index","follow":"follow","max-snippet":"max-snippet:-1","max-image-preview":"max-image-preview:large","max-video-preview":"max-video-preview:-1"},"canonical":"https:\/\/www.notibras.com\/site\/combate-ao-crime-organizado-como-quer-oposicao-beneficiara-bandidos\/","og_locale":"pt_BR","og_type":"article","og_title":"Combate ao crime organizado, como quer oposi\u00e7\u00e3o, beneficiar\u00e1 bandidos - Notibras","og_description":"No momento em que negociadores diplom\u00e1ticos do mundo inteiro est\u00e3o reunidos no Brasil para discutir a pauta de mudan\u00e7as clim\u00e1ticas, o conte\u00fado do projeto de lei Antifac\u00e7\u00e3o, em tramita\u00e7\u00e3o na C\u00e2mara dos Deputados, poderia causar um impacto muito negativo na atua\u00e7\u00e3o da Pol\u00edcia Federal (PF) no combate a delitos ambientais vinculados ao crime organizado, como [&hellip;]","og_url":"https:\/\/www.notibras.com\/site\/combate-ao-crime-organizado-como-quer-oposicao-beneficiara-bandidos\/","og_site_name":"Notibras","article_publisher":"https:\/\/www.facebook.com\/notibras\/","article_published_time":"2025-11-11T18:27:07+00:00","article_modified_time":"2025-11-11T19:28:42+00:00","og_image":[{"width":1170,"height":700,"url":"https:\/\/www.notibras.com\/site\/wp-content\/uploads\/2025\/11\/rbr2239.webp","type":"image\/webp"}],"author":"Reda\u00e7\u00e3o","twitter_card":"summary_large_image","twitter_creator":"@Notibras","twitter_site":"@Notibras","twitter_misc":{"Escrito por":"Reda\u00e7\u00e3o","Est. tempo de leitura":"3 minutos"},"schema":{"@context":"https:\/\/schema.org","@graph":[{"@type":"Article","@id":"https:\/\/www.notibras.com\/site\/combate-ao-crime-organizado-como-quer-oposicao-beneficiara-bandidos\/#article","isPartOf":{"@id":"https:\/\/www.notibras.com\/site\/combate-ao-crime-organizado-como-quer-oposicao-beneficiara-bandidos\/"},"author":{"name":"Reda\u00e7\u00e3o","@id":"https:\/\/www.notibras.com\/site\/#\/schema\/person\/36ab0979449956132d3e5b517ea76ac8"},"headline":"Combate ao crime organizado, como quer oposi\u00e7\u00e3o, beneficiar\u00e1 bandidos","datePublished":"2025-11-11T18:27:07+00:00","dateModified":"2025-11-11T19:28:42+00:00","mainEntityOfPage":{"@id":"https:\/\/www.notibras.com\/site\/combate-ao-crime-organizado-como-quer-oposicao-beneficiara-bandidos\/"},"wordCount":550,"publisher":{"@id":"https:\/\/www.notibras.com\/site\/#organization"},"image":{"@id":"https:\/\/www.notibras.com\/site\/combate-ao-crime-organizado-como-quer-oposicao-beneficiara-bandidos\/#primaryimage"},"thumbnailUrl":"https:\/\/www.notibras.com\/site\/wp-content\/uploads\/2025\/11\/rbr2239.webp","keywords":["capa"],"articleSection":["Brasil"],"inLanguage":"pt-BR"},{"@type":"WebPage","@id":"https:\/\/www.notibras.com\/site\/combate-ao-crime-organizado-como-quer-oposicao-beneficiara-bandidos\/","url":"https:\/\/www.notibras.com\/site\/combate-ao-crime-organizado-como-quer-oposicao-beneficiara-bandidos\/","name":"Combate ao crime organizado, como quer oposi\u00e7\u00e3o, beneficiar\u00e1 bandidos - Notibras","isPartOf":{"@id":"https:\/\/www.notibras.com\/site\/#website"},"primaryImageOfPage":{"@id":"https:\/\/www.notibras.com\/site\/combate-ao-crime-organizado-como-quer-oposicao-beneficiara-bandidos\/#primaryimage"},"image":{"@id":"https:\/\/www.notibras.com\/site\/combate-ao-crime-organizado-como-quer-oposicao-beneficiara-bandidos\/#primaryimage"},"thumbnailUrl":"https:\/\/www.notibras.com\/site\/wp-content\/uploads\/2025\/11\/rbr2239.webp","datePublished":"2025-11-11T18:27:07+00:00","dateModified":"2025-11-11T19:28:42+00:00","breadcrumb":{"@id":"https:\/\/www.notibras.com\/site\/combate-ao-crime-organizado-como-quer-oposicao-beneficiara-bandidos\/#breadcrumb"},"inLanguage":"pt-BR","potentialAction":[{"@type":"ReadAction","target":["https:\/\/www.notibras.com\/site\/combate-ao-crime-organizado-como-quer-oposicao-beneficiara-bandidos\/"]}]},{"@type":"ImageObject","inLanguage":"pt-BR","@id":"https:\/\/www.notibras.com\/site\/combate-ao-crime-organizado-como-quer-oposicao-beneficiara-bandidos\/#primaryimage","url":"https:\/\/www.notibras.com\/site\/wp-content\/uploads\/2025\/11\/rbr2239.webp","contentUrl":"https:\/\/www.notibras.com\/site\/wp-content\/uploads\/2025\/11\/rbr2239.webp","width":1170,"height":700},{"@type":"BreadcrumbList","@id":"https:\/\/www.notibras.com\/site\/combate-ao-crime-organizado-como-quer-oposicao-beneficiara-bandidos\/#breadcrumb","itemListElement":[{"@type":"ListItem","position":1,"name":"In\u00edcio","item":"https:\/\/www.notibras.com\/site\/"},{"@type":"ListItem","position":2,"name":"Combate ao crime organizado, como quer oposi\u00e7\u00e3o, beneficiar\u00e1 bandidos"}]},{"@type":"WebSite","@id":"https:\/\/www.notibras.com\/site\/#website","url":"https:\/\/www.notibras.com\/site\/","name":"Notibras","description":"Not\u00edcias de Bras\u00edlia, do Brasil e do Mundo","publisher":{"@id":"https:\/\/www.notibras.com\/site\/#organization"},"potentialAction":[{"@type":"SearchAction","target":{"@type":"EntryPoint","urlTemplate":"https:\/\/www.notibras.com\/site\/?s={search_term_string}"},"query-input":{"@type":"PropertyValueSpecification","valueRequired":true,"valueName":"search_term_string"}}],"inLanguage":"pt-BR"},{"@type":"Organization","@id":"https:\/\/www.notibras.com\/site\/#organization","name":"Grupo Notibras de Comunica\u00e7\u00e3o","url":"https:\/\/www.notibras.com\/site\/","logo":{"@type":"ImageObject","inLanguage":"pt-BR","@id":"https:\/\/www.notibras.com\/site\/#\/schema\/logo\/image\/","url":"https:\/\/www.notibras.com\/site\/wp-content\/uploads\/2023\/01\/notibras23.png","contentUrl":"https:\/\/www.notibras.com\/site\/wp-content\/uploads\/2023\/01\/notibras23.png","width":350,"height":87,"caption":"Grupo Notibras de Comunica\u00e7\u00e3o"},"image":{"@id":"https:\/\/www.notibras.com\/site\/#\/schema\/logo\/image\/"},"sameAs":["https:\/\/www.facebook.com\/notibras\/","https:\/\/x.com\/Notibras","https:\/\/www.instagram.com\/notibras\/"]},{"@type":"Person","@id":"https:\/\/www.notibras.com\/site\/#\/schema\/person\/36ab0979449956132d3e5b517ea76ac8","name":"Reda\u00e7\u00e3o","image":{"@type":"ImageObject","inLanguage":"pt-BR","@id":"https:\/\/secure.gravatar.com\/avatar\/e0a867bdedb85fd243eadf09663511f96fc81e0720a4a42581f334ad4303aa6b?s=96&d=mm&r=g","url":"https:\/\/secure.gravatar.com\/avatar\/e0a867bdedb85fd243eadf09663511f96fc81e0720a4a42581f334ad4303aa6b?s=96&d=mm&r=g","contentUrl":"https:\/\/secure.gravatar.com\/avatar\/e0a867bdedb85fd243eadf09663511f96fc81e0720a4a42581f334ad4303aa6b?s=96&d=mm&r=g","caption":"Reda\u00e7\u00e3o"}}]}},"amp_enabled":true,"_links":{"self":[{"href":"https:\/\/www.notibras.com\/site\/wp-json\/wp\/v2\/posts\/370476","targetHints":{"allow":["GET"]}}],"collection":[{"href":"https:\/\/www.notibras.com\/site\/wp-json\/wp\/v2\/posts"}],"about":[{"href":"https:\/\/www.notibras.com\/site\/wp-json\/wp\/v2\/types\/post"}],"author":[{"embeddable":true,"href":"https:\/\/www.notibras.com\/site\/wp-json\/wp\/v2\/users\/2"}],"replies":[{"embeddable":true,"href":"https:\/\/www.notibras.com\/site\/wp-json\/wp\/v2\/comments?post=370476"}],"version-history":[{"count":1,"href":"https:\/\/www.notibras.com\/site\/wp-json\/wp\/v2\/posts\/370476\/revisions"}],"predecessor-version":[{"id":370478,"href":"https:\/\/www.notibras.com\/site\/wp-json\/wp\/v2\/posts\/370476\/revisions\/370478"}],"wp:featuredmedia":[{"embeddable":true,"href":"https:\/\/www.notibras.com\/site\/wp-json\/wp\/v2\/media\/370477"}],"wp:attachment":[{"href":"https:\/\/www.notibras.com\/site\/wp-json\/wp\/v2\/media?parent=370476"}],"wp:term":[{"taxonomy":"category","embeddable":true,"href":"https:\/\/www.notibras.com\/site\/wp-json\/wp\/v2\/categories?post=370476"},{"taxonomy":"post_tag","embeddable":true,"href":"https:\/\/www.notibras.com\/site\/wp-json\/wp\/v2\/tags?post=370476"}],"curies":[{"name":"wp","href":"https:\/\/api.w.org\/{rel}","templated":true}]}}