{"id":37049,"date":"2015-02-14T04:44:02","date_gmt":"2015-02-14T07:44:02","guid":{"rendered":"http:\/\/www.notibras.com\/site\/?p=37049"},"modified":"2015-02-14T09:47:13","modified_gmt":"2015-02-14T12:47:13","slug":"baianos-caem-na-folia-comemorando-os-30-anos-do-axe","status":"publish","type":"post","link":"https:\/\/www.notibras.com\/site\/baianos-caem-na-folia-comemorando-os-30-anos-do-axe\/","title":{"rendered":"Baianos caem com anima\u00e7\u00e3o na folia nos 30 anos do Ax\u00e9"},"content":{"rendered":"<p>A ax\u00e9 music chegou aos 30 anos. O g\u00eanero, que marca o carnaval baiano e leva milh\u00f5es de foli\u00f5es \u00e0 loucura, teve in\u00edcio com a m\u00fasica Fricote, de Luiz Caldas e Paulinho Camafeu, em 1985. De l\u00e1 para c\u00e1, o ritmo ganhou novos contornos a partir da mistura com outros g\u00eaneros como o sertanejo, o samba e o pagode. O movimento de aproxima\u00e7\u00e3o com diferentes fontes musicais tamb\u00e9m gerou cr\u00edticas sobre uma poss\u00edvel crise do ax\u00e9.<\/p>\n<p>Para o coordenador do curso de gradua\u00e7\u00e3o em m\u00fasica popular da Universidade Federal da Bahia (UFBA), Ivan Bastos, entretanto, isso \u00e9 um movimento natural.<\/p>\n<p>\u201cAlguns falam em crise criativa, mas eu n\u00e3o acho que \u00e9 isso,. Essa mistura se d\u00e1 por conta do capitalismo. Produtores, empres\u00e1rios e artistas veem que isso d\u00e1 dinheiro e resolvem fazer. A nova tend\u00eancia d\u00e1 visibilidade ao cantor e acontece com outros estilos tamb\u00e9m.\u201d<\/p>\n<p>Segundo o professor, a nova composi\u00e7\u00e3o das bandas ap\u00f3s a sa\u00edda de vocalistas que estouraram nas d\u00e9cadas de 80 e 90 e at\u00e9 nos anos 2000, como Netinho, Ivete Sangalo, Cl\u00e1udia Leitte e Bell Marques, tamb\u00e9m \u00e9 consequ\u00eancia desse ciclo natural e de interesses comerciais. \u201cAs gera\u00e7\u00f5es v\u00e3o se sucedendo e a moda tamb\u00e9m. O antigo modelo \u00e9 superado e assim surge espa\u00e7o para outros nomes\u201d, destaca.<\/p>\n<p>O professor e vice-reitor da UFBA, Paulo Miguez, especialista em carnaval, avalia que a mistura de g\u00eaneros \u00e9 positiva. De acordo com ele, o ax\u00e9 \u00e9 composto por diversas formas, como a m\u00fasica dos blocos afro, do trio el\u00e9trico e do afox\u00e9, o que representa um sinal de vitalidade do g\u00eanero. Ele destaca que \u00e9 preciso diferenciar o ax\u00e9 no sentido est\u00e9tico musical do neg\u00f3cio que o movimento gera.<\/p>\n<p>\u201cO ax\u00e9, no sentido est\u00e9tico, \u00e9 muito interessante, formado por uma mistura, e gera importante transforma\u00e7\u00e3o na cena cultural baiana. Isso \u00e9 uma coisa fant\u00e1stica. J\u00e1 o aspecto comercial \u00e9 concentrado, as oportunidades s\u00e3o poucas e o ativo fundamental desse neg\u00f3cio \u00e9 o &#8216;sistema de estrelas&#8217;, a partir do qual \u00e9 definido o valor a ser cobrado nos ingressos.\u201d<\/p>\n<p>De acordo com o cantor e compositor Luiz Caldas, considerado precursor do g\u00eanero, o ax\u00e9 vive um momento maravilhoso e as mudan\u00e7as fazem parte do novo cen\u00e1rio musical. Ele destaca que o ritmo levou Salvador para o mundo e inovou o carnaval baiano. O cantor diz tamb\u00e9m que o ax\u00e9 foi respons\u00e1vel por \u201cabrir novamente as portas\u201d da imprensa para a Bahia depois do sucesso de Caetano Veloso, Gilberto Gil, dos Novos Baianos, de A Cor do Som, entre outros.<\/p>\n<p>\u201cMuita gente diz que o ax\u00e9 music est\u00e1 em crise, mas isso \u00e9 uma crise particular, \u00e9 a crise de alguns. Eu mesmo vivo meu melhor momento musical e sou o criador do ax\u00e9 music. Hoje, olhando para tr\u00e1s e vivendo o presente, digo que \u00e9 um momento de cria\u00e7\u00e3o e celebra\u00e7\u00e3o. Vamos para a frente que vem muita gente por a\u00ed.\u201d<\/p>\n<p><strong>Danyele Soares, ABr <\/strong><\/p>\n","protected":false},"excerpt":{"rendered":"<p>A ax\u00e9 music chegou aos 30 anos. O g\u00eanero, que marca o carnaval baiano e leva milh\u00f5es de foli\u00f5es \u00e0 loucura, teve in\u00edcio com a m\u00fasica Fricote, de Luiz Caldas e Paulinho Camafeu, em 1985. De l\u00e1 para c\u00e1, o ritmo ganhou novos contornos a partir da mistura com outros g\u00eaneros como o sertanejo, o [&hellip;]<\/p>\n","protected":false},"author":2,"featured_media":37050,"comment_status":"open","ping_status":"closed","sticky":false,"template":"","format":"standard","meta":{"_acf_changed":false,"footnotes":""},"categories":[16],"tags":[],"class_list":["post-37049","post","type-post","status-publish","format-standard","has-post-thumbnail","hentry","category-brasil"],"acf":[],"yoast_head":"<!-- This site is optimized with the Yoast SEO plugin v27.2 - https:\/\/yoast.com\/product\/yoast-seo-wordpress\/ -->\n<title>Baianos caem com anima\u00e7\u00e3o na folia nos 30 anos do Ax\u00e9 - Notibras<\/title>\n<meta name=\"robots\" content=\"index, follow, max-snippet:-1, max-image-preview:large, max-video-preview:-1\" \/>\n<link rel=\"canonical\" href=\"https:\/\/www.notibras.com\/site\/baianos-caem-na-folia-comemorando-os-30-anos-do-axe\/\" \/>\n<meta property=\"og:locale\" content=\"pt_BR\" \/>\n<meta property=\"og:type\" content=\"article\" \/>\n<meta property=\"og:title\" content=\"Baianos caem com anima\u00e7\u00e3o na folia nos 30 anos do Ax\u00e9 - Notibras\" \/>\n<meta property=\"og:description\" content=\"A ax\u00e9 music chegou aos 30 anos. O g\u00eanero, que marca o carnaval baiano e leva milh\u00f5es de foli\u00f5es \u00e0 loucura, teve in\u00edcio com a m\u00fasica Fricote, de Luiz Caldas e Paulinho Camafeu, em 1985. De l\u00e1 para c\u00e1, o ritmo ganhou novos contornos a partir da mistura com outros g\u00eaneros como o sertanejo, o [&hellip;]\" \/>\n<meta property=\"og:url\" content=\"https:\/\/www.notibras.com\/site\/baianos-caem-na-folia-comemorando-os-30-anos-do-axe\/\" \/>\n<meta property=\"og:site_name\" content=\"Notibras\" \/>\n<meta property=\"article:publisher\" content=\"https:\/\/www.facebook.com\/notibras\/\" \/>\n<meta property=\"article:published_time\" content=\"2015-02-14T07:44:02+00:00\" \/>\n<meta property=\"article:modified_time\" content=\"2015-02-14T12:47:13+00:00\" \/>\n<meta property=\"og:image\" content=\"https:\/\/www.notibras.com\/site\/wp-content\/uploads\/2015\/02\/ba.jpeg\" \/>\n\t<meta property=\"og:image:width\" content=\"259\" \/>\n\t<meta property=\"og:image:height\" content=\"194\" \/>\n\t<meta property=\"og:image:type\" content=\"image\/jpeg\" \/>\n<meta name=\"author\" content=\"Reda\u00e7\u00e3o\" \/>\n<meta name=\"twitter:card\" content=\"summary_large_image\" \/>\n<meta name=\"twitter:creator\" content=\"@Notibras\" \/>\n<meta name=\"twitter:site\" content=\"@Notibras\" \/>\n<meta name=\"twitter:label1\" content=\"Escrito por\" \/>\n\t<meta name=\"twitter:data1\" content=\"Reda\u00e7\u00e3o\" \/>\n\t<meta name=\"twitter:label2\" content=\"Est. tempo de leitura\" \/>\n\t<meta name=\"twitter:data2\" content=\"3 minutos\" \/>\n<script type=\"application\/ld+json\" class=\"yoast-schema-graph\">{\"@context\":\"https:\/\/schema.org\",\"@graph\":[{\"@type\":\"Article\",\"@id\":\"https:\/\/www.notibras.com\/site\/baianos-caem-na-folia-comemorando-os-30-anos-do-axe\/#article\",\"isPartOf\":{\"@id\":\"https:\/\/www.notibras.com\/site\/baianos-caem-na-folia-comemorando-os-30-anos-do-axe\/\"},\"author\":{\"name\":\"Reda\u00e7\u00e3o\",\"@id\":\"https:\/\/www.notibras.com\/site\/#\/schema\/person\/36ab0979449956132d3e5b517ea76ac8\"},\"headline\":\"Baianos caem com anima\u00e7\u00e3o na folia nos 30 anos do Ax\u00e9\",\"datePublished\":\"2015-02-14T07:44:02+00:00\",\"dateModified\":\"2015-02-14T12:47:13+00:00\",\"mainEntityOfPage\":{\"@id\":\"https:\/\/www.notibras.com\/site\/baianos-caem-na-folia-comemorando-os-30-anos-do-axe\/\"},\"wordCount\":521,\"commentCount\":0,\"publisher\":{\"@id\":\"https:\/\/www.notibras.com\/site\/#organization\"},\"image\":{\"@id\":\"https:\/\/www.notibras.com\/site\/baianos-caem-na-folia-comemorando-os-30-anos-do-axe\/#primaryimage\"},\"thumbnailUrl\":\"https:\/\/www.notibras.com\/site\/wp-content\/uploads\/2015\/02\/ba.jpeg\",\"articleSection\":[\"Brasil\"],\"inLanguage\":\"pt-BR\",\"potentialAction\":[{\"@type\":\"CommentAction\",\"name\":\"Comment\",\"target\":[\"https:\/\/www.notibras.com\/site\/baianos-caem-na-folia-comemorando-os-30-anos-do-axe\/#respond\"]}]},{\"@type\":\"WebPage\",\"@id\":\"https:\/\/www.notibras.com\/site\/baianos-caem-na-folia-comemorando-os-30-anos-do-axe\/\",\"url\":\"https:\/\/www.notibras.com\/site\/baianos-caem-na-folia-comemorando-os-30-anos-do-axe\/\",\"name\":\"Baianos caem com anima\u00e7\u00e3o na folia nos 30 anos do Ax\u00e9 - Notibras\",\"isPartOf\":{\"@id\":\"https:\/\/www.notibras.com\/site\/#website\"},\"primaryImageOfPage\":{\"@id\":\"https:\/\/www.notibras.com\/site\/baianos-caem-na-folia-comemorando-os-30-anos-do-axe\/#primaryimage\"},\"image\":{\"@id\":\"https:\/\/www.notibras.com\/site\/baianos-caem-na-folia-comemorando-os-30-anos-do-axe\/#primaryimage\"},\"thumbnailUrl\":\"https:\/\/www.notibras.com\/site\/wp-content\/uploads\/2015\/02\/ba.jpeg\",\"datePublished\":\"2015-02-14T07:44:02+00:00\",\"dateModified\":\"2015-02-14T12:47:13+00:00\",\"breadcrumb\":{\"@id\":\"https:\/\/www.notibras.com\/site\/baianos-caem-na-folia-comemorando-os-30-anos-do-axe\/#breadcrumb\"},\"inLanguage\":\"pt-BR\",\"potentialAction\":[{\"@type\":\"ReadAction\",\"target\":[\"https:\/\/www.notibras.com\/site\/baianos-caem-na-folia-comemorando-os-30-anos-do-axe\/\"]}]},{\"@type\":\"ImageObject\",\"inLanguage\":\"pt-BR\",\"@id\":\"https:\/\/www.notibras.com\/site\/baianos-caem-na-folia-comemorando-os-30-anos-do-axe\/#primaryimage\",\"url\":\"https:\/\/www.notibras.com\/site\/wp-content\/uploads\/2015\/02\/ba.jpeg\",\"contentUrl\":\"https:\/\/www.notibras.com\/site\/wp-content\/uploads\/2015\/02\/ba.jpeg\",\"width\":259,\"height\":194},{\"@type\":\"BreadcrumbList\",\"@id\":\"https:\/\/www.notibras.com\/site\/baianos-caem-na-folia-comemorando-os-30-anos-do-axe\/#breadcrumb\",\"itemListElement\":[{\"@type\":\"ListItem\",\"position\":1,\"name\":\"In\u00edcio\",\"item\":\"https:\/\/www.notibras.com\/site\/\"},{\"@type\":\"ListItem\",\"position\":2,\"name\":\"Baianos caem com anima\u00e7\u00e3o na folia nos 30 anos do Ax\u00e9\"}]},{\"@type\":\"WebSite\",\"@id\":\"https:\/\/www.notibras.com\/site\/#website\",\"url\":\"https:\/\/www.notibras.com\/site\/\",\"name\":\"Notibras\",\"description\":\"Not\u00edcias de Bras\u00edlia, do Brasil e do Mundo\",\"publisher\":{\"@id\":\"https:\/\/www.notibras.com\/site\/#organization\"},\"potentialAction\":[{\"@type\":\"SearchAction\",\"target\":{\"@type\":\"EntryPoint\",\"urlTemplate\":\"https:\/\/www.notibras.com\/site\/?s={search_term_string}\"},\"query-input\":{\"@type\":\"PropertyValueSpecification\",\"valueRequired\":true,\"valueName\":\"search_term_string\"}}],\"inLanguage\":\"pt-BR\"},{\"@type\":\"Organization\",\"@id\":\"https:\/\/www.notibras.com\/site\/#organization\",\"name\":\"Grupo Notibras de Comunica\u00e7\u00e3o\",\"url\":\"https:\/\/www.notibras.com\/site\/\",\"logo\":{\"@type\":\"ImageObject\",\"inLanguage\":\"pt-BR\",\"@id\":\"https:\/\/www.notibras.com\/site\/#\/schema\/logo\/image\/\",\"url\":\"https:\/\/www.notibras.com\/site\/wp-content\/uploads\/2023\/01\/notibras23.png\",\"contentUrl\":\"https:\/\/www.notibras.com\/site\/wp-content\/uploads\/2023\/01\/notibras23.png\",\"width\":350,\"height\":87,\"caption\":\"Grupo Notibras de Comunica\u00e7\u00e3o\"},\"image\":{\"@id\":\"https:\/\/www.notibras.com\/site\/#\/schema\/logo\/image\/\"},\"sameAs\":[\"https:\/\/www.facebook.com\/notibras\/\",\"https:\/\/x.com\/Notibras\",\"https:\/\/www.instagram.com\/notibras\/\"]},{\"@type\":\"Person\",\"@id\":\"https:\/\/www.notibras.com\/site\/#\/schema\/person\/36ab0979449956132d3e5b517ea76ac8\",\"name\":\"Reda\u00e7\u00e3o\",\"image\":{\"@type\":\"ImageObject\",\"inLanguage\":\"pt-BR\",\"@id\":\"https:\/\/secure.gravatar.com\/avatar\/e0a867bdedb85fd243eadf09663511f96fc81e0720a4a42581f334ad4303aa6b?s=96&d=mm&r=g\",\"url\":\"https:\/\/secure.gravatar.com\/avatar\/e0a867bdedb85fd243eadf09663511f96fc81e0720a4a42581f334ad4303aa6b?s=96&d=mm&r=g\",\"contentUrl\":\"https:\/\/secure.gravatar.com\/avatar\/e0a867bdedb85fd243eadf09663511f96fc81e0720a4a42581f334ad4303aa6b?s=96&d=mm&r=g\",\"caption\":\"Reda\u00e7\u00e3o\"}}]}<\/script>\n<!-- \/ Yoast SEO plugin. -->","yoast_head_json":{"title":"Baianos caem com anima\u00e7\u00e3o na folia nos 30 anos do Ax\u00e9 - Notibras","robots":{"index":"index","follow":"follow","max-snippet":"max-snippet:-1","max-image-preview":"max-image-preview:large","max-video-preview":"max-video-preview:-1"},"canonical":"https:\/\/www.notibras.com\/site\/baianos-caem-na-folia-comemorando-os-30-anos-do-axe\/","og_locale":"pt_BR","og_type":"article","og_title":"Baianos caem com anima\u00e7\u00e3o na folia nos 30 anos do Ax\u00e9 - Notibras","og_description":"A ax\u00e9 music chegou aos 30 anos. O g\u00eanero, que marca o carnaval baiano e leva milh\u00f5es de foli\u00f5es \u00e0 loucura, teve in\u00edcio com a m\u00fasica Fricote, de Luiz Caldas e Paulinho Camafeu, em 1985. De l\u00e1 para c\u00e1, o ritmo ganhou novos contornos a partir da mistura com outros g\u00eaneros como o sertanejo, o [&hellip;]","og_url":"https:\/\/www.notibras.com\/site\/baianos-caem-na-folia-comemorando-os-30-anos-do-axe\/","og_site_name":"Notibras","article_publisher":"https:\/\/www.facebook.com\/notibras\/","article_published_time":"2015-02-14T07:44:02+00:00","article_modified_time":"2015-02-14T12:47:13+00:00","og_image":[{"width":259,"height":194,"url":"https:\/\/www.notibras.com\/site\/wp-content\/uploads\/2015\/02\/ba.jpeg","type":"image\/jpeg"}],"author":"Reda\u00e7\u00e3o","twitter_card":"summary_large_image","twitter_creator":"@Notibras","twitter_site":"@Notibras","twitter_misc":{"Escrito por":"Reda\u00e7\u00e3o","Est. tempo de leitura":"3 minutos"},"schema":{"@context":"https:\/\/schema.org","@graph":[{"@type":"Article","@id":"https:\/\/www.notibras.com\/site\/baianos-caem-na-folia-comemorando-os-30-anos-do-axe\/#article","isPartOf":{"@id":"https:\/\/www.notibras.com\/site\/baianos-caem-na-folia-comemorando-os-30-anos-do-axe\/"},"author":{"name":"Reda\u00e7\u00e3o","@id":"https:\/\/www.notibras.com\/site\/#\/schema\/person\/36ab0979449956132d3e5b517ea76ac8"},"headline":"Baianos caem com anima\u00e7\u00e3o na folia nos 30 anos do Ax\u00e9","datePublished":"2015-02-14T07:44:02+00:00","dateModified":"2015-02-14T12:47:13+00:00","mainEntityOfPage":{"@id":"https:\/\/www.notibras.com\/site\/baianos-caem-na-folia-comemorando-os-30-anos-do-axe\/"},"wordCount":521,"commentCount":0,"publisher":{"@id":"https:\/\/www.notibras.com\/site\/#organization"},"image":{"@id":"https:\/\/www.notibras.com\/site\/baianos-caem-na-folia-comemorando-os-30-anos-do-axe\/#primaryimage"},"thumbnailUrl":"https:\/\/www.notibras.com\/site\/wp-content\/uploads\/2015\/02\/ba.jpeg","articleSection":["Brasil"],"inLanguage":"pt-BR","potentialAction":[{"@type":"CommentAction","name":"Comment","target":["https:\/\/www.notibras.com\/site\/baianos-caem-na-folia-comemorando-os-30-anos-do-axe\/#respond"]}]},{"@type":"WebPage","@id":"https:\/\/www.notibras.com\/site\/baianos-caem-na-folia-comemorando-os-30-anos-do-axe\/","url":"https:\/\/www.notibras.com\/site\/baianos-caem-na-folia-comemorando-os-30-anos-do-axe\/","name":"Baianos caem com anima\u00e7\u00e3o na folia nos 30 anos do Ax\u00e9 - Notibras","isPartOf":{"@id":"https:\/\/www.notibras.com\/site\/#website"},"primaryImageOfPage":{"@id":"https:\/\/www.notibras.com\/site\/baianos-caem-na-folia-comemorando-os-30-anos-do-axe\/#primaryimage"},"image":{"@id":"https:\/\/www.notibras.com\/site\/baianos-caem-na-folia-comemorando-os-30-anos-do-axe\/#primaryimage"},"thumbnailUrl":"https:\/\/www.notibras.com\/site\/wp-content\/uploads\/2015\/02\/ba.jpeg","datePublished":"2015-02-14T07:44:02+00:00","dateModified":"2015-02-14T12:47:13+00:00","breadcrumb":{"@id":"https:\/\/www.notibras.com\/site\/baianos-caem-na-folia-comemorando-os-30-anos-do-axe\/#breadcrumb"},"inLanguage":"pt-BR","potentialAction":[{"@type":"ReadAction","target":["https:\/\/www.notibras.com\/site\/baianos-caem-na-folia-comemorando-os-30-anos-do-axe\/"]}]},{"@type":"ImageObject","inLanguage":"pt-BR","@id":"https:\/\/www.notibras.com\/site\/baianos-caem-na-folia-comemorando-os-30-anos-do-axe\/#primaryimage","url":"https:\/\/www.notibras.com\/site\/wp-content\/uploads\/2015\/02\/ba.jpeg","contentUrl":"https:\/\/www.notibras.com\/site\/wp-content\/uploads\/2015\/02\/ba.jpeg","width":259,"height":194},{"@type":"BreadcrumbList","@id":"https:\/\/www.notibras.com\/site\/baianos-caem-na-folia-comemorando-os-30-anos-do-axe\/#breadcrumb","itemListElement":[{"@type":"ListItem","position":1,"name":"In\u00edcio","item":"https:\/\/www.notibras.com\/site\/"},{"@type":"ListItem","position":2,"name":"Baianos caem com anima\u00e7\u00e3o na folia nos 30 anos do Ax\u00e9"}]},{"@type":"WebSite","@id":"https:\/\/www.notibras.com\/site\/#website","url":"https:\/\/www.notibras.com\/site\/","name":"Notibras","description":"Not\u00edcias de Bras\u00edlia, do Brasil e do Mundo","publisher":{"@id":"https:\/\/www.notibras.com\/site\/#organization"},"potentialAction":[{"@type":"SearchAction","target":{"@type":"EntryPoint","urlTemplate":"https:\/\/www.notibras.com\/site\/?s={search_term_string}"},"query-input":{"@type":"PropertyValueSpecification","valueRequired":true,"valueName":"search_term_string"}}],"inLanguage":"pt-BR"},{"@type":"Organization","@id":"https:\/\/www.notibras.com\/site\/#organization","name":"Grupo Notibras de Comunica\u00e7\u00e3o","url":"https:\/\/www.notibras.com\/site\/","logo":{"@type":"ImageObject","inLanguage":"pt-BR","@id":"https:\/\/www.notibras.com\/site\/#\/schema\/logo\/image\/","url":"https:\/\/www.notibras.com\/site\/wp-content\/uploads\/2023\/01\/notibras23.png","contentUrl":"https:\/\/www.notibras.com\/site\/wp-content\/uploads\/2023\/01\/notibras23.png","width":350,"height":87,"caption":"Grupo Notibras de Comunica\u00e7\u00e3o"},"image":{"@id":"https:\/\/www.notibras.com\/site\/#\/schema\/logo\/image\/"},"sameAs":["https:\/\/www.facebook.com\/notibras\/","https:\/\/x.com\/Notibras","https:\/\/www.instagram.com\/notibras\/"]},{"@type":"Person","@id":"https:\/\/www.notibras.com\/site\/#\/schema\/person\/36ab0979449956132d3e5b517ea76ac8","name":"Reda\u00e7\u00e3o","image":{"@type":"ImageObject","inLanguage":"pt-BR","@id":"https:\/\/secure.gravatar.com\/avatar\/e0a867bdedb85fd243eadf09663511f96fc81e0720a4a42581f334ad4303aa6b?s=96&d=mm&r=g","url":"https:\/\/secure.gravatar.com\/avatar\/e0a867bdedb85fd243eadf09663511f96fc81e0720a4a42581f334ad4303aa6b?s=96&d=mm&r=g","contentUrl":"https:\/\/secure.gravatar.com\/avatar\/e0a867bdedb85fd243eadf09663511f96fc81e0720a4a42581f334ad4303aa6b?s=96&d=mm&r=g","caption":"Reda\u00e7\u00e3o"}}]}},"amp_enabled":true,"_links":{"self":[{"href":"https:\/\/www.notibras.com\/site\/wp-json\/wp\/v2\/posts\/37049","targetHints":{"allow":["GET"]}}],"collection":[{"href":"https:\/\/www.notibras.com\/site\/wp-json\/wp\/v2\/posts"}],"about":[{"href":"https:\/\/www.notibras.com\/site\/wp-json\/wp\/v2\/types\/post"}],"author":[{"embeddable":true,"href":"https:\/\/www.notibras.com\/site\/wp-json\/wp\/v2\/users\/2"}],"replies":[{"embeddable":true,"href":"https:\/\/www.notibras.com\/site\/wp-json\/wp\/v2\/comments?post=37049"}],"version-history":[{"count":0,"href":"https:\/\/www.notibras.com\/site\/wp-json\/wp\/v2\/posts\/37049\/revisions"}],"wp:featuredmedia":[{"embeddable":true,"href":"https:\/\/www.notibras.com\/site\/wp-json\/wp\/v2\/media\/37050"}],"wp:attachment":[{"href":"https:\/\/www.notibras.com\/site\/wp-json\/wp\/v2\/media?parent=37049"}],"wp:term":[{"taxonomy":"category","embeddable":true,"href":"https:\/\/www.notibras.com\/site\/wp-json\/wp\/v2\/categories?post=37049"},{"taxonomy":"post_tag","embeddable":true,"href":"https:\/\/www.notibras.com\/site\/wp-json\/wp\/v2\/tags?post=37049"}],"curies":[{"name":"wp","href":"https:\/\/api.w.org\/{rel}","templated":true}]}}