{"id":370561,"date":"2025-11-12T00:09:43","date_gmt":"2025-11-12T03:09:43","guid":{"rendered":"https:\/\/www.notibras.com\/site\/?p=370561"},"modified":"2025-11-12T05:13:03","modified_gmt":"2025-11-12T08:13:03","slug":"transito-na-regiao-da-ponte-godofredo-diniz-passa-por-mudancas","status":"publish","type":"post","link":"https:\/\/www.notibras.com\/site\/transito-na-regiao-da-ponte-godofredo-diniz-passa-por-mudancas\/","title":{"rendered":"Tr\u00e2nsito na regi\u00e3o da ponte Godofredo Diniz passa por mudan\u00e7as"},"content":{"rendered":"<p>O tr\u00e2nsito na regi\u00e3o da ponte Godofredo Diniz, em Aracaju, est\u00e1 passando por altera\u00e7\u00f5es. A Superintend\u00eancia Municipal de Transportes e Tr\u00e2nsito (SMTT) informou que as mudan\u00e7as s\u00e3o necess\u00e1rias para a execu\u00e7\u00e3o de obras de manuten\u00e7\u00e3o na estrutura da ponte e na pavimenta\u00e7\u00e3o das vias do entorno.<\/p>\n<p>De acordo com a SMTT, o fluxo de ve\u00edculos ser\u00e1 parcialmente interditado durante o per\u00edodo das obras. Motoristas que trafegam entre os bairros Coroa do Meio e 13 de Julho devem ficar atentos \u00e0s novas rotas de desvio e \u00e0 sinaliza\u00e7\u00e3o instalada no local. O \u00f3rg\u00e3o orienta que condutores busquem rotas alternativas para evitar congestionamentos, especialmente nos hor\u00e1rios de pico.<\/p>\n<p>As interven\u00e7\u00f5es fazem parte do cronograma de melhorias da infraestrutura vi\u00e1ria da capital e incluem servi\u00e7os de recupera\u00e7\u00e3o do pavimento, refor\u00e7o estrutural e revitaliza\u00e7\u00e3o da sinaliza\u00e7\u00e3o horizontal e vertical. A previs\u00e3o \u00e9 de que os trabalhos sejam conclu\u00eddos em at\u00e9 30 dias, dependendo das condi\u00e7\u00f5es clim\u00e1ticas.<\/p>\n<p>Equipes da SMTT estar\u00e3o no local para orientar os motoristas e garantir a seguran\u00e7a de pedestres e ciclistas. A recomenda\u00e7\u00e3o \u00e9 que os condutores reduzam a velocidade e respeitem as orienta\u00e7\u00f5es dos agentes de tr\u00e2nsito.<\/p>\n<p>Em nota, a Prefeitura de Aracaju refor\u00e7ou que as obras t\u00eam o objetivo de garantir mais seguran\u00e7a e durabilidade \u00e0 ponte, que \u00e9 um dos principais acessos entre zonas da cidade com grande fluxo de ve\u00edculos diariamente.<\/p>\n<p>A popula\u00e7\u00e3o pode acompanhar as atualiza\u00e7\u00f5es sobre as interdi\u00e7\u00f5es e libera\u00e7\u00f5es de tr\u00e1fego por meio das redes sociais e do site oficial da SMTT.<\/p>\n","protected":false},"excerpt":{"rendered":"<p>O tr\u00e2nsito na regi\u00e3o da ponte Godofredo Diniz, em Aracaju, est\u00e1 passando por altera\u00e7\u00f5es. A Superintend\u00eancia Municipal de Transportes e Tr\u00e2nsito (SMTT) informou que as mudan\u00e7as s\u00e3o necess\u00e1rias para a execu\u00e7\u00e3o de obras de manuten\u00e7\u00e3o na estrutura da ponte e na pavimenta\u00e7\u00e3o das vias do entorno. De acordo com a SMTT, o fluxo de ve\u00edculos [&hellip;]<\/p>\n","protected":false},"author":2,"featured_media":370562,"comment_status":"closed","ping_status":"closed","sticky":false,"template":"","format":"standard","meta":{"_acf_changed":false,"footnotes":""},"categories":[165],"tags":[],"class_list":["post-370561","post","type-post","status-publish","format-standard","has-post-thumbnail","hentry","category-nordeste"],"acf":[],"_links":{"self":[{"href":"https:\/\/www.notibras.com\/site\/wp-json\/wp\/v2\/posts\/370561","targetHints":{"allow":["GET"]}}],"collection":[{"href":"https:\/\/www.notibras.com\/site\/wp-json\/wp\/v2\/posts"}],"about":[{"href":"https:\/\/www.notibras.com\/site\/wp-json\/wp\/v2\/types\/post"}],"author":[{"embeddable":true,"href":"https:\/\/www.notibras.com\/site\/wp-json\/wp\/v2\/users\/2"}],"replies":[{"embeddable":true,"href":"https:\/\/www.notibras.com\/site\/wp-json\/wp\/v2\/comments?post=370561"}],"version-history":[{"count":3,"href":"https:\/\/www.notibras.com\/site\/wp-json\/wp\/v2\/posts\/370561\/revisions"}],"predecessor-version":[{"id":370565,"href":"https:\/\/www.notibras.com\/site\/wp-json\/wp\/v2\/posts\/370561\/revisions\/370565"}],"wp:featuredmedia":[{"embeddable":true,"href":"https:\/\/www.notibras.com\/site\/wp-json\/wp\/v2\/media\/370562"}],"wp:attachment":[{"href":"https:\/\/www.notibras.com\/site\/wp-json\/wp\/v2\/media?parent=370561"}],"wp:term":[{"taxonomy":"category","embeddable":true,"href":"https:\/\/www.notibras.com\/site\/wp-json\/wp\/v2\/categories?post=370561"},{"taxonomy":"post_tag","embeddable":true,"href":"https:\/\/www.notibras.com\/site\/wp-json\/wp\/v2\/tags?post=370561"}],"curies":[{"name":"wp","href":"https:\/\/api.w.org\/{rel}","templated":true}]}}