{"id":370575,"date":"2025-11-12T05:48:25","date_gmt":"2025-11-12T08:48:25","guid":{"rendered":"https:\/\/www.notibras.com\/site\/?p=370575"},"modified":"2025-11-12T05:48:25","modified_gmt":"2025-11-12T08:48:25","slug":"o-fim-do-sol-inca-e-a-chegada-do-homem-branco","status":"publish","type":"post","link":"https:\/\/www.notibras.com\/site\/o-fim-do-sol-inca-e-a-chegada-do-homem-branco\/","title":{"rendered":"O fim do Sol Inca e a chegada do homem branco"},"content":{"rendered":"<p>Antes que os navios do Velho Mundo rasgassem os mares em busca de ouro e gl\u00f3ria, os povos andinos j\u00e1 olhavam para o alto, reverenciando o Sol como o pai de toda a vida. Inti, o deus solar, reinava soberano no cora\u00e7\u00e3o dos Andes, enquanto Pachamama, a M\u00e3e Terra, sustentava o ciclo da colheita e do renascimento. Para os incas, o mundo era um organismo vivo \u2014 Pachac\u00fatec, o transformador do tempo e do espa\u00e7o, ordenara o universo em harmonia divina.<\/p>\n<p>Nas montanhas, os sacerdotes guardavam segredos do cosmos. As cidades, como Cuzco e Machu Picchu, n\u00e3o eram apenas centros urbanos \u2014 eram espelhos celestes, desenhados para dialogar com as constela\u00e7\u00f5es. Tudo obedecia a um equil\u00edbrio sagrado entre o c\u00e9u, a terra e o homem.<\/p>\n<p>Mas um dia, o horizonte mudou de cor. Homens p\u00e1lidos e barbudos, vindos do leste, desembarcaram com espadas que reluziam como trov\u00f5es. Trazendo cruzes e p\u00f3lvora, falavam de um deus \u00fanico que exigia submiss\u00e3o. Os incas, ao v\u00ea-los, acreditaram que os deuses antigos talvez tivessem regressado \u2014 ou que Viracocha, o criador do mundo, havia mandado mensageiros de outro tempo.<\/p>\n<p>Logo perceberam o engano. O encontro tornou-se conquista. O ouro, que para eles era o suor do Sol, transformou-se em motivo de destrui\u00e7\u00e3o. Templos foram saqueados, rituais proibidos, e o imp\u00e9rio \u2014 que se dizia eterno \u2014 sucumbiu diante de um punhado de conquistadores guiados por Francisco Pizarro.<\/p>\n<p>O sil\u00eancio dos deuses ecoou pelos Andes. Inti se escondeu nas sombras das montanhas, Pachamama chorou rios inteiros, e Viracocha, invis\u00edvel, recolheu-se ao mito. Contudo, o esp\u00edrito inca resistiu \u2014 nas can\u00e7\u00f5es que sobrevivem, nos rostos que carregam o sangue dos ancestrais, e na f\u00e9 que, mesmo sincretizada, ainda sente o pulsar das antigas divindades.<\/p>\n<p>A chegada do homem branco n\u00e3o apenas encerrou um imp\u00e9rio \u2014 mudou o eixo do sagrado. O Sol foi coberto por nuvens estrangeiras, mas nunca deixou de brilhar dentro de quem ainda honra os deuses das alturas.<\/p>\n","protected":false},"excerpt":{"rendered":"<p>Antes que os navios do Velho Mundo rasgassem os mares em busca de ouro e gl\u00f3ria, os povos andinos j\u00e1 olhavam para o alto, reverenciando o Sol como o pai de toda a vida. Inti, o deus solar, reinava soberano no cora\u00e7\u00e3o dos Andes, enquanto Pachamama, a M\u00e3e Terra, sustentava o ciclo da colheita e [&hellip;]<\/p>\n","protected":false},"author":2,"featured_media":370576,"comment_status":"closed","ping_status":"closed","sticky":false,"template":"","format":"standard","meta":{"_acf_changed":false,"footnotes":""},"categories":[237],"tags":[],"class_list":["post-370575","post","type-post","status-publish","format-standard","has-post-thumbnail","hentry","category-oraculos"],"acf":[],"yoast_head":"<!-- This site is optimized with the Yoast SEO plugin v27.2 - https:\/\/yoast.com\/product\/yoast-seo-wordpress\/ -->\n<title>O fim do Sol Inca e a chegada do homem branco - Notibras<\/title>\n<meta name=\"robots\" content=\"index, follow, max-snippet:-1, max-image-preview:large, max-video-preview:-1\" \/>\n<link rel=\"canonical\" href=\"https:\/\/www.notibras.com\/site\/o-fim-do-sol-inca-e-a-chegada-do-homem-branco\/\" \/>\n<meta property=\"og:locale\" content=\"pt_BR\" \/>\n<meta property=\"og:type\" content=\"article\" \/>\n<meta property=\"og:title\" content=\"O fim do Sol Inca e a chegada do homem branco - Notibras\" \/>\n<meta property=\"og:description\" content=\"Antes que os navios do Velho Mundo rasgassem os mares em busca de ouro e gl\u00f3ria, os povos andinos j\u00e1 olhavam para o alto, reverenciando o Sol como o pai de toda a vida. Inti, o deus solar, reinava soberano no cora\u00e7\u00e3o dos Andes, enquanto Pachamama, a M\u00e3e Terra, sustentava o ciclo da colheita e [&hellip;]\" \/>\n<meta property=\"og:url\" content=\"https:\/\/www.notibras.com\/site\/o-fim-do-sol-inca-e-a-chegada-do-homem-branco\/\" \/>\n<meta property=\"og:site_name\" content=\"Notibras\" \/>\n<meta property=\"article:publisher\" content=\"https:\/\/www.facebook.com\/notibras\/\" \/>\n<meta property=\"article:published_time\" content=\"2025-11-12T08:48:25+00:00\" \/>\n<meta property=\"og:image\" content=\"https:\/\/www.notibras.com\/site\/wp-content\/uploads\/2025\/11\/f305a3e1-26a4-4b61-a975-2260e5688630-1024x683.png\" \/>\n\t<meta property=\"og:image:width\" content=\"1024\" \/>\n\t<meta property=\"og:image:height\" content=\"683\" \/>\n\t<meta property=\"og:image:type\" content=\"image\/png\" \/>\n<meta name=\"author\" content=\"Reda\u00e7\u00e3o\" \/>\n<meta name=\"twitter:card\" content=\"summary_large_image\" \/>\n<meta name=\"twitter:creator\" content=\"@Notibras\" \/>\n<meta name=\"twitter:site\" content=\"@Notibras\" \/>\n<meta name=\"twitter:label1\" content=\"Escrito por\" \/>\n\t<meta name=\"twitter:data1\" content=\"Reda\u00e7\u00e3o\" \/>\n\t<meta name=\"twitter:label2\" content=\"Est. tempo de leitura\" \/>\n\t<meta name=\"twitter:data2\" content=\"3 minutos\" \/>\n<script type=\"application\/ld+json\" class=\"yoast-schema-graph\">{\"@context\":\"https:\/\/schema.org\",\"@graph\":[{\"@type\":\"Article\",\"@id\":\"https:\/\/www.notibras.com\/site\/o-fim-do-sol-inca-e-a-chegada-do-homem-branco\/#article\",\"isPartOf\":{\"@id\":\"https:\/\/www.notibras.com\/site\/o-fim-do-sol-inca-e-a-chegada-do-homem-branco\/\"},\"author\":{\"name\":\"Reda\u00e7\u00e3o\",\"@id\":\"https:\/\/www.notibras.com\/site\/#\/schema\/person\/36ab0979449956132d3e5b517ea76ac8\"},\"headline\":\"O fim do Sol Inca e a chegada do homem branco\",\"datePublished\":\"2025-11-12T08:48:25+00:00\",\"mainEntityOfPage\":{\"@id\":\"https:\/\/www.notibras.com\/site\/o-fim-do-sol-inca-e-a-chegada-do-homem-branco\/\"},\"wordCount\":351,\"publisher\":{\"@id\":\"https:\/\/www.notibras.com\/site\/#organization\"},\"image\":{\"@id\":\"https:\/\/www.notibras.com\/site\/o-fim-do-sol-inca-e-a-chegada-do-homem-branco\/#primaryimage\"},\"thumbnailUrl\":\"https:\/\/www.notibras.com\/site\/wp-content\/uploads\/2025\/11\/f305a3e1-26a4-4b61-a975-2260e5688630.png\",\"articleSection\":[\"Or\u00e1culos\"],\"inLanguage\":\"pt-BR\"},{\"@type\":\"WebPage\",\"@id\":\"https:\/\/www.notibras.com\/site\/o-fim-do-sol-inca-e-a-chegada-do-homem-branco\/\",\"url\":\"https:\/\/www.notibras.com\/site\/o-fim-do-sol-inca-e-a-chegada-do-homem-branco\/\",\"name\":\"O fim do Sol Inca e a chegada do homem branco - Notibras\",\"isPartOf\":{\"@id\":\"https:\/\/www.notibras.com\/site\/#website\"},\"primaryImageOfPage\":{\"@id\":\"https:\/\/www.notibras.com\/site\/o-fim-do-sol-inca-e-a-chegada-do-homem-branco\/#primaryimage\"},\"image\":{\"@id\":\"https:\/\/www.notibras.com\/site\/o-fim-do-sol-inca-e-a-chegada-do-homem-branco\/#primaryimage\"},\"thumbnailUrl\":\"https:\/\/www.notibras.com\/site\/wp-content\/uploads\/2025\/11\/f305a3e1-26a4-4b61-a975-2260e5688630.png\",\"datePublished\":\"2025-11-12T08:48:25+00:00\",\"breadcrumb\":{\"@id\":\"https:\/\/www.notibras.com\/site\/o-fim-do-sol-inca-e-a-chegada-do-homem-branco\/#breadcrumb\"},\"inLanguage\":\"pt-BR\",\"potentialAction\":[{\"@type\":\"ReadAction\",\"target\":[\"https:\/\/www.notibras.com\/site\/o-fim-do-sol-inca-e-a-chegada-do-homem-branco\/\"]}]},{\"@type\":\"ImageObject\",\"inLanguage\":\"pt-BR\",\"@id\":\"https:\/\/www.notibras.com\/site\/o-fim-do-sol-inca-e-a-chegada-do-homem-branco\/#primaryimage\",\"url\":\"https:\/\/www.notibras.com\/site\/wp-content\/uploads\/2025\/11\/f305a3e1-26a4-4b61-a975-2260e5688630.png\",\"contentUrl\":\"https:\/\/www.notibras.com\/site\/wp-content\/uploads\/2025\/11\/f305a3e1-26a4-4b61-a975-2260e5688630.png\",\"width\":1536,\"height\":1024},{\"@type\":\"BreadcrumbList\",\"@id\":\"https:\/\/www.notibras.com\/site\/o-fim-do-sol-inca-e-a-chegada-do-homem-branco\/#breadcrumb\",\"itemListElement\":[{\"@type\":\"ListItem\",\"position\":1,\"name\":\"In\u00edcio\",\"item\":\"https:\/\/www.notibras.com\/site\/\"},{\"@type\":\"ListItem\",\"position\":2,\"name\":\"O fim do Sol Inca e a chegada do homem branco\"}]},{\"@type\":\"WebSite\",\"@id\":\"https:\/\/www.notibras.com\/site\/#website\",\"url\":\"https:\/\/www.notibras.com\/site\/\",\"name\":\"Notibras\",\"description\":\"Not\u00edcias de Bras\u00edlia, do Brasil e do Mundo\",\"publisher\":{\"@id\":\"https:\/\/www.notibras.com\/site\/#organization\"},\"potentialAction\":[{\"@type\":\"SearchAction\",\"target\":{\"@type\":\"EntryPoint\",\"urlTemplate\":\"https:\/\/www.notibras.com\/site\/?s={search_term_string}\"},\"query-input\":{\"@type\":\"PropertyValueSpecification\",\"valueRequired\":true,\"valueName\":\"search_term_string\"}}],\"inLanguage\":\"pt-BR\"},{\"@type\":\"Organization\",\"@id\":\"https:\/\/www.notibras.com\/site\/#organization\",\"name\":\"Grupo Notibras de Comunica\u00e7\u00e3o\",\"url\":\"https:\/\/www.notibras.com\/site\/\",\"logo\":{\"@type\":\"ImageObject\",\"inLanguage\":\"pt-BR\",\"@id\":\"https:\/\/www.notibras.com\/site\/#\/schema\/logo\/image\/\",\"url\":\"https:\/\/www.notibras.com\/site\/wp-content\/uploads\/2023\/01\/notibras23.png\",\"contentUrl\":\"https:\/\/www.notibras.com\/site\/wp-content\/uploads\/2023\/01\/notibras23.png\",\"width\":350,\"height\":87,\"caption\":\"Grupo Notibras de Comunica\u00e7\u00e3o\"},\"image\":{\"@id\":\"https:\/\/www.notibras.com\/site\/#\/schema\/logo\/image\/\"},\"sameAs\":[\"https:\/\/www.facebook.com\/notibras\/\",\"https:\/\/x.com\/Notibras\",\"https:\/\/www.instagram.com\/notibras\/\"]},{\"@type\":\"Person\",\"@id\":\"https:\/\/www.notibras.com\/site\/#\/schema\/person\/36ab0979449956132d3e5b517ea76ac8\",\"name\":\"Reda\u00e7\u00e3o\",\"image\":{\"@type\":\"ImageObject\",\"inLanguage\":\"pt-BR\",\"@id\":\"https:\/\/secure.gravatar.com\/avatar\/e0a867bdedb85fd243eadf09663511f96fc81e0720a4a42581f334ad4303aa6b?s=96&d=mm&r=g\",\"url\":\"https:\/\/secure.gravatar.com\/avatar\/e0a867bdedb85fd243eadf09663511f96fc81e0720a4a42581f334ad4303aa6b?s=96&d=mm&r=g\",\"contentUrl\":\"https:\/\/secure.gravatar.com\/avatar\/e0a867bdedb85fd243eadf09663511f96fc81e0720a4a42581f334ad4303aa6b?s=96&d=mm&r=g\",\"caption\":\"Reda\u00e7\u00e3o\"}}]}<\/script>\n<!-- \/ Yoast SEO plugin. -->","yoast_head_json":{"title":"O fim do Sol Inca e a chegada do homem branco - Notibras","robots":{"index":"index","follow":"follow","max-snippet":"max-snippet:-1","max-image-preview":"max-image-preview:large","max-video-preview":"max-video-preview:-1"},"canonical":"https:\/\/www.notibras.com\/site\/o-fim-do-sol-inca-e-a-chegada-do-homem-branco\/","og_locale":"pt_BR","og_type":"article","og_title":"O fim do Sol Inca e a chegada do homem branco - Notibras","og_description":"Antes que os navios do Velho Mundo rasgassem os mares em busca de ouro e gl\u00f3ria, os povos andinos j\u00e1 olhavam para o alto, reverenciando o Sol como o pai de toda a vida. Inti, o deus solar, reinava soberano no cora\u00e7\u00e3o dos Andes, enquanto Pachamama, a M\u00e3e Terra, sustentava o ciclo da colheita e [&hellip;]","og_url":"https:\/\/www.notibras.com\/site\/o-fim-do-sol-inca-e-a-chegada-do-homem-branco\/","og_site_name":"Notibras","article_publisher":"https:\/\/www.facebook.com\/notibras\/","article_published_time":"2025-11-12T08:48:25+00:00","og_image":[{"width":1024,"height":683,"url":"https:\/\/www.notibras.com\/site\/wp-content\/uploads\/2025\/11\/f305a3e1-26a4-4b61-a975-2260e5688630-1024x683.png","type":"image\/png"}],"author":"Reda\u00e7\u00e3o","twitter_card":"summary_large_image","twitter_creator":"@Notibras","twitter_site":"@Notibras","twitter_misc":{"Escrito por":"Reda\u00e7\u00e3o","Est. tempo de leitura":"3 minutos"},"schema":{"@context":"https:\/\/schema.org","@graph":[{"@type":"Article","@id":"https:\/\/www.notibras.com\/site\/o-fim-do-sol-inca-e-a-chegada-do-homem-branco\/#article","isPartOf":{"@id":"https:\/\/www.notibras.com\/site\/o-fim-do-sol-inca-e-a-chegada-do-homem-branco\/"},"author":{"name":"Reda\u00e7\u00e3o","@id":"https:\/\/www.notibras.com\/site\/#\/schema\/person\/36ab0979449956132d3e5b517ea76ac8"},"headline":"O fim do Sol Inca e a chegada do homem branco","datePublished":"2025-11-12T08:48:25+00:00","mainEntityOfPage":{"@id":"https:\/\/www.notibras.com\/site\/o-fim-do-sol-inca-e-a-chegada-do-homem-branco\/"},"wordCount":351,"publisher":{"@id":"https:\/\/www.notibras.com\/site\/#organization"},"image":{"@id":"https:\/\/www.notibras.com\/site\/o-fim-do-sol-inca-e-a-chegada-do-homem-branco\/#primaryimage"},"thumbnailUrl":"https:\/\/www.notibras.com\/site\/wp-content\/uploads\/2025\/11\/f305a3e1-26a4-4b61-a975-2260e5688630.png","articleSection":["Or\u00e1culos"],"inLanguage":"pt-BR"},{"@type":"WebPage","@id":"https:\/\/www.notibras.com\/site\/o-fim-do-sol-inca-e-a-chegada-do-homem-branco\/","url":"https:\/\/www.notibras.com\/site\/o-fim-do-sol-inca-e-a-chegada-do-homem-branco\/","name":"O fim do Sol Inca e a chegada do homem branco - Notibras","isPartOf":{"@id":"https:\/\/www.notibras.com\/site\/#website"},"primaryImageOfPage":{"@id":"https:\/\/www.notibras.com\/site\/o-fim-do-sol-inca-e-a-chegada-do-homem-branco\/#primaryimage"},"image":{"@id":"https:\/\/www.notibras.com\/site\/o-fim-do-sol-inca-e-a-chegada-do-homem-branco\/#primaryimage"},"thumbnailUrl":"https:\/\/www.notibras.com\/site\/wp-content\/uploads\/2025\/11\/f305a3e1-26a4-4b61-a975-2260e5688630.png","datePublished":"2025-11-12T08:48:25+00:00","breadcrumb":{"@id":"https:\/\/www.notibras.com\/site\/o-fim-do-sol-inca-e-a-chegada-do-homem-branco\/#breadcrumb"},"inLanguage":"pt-BR","potentialAction":[{"@type":"ReadAction","target":["https:\/\/www.notibras.com\/site\/o-fim-do-sol-inca-e-a-chegada-do-homem-branco\/"]}]},{"@type":"ImageObject","inLanguage":"pt-BR","@id":"https:\/\/www.notibras.com\/site\/o-fim-do-sol-inca-e-a-chegada-do-homem-branco\/#primaryimage","url":"https:\/\/www.notibras.com\/site\/wp-content\/uploads\/2025\/11\/f305a3e1-26a4-4b61-a975-2260e5688630.png","contentUrl":"https:\/\/www.notibras.com\/site\/wp-content\/uploads\/2025\/11\/f305a3e1-26a4-4b61-a975-2260e5688630.png","width":1536,"height":1024},{"@type":"BreadcrumbList","@id":"https:\/\/www.notibras.com\/site\/o-fim-do-sol-inca-e-a-chegada-do-homem-branco\/#breadcrumb","itemListElement":[{"@type":"ListItem","position":1,"name":"In\u00edcio","item":"https:\/\/www.notibras.com\/site\/"},{"@type":"ListItem","position":2,"name":"O fim do Sol Inca e a chegada do homem branco"}]},{"@type":"WebSite","@id":"https:\/\/www.notibras.com\/site\/#website","url":"https:\/\/www.notibras.com\/site\/","name":"Notibras","description":"Not\u00edcias de Bras\u00edlia, do Brasil e do Mundo","publisher":{"@id":"https:\/\/www.notibras.com\/site\/#organization"},"potentialAction":[{"@type":"SearchAction","target":{"@type":"EntryPoint","urlTemplate":"https:\/\/www.notibras.com\/site\/?s={search_term_string}"},"query-input":{"@type":"PropertyValueSpecification","valueRequired":true,"valueName":"search_term_string"}}],"inLanguage":"pt-BR"},{"@type":"Organization","@id":"https:\/\/www.notibras.com\/site\/#organization","name":"Grupo Notibras de Comunica\u00e7\u00e3o","url":"https:\/\/www.notibras.com\/site\/","logo":{"@type":"ImageObject","inLanguage":"pt-BR","@id":"https:\/\/www.notibras.com\/site\/#\/schema\/logo\/image\/","url":"https:\/\/www.notibras.com\/site\/wp-content\/uploads\/2023\/01\/notibras23.png","contentUrl":"https:\/\/www.notibras.com\/site\/wp-content\/uploads\/2023\/01\/notibras23.png","width":350,"height":87,"caption":"Grupo Notibras de Comunica\u00e7\u00e3o"},"image":{"@id":"https:\/\/www.notibras.com\/site\/#\/schema\/logo\/image\/"},"sameAs":["https:\/\/www.facebook.com\/notibras\/","https:\/\/x.com\/Notibras","https:\/\/www.instagram.com\/notibras\/"]},{"@type":"Person","@id":"https:\/\/www.notibras.com\/site\/#\/schema\/person\/36ab0979449956132d3e5b517ea76ac8","name":"Reda\u00e7\u00e3o","image":{"@type":"ImageObject","inLanguage":"pt-BR","@id":"https:\/\/secure.gravatar.com\/avatar\/e0a867bdedb85fd243eadf09663511f96fc81e0720a4a42581f334ad4303aa6b?s=96&d=mm&r=g","url":"https:\/\/secure.gravatar.com\/avatar\/e0a867bdedb85fd243eadf09663511f96fc81e0720a4a42581f334ad4303aa6b?s=96&d=mm&r=g","contentUrl":"https:\/\/secure.gravatar.com\/avatar\/e0a867bdedb85fd243eadf09663511f96fc81e0720a4a42581f334ad4303aa6b?s=96&d=mm&r=g","caption":"Reda\u00e7\u00e3o"}}]}},"amp_enabled":true,"_links":{"self":[{"href":"https:\/\/www.notibras.com\/site\/wp-json\/wp\/v2\/posts\/370575","targetHints":{"allow":["GET"]}}],"collection":[{"href":"https:\/\/www.notibras.com\/site\/wp-json\/wp\/v2\/posts"}],"about":[{"href":"https:\/\/www.notibras.com\/site\/wp-json\/wp\/v2\/types\/post"}],"author":[{"embeddable":true,"href":"https:\/\/www.notibras.com\/site\/wp-json\/wp\/v2\/users\/2"}],"replies":[{"embeddable":true,"href":"https:\/\/www.notibras.com\/site\/wp-json\/wp\/v2\/comments?post=370575"}],"version-history":[{"count":1,"href":"https:\/\/www.notibras.com\/site\/wp-json\/wp\/v2\/posts\/370575\/revisions"}],"predecessor-version":[{"id":370577,"href":"https:\/\/www.notibras.com\/site\/wp-json\/wp\/v2\/posts\/370575\/revisions\/370577"}],"wp:featuredmedia":[{"embeddable":true,"href":"https:\/\/www.notibras.com\/site\/wp-json\/wp\/v2\/media\/370576"}],"wp:attachment":[{"href":"https:\/\/www.notibras.com\/site\/wp-json\/wp\/v2\/media?parent=370575"}],"wp:term":[{"taxonomy":"category","embeddable":true,"href":"https:\/\/www.notibras.com\/site\/wp-json\/wp\/v2\/categories?post=370575"},{"taxonomy":"post_tag","embeddable":true,"href":"https:\/\/www.notibras.com\/site\/wp-json\/wp\/v2\/tags?post=370575"}],"curies":[{"name":"wp","href":"https:\/\/api.w.org\/{rel}","templated":true}]}}