{"id":370680,"date":"2025-11-13T06:26:48","date_gmt":"2025-11-13T09:26:48","guid":{"rendered":"https:\/\/www.notibras.com\/site\/?p=370680"},"modified":"2025-11-13T06:28:30","modified_gmt":"2025-11-13T09:28:30","slug":"castelo-de-trump-comeca-a-ruir-como-roma-de-nero","status":"publish","type":"post","link":"https:\/\/www.notibras.com\/site\/castelo-de-trump-comeca-a-ruir-como-roma-de-nero\/","title":{"rendered":"Castelo de Trump come\u00e7a a ruir como Roma de Nero"},"content":{"rendered":"<p>Donald Trump iniciou este seu segundo mandato nos EUA com toda a prepot\u00eancia e o histrionismo que lhe s\u00e3o t\u00e3o peculiares. Incensado pela vit\u00f3ria no col\u00e9gio eleitoral e tamb\u00e9m nos votos nominais, deu todas as demonstra\u00e7\u00f5es de que seu ego havia rompido o limite do impens\u00e1vel, se \u00e9 que h\u00e1 alguma loucura impens\u00e1vel quando se trata de Trump.<\/p>\n<p>Ainda nos anos 1990, um dos marqueteiros que levou Bill Clinton \u00e0 presid\u00eancia dos EUA cunhou uma c\u00e9lebre frase que se espalhou e acabou se tornando um mantra em campanhas eleitorais: \u00e9 a economia est\u00fapido. Ele quis afirmar que s\u00e3o as quest\u00f5es econ\u00f4micas do dia a dia na vida das pessoas que \u00e9 determinante para um desfecho positivo ou negativo numa elei\u00e7\u00e3o.<\/p>\n<p>Naquele momento ele pareceu estar certo, ajudou a levar Clinton ao governo por dois mandatos. Hoje, embora ainda muito importante, a quest\u00e3o econ\u00f4mica n\u00e3o \u00e9 t\u00e3o determinante assim, pois o avan\u00e7o do extremismo de direita eclipsou a vis\u00e3o de in\u00fameros eleitores, fazendo com que outras pautas tamb\u00e9m estejam presentes no debate eleitoral, o que no Brasil \u00e9 facilmente percept\u00edvel haja vista as \u00faltimas elei\u00e7\u00f5es presidenciais.<\/p>\n<p>Por\u00e9m, n\u00e3o se pode, nem se deve, desconsiderar as quest\u00f5es econ\u00f4micas, pois ao fim e ao cabo, as pessoas, os eleitores, vivem seu dia a dia com preocupa\u00e7\u00f5es prioritariamente voltadas para as condi\u00e7\u00f5es de vida, se haver\u00e1 dinheiro para as contas do m\u00eas, se conseguir\u00e3o comprar alimentos, se conseguir\u00e3o pagar a escola e o seguro-sa\u00fade, especialmente nos EUA, sabidamente um pa\u00eds cujos custos s\u00e3o muito elevados.<\/p>\n<p>Dito isto, o emba\u00e7amento de vis\u00e3o de Trump, inebriado pelo poder de um mandato supostamente divino que imaginava ter recebido dos eleitores, mesmo estes n\u00e3o representando sequer a metade dos habitantes do pa\u00eds, parece que se esqueceu desta quest\u00e3o b\u00e1sica, \u00e9 a economia est\u00fapido. E o que tem se assistido nos EUA \u00e9 uma eleva\u00e7\u00e3o consistente do custo de vida, acompanhado do corte de benef\u00edcios para os mais pobres e da eleva\u00e7\u00e3o do desemprego, receita cl\u00e1ssica do neoliberalismo. E com isso a derrocada em curso de sua aprova\u00e7\u00e3o.<\/p>\n<p>Pesquisas feitas recentemente mostram que a desaprova\u00e7\u00e3o do governo se situa em 57%, um n\u00famero muito elevado para quem n\u00e3o completou sequer um ano de mandato. E eis que surge uma elei\u00e7\u00e3o no caminho, que embora n\u00e3o seja t\u00e3o extensa, colocou em disputa cargos emblem\u00e1ticos como a prefeitura de Nova Iorque e os governos estaduais de Virg\u00ednia e Nova Jersei.<\/p>\n<p>Colhidos os votos, o partido de Trump colheu derrotas fragorosas, e, como n\u00e3o poderia deixar de ser, a de Nova Iorque, por tudo que representa aquela cidade na vida real e no imagin\u00e1rio mundial, foi a mais eloquente. Mas a derrota se estendeu para muito al\u00e9m disso, e os democratas venceram as elei\u00e7\u00f5es para os governos estaduais, elegeu ju\u00edzes e procuradores em alguns estados, derrotou plebiscitos no Maine que alteraria crit\u00e9rios eleitorais naquele estado que beneficiariam Trump e, por outro lado, aprovou em plebiscito altera\u00e7\u00f5es na Calif\u00f3rnia que podem colocar mais cinco deputados democratas no congresso americano nas elei\u00e7\u00f5es de meio de mandato de 2026. Tudo o que Trump n\u00e3o queria, e tudo o que recebeu.<\/p>\n<p>Pol\u00edticas agressivas de tarifas alfandeg\u00e1rias, principalmente, contribu\u00edram para elevar o pre\u00e7o dos produtos nos EUA, pois muito al\u00e9m do discurso simplista de que com isto estava trazendo de volta os empregos para os americanos, o fato \u00e9 que o tarifa\u00e7o n\u00e3o est\u00e1 sendo suficiente para que plantas industriais abandonem seus atuais habitats, principalmente o sudeste asi\u00e1tico, e voltem para os EUA. At\u00e9 porque s\u00e3o muitas vari\u00e1veis a serem consideradas quando uma empresa se instala em um determinado local, e n\u00e3o apenas quest\u00f5es tarif\u00e1rias. Resultado, produtos mais caros, menor consumo, menos emprego.<\/p>\n<p>A continuar com esta l\u00f3gica torta de mandato, e tudo leva a crer que ser\u00e1 assim em fun\u00e7\u00e3o de seu perfil e hist\u00f3rico, em 2026 espera-se uma derrota que manietar\u00e1 completamente o governo de Trump. L\u00e1 ser\u00e3o renovados todos os mandatos da C\u00e2mara dos Deputados e um ter\u00e7o do Senado, impactando fortemente a composi\u00e7\u00e3o do Congresso, que pode se tornar majoritariamente de oposi\u00e7\u00e3o. E como se sabe, embora Trump possa muito, ele n\u00e3o pode tudo, e o Congresso Americano det\u00e9m instrumentos que podem dificultar bastante as iniciativas governamentais. Oxal\u00e1 Trump continue com a vis\u00e3o turva e torta, e 2026 se assistir\u00e1 a derrocada completa do castelo que ele construiu em torno de si. Ou ser\u00e1 que ele, assim como tentou em 2021, mais uma vez tentar\u00e1 um golpe, destruindo por completo um dos maiores orgulhos dos norte-americanos, a solidez e a longevidade de sua democracia?<\/p>\n<p>&#8230;&#8230;&#8230;&#8230;&#8230;.<\/p>\n<p><strong>Antonio Eust\u00e1quio \u00e9 correspondente de Notibras na Europa<\/strong><\/p>\n","protected":false},"excerpt":{"rendered":"<p>Donald Trump iniciou este seu segundo mandato nos EUA com toda a prepot\u00eancia e o histrionismo que lhe s\u00e3o t\u00e3o peculiares. Incensado pela vit\u00f3ria no col\u00e9gio eleitoral e tamb\u00e9m nos votos nominais, deu todas as demonstra\u00e7\u00f5es de que seu ego havia rompido o limite do impens\u00e1vel, se \u00e9 que h\u00e1 alguma loucura impens\u00e1vel quando se [&hellip;]<\/p>\n","protected":false},"author":2,"featured_media":346015,"comment_status":"closed","ping_status":"closed","sticky":false,"template":"","format":"standard","meta":{"_acf_changed":false,"footnotes":""},"categories":[236],"tags":[95],"class_list":["post-370680","post","type-post","status-publish","format-standard","has-post-thumbnail","hentry","category-ponto-de-vista","tag-capa"],"acf":[],"yoast_head":"<!-- This site is optimized with the Yoast SEO plugin v27.2 - https:\/\/yoast.com\/product\/yoast-seo-wordpress\/ -->\n<title>Castelo de Trump come\u00e7a a ruir como Roma de Nero - Notibras<\/title>\n<meta name=\"robots\" content=\"index, follow, max-snippet:-1, max-image-preview:large, max-video-preview:-1\" \/>\n<link rel=\"canonical\" href=\"https:\/\/www.notibras.com\/site\/castelo-de-trump-comeca-a-ruir-como-roma-de-nero\/\" \/>\n<meta property=\"og:locale\" content=\"pt_BR\" \/>\n<meta property=\"og:type\" content=\"article\" \/>\n<meta property=\"og:title\" content=\"Castelo de Trump come\u00e7a a ruir como Roma de Nero - Notibras\" \/>\n<meta property=\"og:description\" content=\"Donald Trump iniciou este seu segundo mandato nos EUA com toda a prepot\u00eancia e o histrionismo que lhe s\u00e3o t\u00e3o peculiares. Incensado pela vit\u00f3ria no col\u00e9gio eleitoral e tamb\u00e9m nos votos nominais, deu todas as demonstra\u00e7\u00f5es de que seu ego havia rompido o limite do impens\u00e1vel, se \u00e9 que h\u00e1 alguma loucura impens\u00e1vel quando se [&hellip;]\" \/>\n<meta property=\"og:url\" content=\"https:\/\/www.notibras.com\/site\/castelo-de-trump-comeca-a-ruir-como-roma-de-nero\/\" \/>\n<meta property=\"og:site_name\" content=\"Notibras\" \/>\n<meta property=\"article:publisher\" content=\"https:\/\/www.facebook.com\/notibras\/\" \/>\n<meta property=\"article:published_time\" content=\"2025-11-13T09:26:48+00:00\" \/>\n<meta property=\"article:modified_time\" content=\"2025-11-13T09:28:30+00:00\" \/>\n<meta property=\"og:image\" content=\"https:\/\/www.notibras.com\/site\/wp-content\/uploads\/2025\/01\/trumpliberdade.webp\" \/>\n\t<meta property=\"og:image:width\" content=\"770\" \/>\n\t<meta property=\"og:image:height\" content=\"513\" \/>\n\t<meta property=\"og:image:type\" content=\"image\/webp\" \/>\n<meta name=\"author\" content=\"Reda\u00e7\u00e3o\" \/>\n<meta name=\"twitter:card\" content=\"summary_large_image\" \/>\n<meta name=\"twitter:creator\" content=\"@Notibras\" \/>\n<meta name=\"twitter:site\" content=\"@Notibras\" \/>\n<meta name=\"twitter:label1\" content=\"Escrito por\" \/>\n\t<meta name=\"twitter:data1\" content=\"Reda\u00e7\u00e3o\" \/>\n\t<meta name=\"twitter:label2\" content=\"Est. tempo de leitura\" \/>\n\t<meta name=\"twitter:data2\" content=\"5 minutos\" \/>\n<script type=\"application\/ld+json\" class=\"yoast-schema-graph\">{\"@context\":\"https:\/\/schema.org\",\"@graph\":[{\"@type\":\"Article\",\"@id\":\"https:\/\/www.notibras.com\/site\/castelo-de-trump-comeca-a-ruir-como-roma-de-nero\/#article\",\"isPartOf\":{\"@id\":\"https:\/\/www.notibras.com\/site\/castelo-de-trump-comeca-a-ruir-como-roma-de-nero\/\"},\"author\":{\"name\":\"Reda\u00e7\u00e3o\",\"@id\":\"https:\/\/www.notibras.com\/site\/#\/schema\/person\/36ab0979449956132d3e5b517ea76ac8\"},\"headline\":\"Castelo de Trump come\u00e7a a ruir como Roma de Nero\",\"datePublished\":\"2025-11-13T09:26:48+00:00\",\"dateModified\":\"2025-11-13T09:28:30+00:00\",\"mainEntityOfPage\":{\"@id\":\"https:\/\/www.notibras.com\/site\/castelo-de-trump-comeca-a-ruir-como-roma-de-nero\/\"},\"wordCount\":847,\"publisher\":{\"@id\":\"https:\/\/www.notibras.com\/site\/#organization\"},\"image\":{\"@id\":\"https:\/\/www.notibras.com\/site\/castelo-de-trump-comeca-a-ruir-como-roma-de-nero\/#primaryimage\"},\"thumbnailUrl\":\"https:\/\/www.notibras.com\/site\/wp-content\/uploads\/2025\/01\/trumpliberdade.webp\",\"keywords\":[\"capa\"],\"articleSection\":[\"Ponto de Vista\"],\"inLanguage\":\"pt-BR\"},{\"@type\":\"WebPage\",\"@id\":\"https:\/\/www.notibras.com\/site\/castelo-de-trump-comeca-a-ruir-como-roma-de-nero\/\",\"url\":\"https:\/\/www.notibras.com\/site\/castelo-de-trump-comeca-a-ruir-como-roma-de-nero\/\",\"name\":\"Castelo de Trump come\u00e7a a ruir como Roma de Nero - Notibras\",\"isPartOf\":{\"@id\":\"https:\/\/www.notibras.com\/site\/#website\"},\"primaryImageOfPage\":{\"@id\":\"https:\/\/www.notibras.com\/site\/castelo-de-trump-comeca-a-ruir-como-roma-de-nero\/#primaryimage\"},\"image\":{\"@id\":\"https:\/\/www.notibras.com\/site\/castelo-de-trump-comeca-a-ruir-como-roma-de-nero\/#primaryimage\"},\"thumbnailUrl\":\"https:\/\/www.notibras.com\/site\/wp-content\/uploads\/2025\/01\/trumpliberdade.webp\",\"datePublished\":\"2025-11-13T09:26:48+00:00\",\"dateModified\":\"2025-11-13T09:28:30+00:00\",\"breadcrumb\":{\"@id\":\"https:\/\/www.notibras.com\/site\/castelo-de-trump-comeca-a-ruir-como-roma-de-nero\/#breadcrumb\"},\"inLanguage\":\"pt-BR\",\"potentialAction\":[{\"@type\":\"ReadAction\",\"target\":[\"https:\/\/www.notibras.com\/site\/castelo-de-trump-comeca-a-ruir-como-roma-de-nero\/\"]}]},{\"@type\":\"ImageObject\",\"inLanguage\":\"pt-BR\",\"@id\":\"https:\/\/www.notibras.com\/site\/castelo-de-trump-comeca-a-ruir-como-roma-de-nero\/#primaryimage\",\"url\":\"https:\/\/www.notibras.com\/site\/wp-content\/uploads\/2025\/01\/trumpliberdade.webp\",\"contentUrl\":\"https:\/\/www.notibras.com\/site\/wp-content\/uploads\/2025\/01\/trumpliberdade.webp\",\"width\":770,\"height\":513},{\"@type\":\"BreadcrumbList\",\"@id\":\"https:\/\/www.notibras.com\/site\/castelo-de-trump-comeca-a-ruir-como-roma-de-nero\/#breadcrumb\",\"itemListElement\":[{\"@type\":\"ListItem\",\"position\":1,\"name\":\"In\u00edcio\",\"item\":\"https:\/\/www.notibras.com\/site\/\"},{\"@type\":\"ListItem\",\"position\":2,\"name\":\"Castelo de Trump come\u00e7a a ruir como Roma de Nero\"}]},{\"@type\":\"WebSite\",\"@id\":\"https:\/\/www.notibras.com\/site\/#website\",\"url\":\"https:\/\/www.notibras.com\/site\/\",\"name\":\"Notibras\",\"description\":\"Not\u00edcias de Bras\u00edlia, do Brasil e do Mundo\",\"publisher\":{\"@id\":\"https:\/\/www.notibras.com\/site\/#organization\"},\"potentialAction\":[{\"@type\":\"SearchAction\",\"target\":{\"@type\":\"EntryPoint\",\"urlTemplate\":\"https:\/\/www.notibras.com\/site\/?s={search_term_string}\"},\"query-input\":{\"@type\":\"PropertyValueSpecification\",\"valueRequired\":true,\"valueName\":\"search_term_string\"}}],\"inLanguage\":\"pt-BR\"},{\"@type\":\"Organization\",\"@id\":\"https:\/\/www.notibras.com\/site\/#organization\",\"name\":\"Grupo Notibras de Comunica\u00e7\u00e3o\",\"url\":\"https:\/\/www.notibras.com\/site\/\",\"logo\":{\"@type\":\"ImageObject\",\"inLanguage\":\"pt-BR\",\"@id\":\"https:\/\/www.notibras.com\/site\/#\/schema\/logo\/image\/\",\"url\":\"https:\/\/www.notibras.com\/site\/wp-content\/uploads\/2023\/01\/notibras23.png\",\"contentUrl\":\"https:\/\/www.notibras.com\/site\/wp-content\/uploads\/2023\/01\/notibras23.png\",\"width\":350,\"height\":87,\"caption\":\"Grupo Notibras de Comunica\u00e7\u00e3o\"},\"image\":{\"@id\":\"https:\/\/www.notibras.com\/site\/#\/schema\/logo\/image\/\"},\"sameAs\":[\"https:\/\/www.facebook.com\/notibras\/\",\"https:\/\/x.com\/Notibras\",\"https:\/\/www.instagram.com\/notibras\/\"]},{\"@type\":\"Person\",\"@id\":\"https:\/\/www.notibras.com\/site\/#\/schema\/person\/36ab0979449956132d3e5b517ea76ac8\",\"name\":\"Reda\u00e7\u00e3o\",\"image\":{\"@type\":\"ImageObject\",\"inLanguage\":\"pt-BR\",\"@id\":\"https:\/\/secure.gravatar.com\/avatar\/e0a867bdedb85fd243eadf09663511f96fc81e0720a4a42581f334ad4303aa6b?s=96&d=mm&r=g\",\"url\":\"https:\/\/secure.gravatar.com\/avatar\/e0a867bdedb85fd243eadf09663511f96fc81e0720a4a42581f334ad4303aa6b?s=96&d=mm&r=g\",\"contentUrl\":\"https:\/\/secure.gravatar.com\/avatar\/e0a867bdedb85fd243eadf09663511f96fc81e0720a4a42581f334ad4303aa6b?s=96&d=mm&r=g\",\"caption\":\"Reda\u00e7\u00e3o\"}}]}<\/script>\n<!-- \/ Yoast SEO plugin. -->","yoast_head_json":{"title":"Castelo de Trump come\u00e7a a ruir como Roma de Nero - Notibras","robots":{"index":"index","follow":"follow","max-snippet":"max-snippet:-1","max-image-preview":"max-image-preview:large","max-video-preview":"max-video-preview:-1"},"canonical":"https:\/\/www.notibras.com\/site\/castelo-de-trump-comeca-a-ruir-como-roma-de-nero\/","og_locale":"pt_BR","og_type":"article","og_title":"Castelo de Trump come\u00e7a a ruir como Roma de Nero - Notibras","og_description":"Donald Trump iniciou este seu segundo mandato nos EUA com toda a prepot\u00eancia e o histrionismo que lhe s\u00e3o t\u00e3o peculiares. Incensado pela vit\u00f3ria no col\u00e9gio eleitoral e tamb\u00e9m nos votos nominais, deu todas as demonstra\u00e7\u00f5es de que seu ego havia rompido o limite do impens\u00e1vel, se \u00e9 que h\u00e1 alguma loucura impens\u00e1vel quando se [&hellip;]","og_url":"https:\/\/www.notibras.com\/site\/castelo-de-trump-comeca-a-ruir-como-roma-de-nero\/","og_site_name":"Notibras","article_publisher":"https:\/\/www.facebook.com\/notibras\/","article_published_time":"2025-11-13T09:26:48+00:00","article_modified_time":"2025-11-13T09:28:30+00:00","og_image":[{"width":770,"height":513,"url":"https:\/\/www.notibras.com\/site\/wp-content\/uploads\/2025\/01\/trumpliberdade.webp","type":"image\/webp"}],"author":"Reda\u00e7\u00e3o","twitter_card":"summary_large_image","twitter_creator":"@Notibras","twitter_site":"@Notibras","twitter_misc":{"Escrito por":"Reda\u00e7\u00e3o","Est. tempo de leitura":"5 minutos"},"schema":{"@context":"https:\/\/schema.org","@graph":[{"@type":"Article","@id":"https:\/\/www.notibras.com\/site\/castelo-de-trump-comeca-a-ruir-como-roma-de-nero\/#article","isPartOf":{"@id":"https:\/\/www.notibras.com\/site\/castelo-de-trump-comeca-a-ruir-como-roma-de-nero\/"},"author":{"name":"Reda\u00e7\u00e3o","@id":"https:\/\/www.notibras.com\/site\/#\/schema\/person\/36ab0979449956132d3e5b517ea76ac8"},"headline":"Castelo de Trump come\u00e7a a ruir como Roma de Nero","datePublished":"2025-11-13T09:26:48+00:00","dateModified":"2025-11-13T09:28:30+00:00","mainEntityOfPage":{"@id":"https:\/\/www.notibras.com\/site\/castelo-de-trump-comeca-a-ruir-como-roma-de-nero\/"},"wordCount":847,"publisher":{"@id":"https:\/\/www.notibras.com\/site\/#organization"},"image":{"@id":"https:\/\/www.notibras.com\/site\/castelo-de-trump-comeca-a-ruir-como-roma-de-nero\/#primaryimage"},"thumbnailUrl":"https:\/\/www.notibras.com\/site\/wp-content\/uploads\/2025\/01\/trumpliberdade.webp","keywords":["capa"],"articleSection":["Ponto de Vista"],"inLanguage":"pt-BR"},{"@type":"WebPage","@id":"https:\/\/www.notibras.com\/site\/castelo-de-trump-comeca-a-ruir-como-roma-de-nero\/","url":"https:\/\/www.notibras.com\/site\/castelo-de-trump-comeca-a-ruir-como-roma-de-nero\/","name":"Castelo de Trump come\u00e7a a ruir como Roma de Nero - Notibras","isPartOf":{"@id":"https:\/\/www.notibras.com\/site\/#website"},"primaryImageOfPage":{"@id":"https:\/\/www.notibras.com\/site\/castelo-de-trump-comeca-a-ruir-como-roma-de-nero\/#primaryimage"},"image":{"@id":"https:\/\/www.notibras.com\/site\/castelo-de-trump-comeca-a-ruir-como-roma-de-nero\/#primaryimage"},"thumbnailUrl":"https:\/\/www.notibras.com\/site\/wp-content\/uploads\/2025\/01\/trumpliberdade.webp","datePublished":"2025-11-13T09:26:48+00:00","dateModified":"2025-11-13T09:28:30+00:00","breadcrumb":{"@id":"https:\/\/www.notibras.com\/site\/castelo-de-trump-comeca-a-ruir-como-roma-de-nero\/#breadcrumb"},"inLanguage":"pt-BR","potentialAction":[{"@type":"ReadAction","target":["https:\/\/www.notibras.com\/site\/castelo-de-trump-comeca-a-ruir-como-roma-de-nero\/"]}]},{"@type":"ImageObject","inLanguage":"pt-BR","@id":"https:\/\/www.notibras.com\/site\/castelo-de-trump-comeca-a-ruir-como-roma-de-nero\/#primaryimage","url":"https:\/\/www.notibras.com\/site\/wp-content\/uploads\/2025\/01\/trumpliberdade.webp","contentUrl":"https:\/\/www.notibras.com\/site\/wp-content\/uploads\/2025\/01\/trumpliberdade.webp","width":770,"height":513},{"@type":"BreadcrumbList","@id":"https:\/\/www.notibras.com\/site\/castelo-de-trump-comeca-a-ruir-como-roma-de-nero\/#breadcrumb","itemListElement":[{"@type":"ListItem","position":1,"name":"In\u00edcio","item":"https:\/\/www.notibras.com\/site\/"},{"@type":"ListItem","position":2,"name":"Castelo de Trump come\u00e7a a ruir como Roma de Nero"}]},{"@type":"WebSite","@id":"https:\/\/www.notibras.com\/site\/#website","url":"https:\/\/www.notibras.com\/site\/","name":"Notibras","description":"Not\u00edcias de Bras\u00edlia, do Brasil e do Mundo","publisher":{"@id":"https:\/\/www.notibras.com\/site\/#organization"},"potentialAction":[{"@type":"SearchAction","target":{"@type":"EntryPoint","urlTemplate":"https:\/\/www.notibras.com\/site\/?s={search_term_string}"},"query-input":{"@type":"PropertyValueSpecification","valueRequired":true,"valueName":"search_term_string"}}],"inLanguage":"pt-BR"},{"@type":"Organization","@id":"https:\/\/www.notibras.com\/site\/#organization","name":"Grupo Notibras de Comunica\u00e7\u00e3o","url":"https:\/\/www.notibras.com\/site\/","logo":{"@type":"ImageObject","inLanguage":"pt-BR","@id":"https:\/\/www.notibras.com\/site\/#\/schema\/logo\/image\/","url":"https:\/\/www.notibras.com\/site\/wp-content\/uploads\/2023\/01\/notibras23.png","contentUrl":"https:\/\/www.notibras.com\/site\/wp-content\/uploads\/2023\/01\/notibras23.png","width":350,"height":87,"caption":"Grupo Notibras de Comunica\u00e7\u00e3o"},"image":{"@id":"https:\/\/www.notibras.com\/site\/#\/schema\/logo\/image\/"},"sameAs":["https:\/\/www.facebook.com\/notibras\/","https:\/\/x.com\/Notibras","https:\/\/www.instagram.com\/notibras\/"]},{"@type":"Person","@id":"https:\/\/www.notibras.com\/site\/#\/schema\/person\/36ab0979449956132d3e5b517ea76ac8","name":"Reda\u00e7\u00e3o","image":{"@type":"ImageObject","inLanguage":"pt-BR","@id":"https:\/\/secure.gravatar.com\/avatar\/e0a867bdedb85fd243eadf09663511f96fc81e0720a4a42581f334ad4303aa6b?s=96&d=mm&r=g","url":"https:\/\/secure.gravatar.com\/avatar\/e0a867bdedb85fd243eadf09663511f96fc81e0720a4a42581f334ad4303aa6b?s=96&d=mm&r=g","contentUrl":"https:\/\/secure.gravatar.com\/avatar\/e0a867bdedb85fd243eadf09663511f96fc81e0720a4a42581f334ad4303aa6b?s=96&d=mm&r=g","caption":"Reda\u00e7\u00e3o"}}]}},"amp_enabled":true,"_links":{"self":[{"href":"https:\/\/www.notibras.com\/site\/wp-json\/wp\/v2\/posts\/370680","targetHints":{"allow":["GET"]}}],"collection":[{"href":"https:\/\/www.notibras.com\/site\/wp-json\/wp\/v2\/posts"}],"about":[{"href":"https:\/\/www.notibras.com\/site\/wp-json\/wp\/v2\/types\/post"}],"author":[{"embeddable":true,"href":"https:\/\/www.notibras.com\/site\/wp-json\/wp\/v2\/users\/2"}],"replies":[{"embeddable":true,"href":"https:\/\/www.notibras.com\/site\/wp-json\/wp\/v2\/comments?post=370680"}],"version-history":[{"count":3,"href":"https:\/\/www.notibras.com\/site\/wp-json\/wp\/v2\/posts\/370680\/revisions"}],"predecessor-version":[{"id":370683,"href":"https:\/\/www.notibras.com\/site\/wp-json\/wp\/v2\/posts\/370680\/revisions\/370683"}],"wp:featuredmedia":[{"embeddable":true,"href":"https:\/\/www.notibras.com\/site\/wp-json\/wp\/v2\/media\/346015"}],"wp:attachment":[{"href":"https:\/\/www.notibras.com\/site\/wp-json\/wp\/v2\/media?parent=370680"}],"wp:term":[{"taxonomy":"category","embeddable":true,"href":"https:\/\/www.notibras.com\/site\/wp-json\/wp\/v2\/categories?post=370680"},{"taxonomy":"post_tag","embeddable":true,"href":"https:\/\/www.notibras.com\/site\/wp-json\/wp\/v2\/tags?post=370680"}],"curies":[{"name":"wp","href":"https:\/\/api.w.org\/{rel}","templated":true}]}}