{"id":37073,"date":"2015-02-14T11:12:20","date_gmt":"2015-02-14T14:12:20","guid":{"rendered":"http:\/\/www.notibras.com\/site\/?p=37073"},"modified":"2015-02-14T11:12:20","modified_gmt":"2015-02-14T14:12:20","slug":"pt-precisa-de-reformulacao-para-resgatar-confianca-do-povo","status":"publish","type":"post","link":"https:\/\/www.notibras.com\/site\/pt-precisa-de-reformulacao-para-resgatar-confianca-do-povo\/","title":{"rendered":"PT precisa de reformula\u00e7\u00e3o para resgatar confian\u00e7a do povo"},"content":{"rendered":"<p>Era 1976 quando Osvaldo Cavignato, um jovem assessor do presidente do Sindicato dos Metal\u00fargicos de S\u00e3o Bernardo e Diadema, Luiz In\u00e1cio Lula da Silva, sugeriu a este: &#8220;Hoje h\u00e1 uma palestra na Funda\u00e7\u00e3o Santo Andr\u00e9, para minha turma de economia, do Professor Eduardo Matarazzo Suplicy, que escreve na &#8220;Folha de S. Paulo&#8221;. Voc\u00ea gostaria de assistir?&#8221;.<\/p>\n<p>Lula aceitou e l\u00e1 ouviu minha palestra sobre como a pol\u00edtica econ\u00f4mica brasileira, embora promovesse o crescimento, era acompanhada de forte concentra\u00e7\u00e3o de riqueza. Observei para os estudantes que, quando respons\u00e1veis pela pol\u00edtica econ\u00f4mica, deveriam n\u00e3o apenas dialogar com os empres\u00e1rios, mas tamb\u00e9m com os trabalhadores afetados por suas decis\u00f5es. Ao final, Lula fez diversas indaga\u00e7\u00f5es.<\/p>\n<p>O professor ficou preocupado: &#8220;O que dir\u00e1 o diretor da faculdade na hora que souber que aqui est\u00e1 um perigoso l\u00edder sindical?&#8221;. Lula achou melhor se ausentar, eu acabei de responder as perguntas e quando sa\u00ed da sala encontrei Lula, Devanir Ribeiro e Osvaldo no p\u00e1tio. Ali, conversamos bastante e Lula ent\u00e3o me disse: &#8220;Venha l\u00e1 no sindicato para conversarmos mais&#8221;.<\/p>\n<p>Da\u00ed para frente fiz uma s\u00e9rie de visitas e troquei ideias sobre tudo que acontecia. Em 1978, quando tornei-me candidato a deputado estadual pelo MDB, perguntei aos metal\u00fargicos se poderia distribuir meu panfleto chamado &#8220;um candidato necess\u00e1rio&#8221; na porta de f\u00e1brica. Responderam-me; &#8220;Voc\u00ea nos acompanhe \u00e0s 5h30 da manh\u00e3, ajude-nos a distribuir a &#8220;Tribuna Metal\u00fargica&#8221; e da\u00ed distribui o seu&#8221;.<\/p>\n<blockquote><p>Em 1978, lancei diante da Livraria Brasiliense, no cal\u00e7ad\u00e3o da Bar\u00e3o de Itapetininga, meu livro de artigos &#8220;Compromisso&#8221;. Organizamos um di\u00e1logo com 3 cadeiras na rua &#8211; Lula, eu e o secret\u00e1rio do Sindicato dos Padeiros, Afonso de Souza, conversando com o povo. Segundo o diretor do sindicato, Osvaldo Bargas, aquela foi a primeira vez que Lula elaborou a ideia da forma\u00e7\u00e3o do Partido dos Trabalhadores.<\/p><\/blockquote>\n<p>Como deputado estadual, empenhei-me para estar sempre solid\u00e1rio ao direito de os trabalhadores &#8211; metal\u00fargicos, lixeiros, professores etc &#8211; realizarem seus movimentos de reivindica\u00e7\u00e3o. Tamb\u00e9m pela defesa dos direitos humanos, por exemplo, quando ocorriam abusos contra os menores na Febem.<\/p>\n<p>E na luta pelas Diretas J\u00e1 para prefeitos, governadores e presidente. Quando 13 metal\u00fargicos foram presos e indiciados na Lei de Seguran\u00e7a Nacional, fiz entrevistas com cada um deles e um pronunciamento de solidariedade aos mesmos na Assembleia Legislativa.<\/p>\n<p>Em 1979, tendo o presidente Ernesto Geisel extinto a Arena e o MDB, os l\u00edderes sindicais e intelectuais convidaram a mim e a mais cinco deputados estaduais para participarmos da funda\u00e7\u00e3o do PT. Por conversas, telefonemas, cartas \u2013 n\u00e3o havia a internet \u2013 perguntei aos que haviam votado em mim: &#8220;O que voc\u00eas acham de eu ingressar no PT?&#8221; \u00a085% dos que me responderam disseram: &#8220;\u00c9 o que esperamos de voc\u00ea&#8221;.<\/p>\n<p>Em 10 de fevereiro de 1980 participei da funda\u00e7\u00e3o do PT, no Col\u00e9gio Sion. Senti afinidade com os objetivos que estavam expressos no seu estatuto e nas palavras de seus fundadores de lutarmos por um Brasil justo, que viesse a dar voz e vez a tantos brasileiros que por tanto tempo estiveram distantes de participar das decis\u00f5es e dos frutos do desenvolvimento. Quer\u00edamos construir uma sociedade mais igualit\u00e1ria atrav\u00e9s de meios democr\u00e1ticos e pac\u00edficos, e que a \u00e9tica, a transpar\u00eancia e a corre\u00e7\u00e3o nos atos da administra\u00e7\u00e3o p\u00fablica eram fundamentais.<\/p>\n<blockquote><p>Ao longo desses 35 anos, o PT contribuiu muito para que avan\u00e7\u00e1ssemos em dire\u00e7\u00e3o \u00e0queles ideais. Foram muitas as administra\u00e7\u00f5es municipais, estaduais e federal nas quais marcamos tentos not\u00e1veis como a pr\u00e1tica do or\u00e7amento participativo, os programas de renda m\u00ednima relacionados \u00e0s oportunidades de educa\u00e7\u00e3o que se tornaram o Bolsa Fam\u00edlia, os CEUS, o Pronatec, os Mais M\u00e9dicos e tantas outras marcas que combinaram crescimento com maior inclus\u00e3o social.<\/p><\/blockquote>\n<p>Infelizmente, por\u00e9m, surgiram procedimentos em nossas hostes que preocuparam sobremodo e, com toda raz\u00e3o, ao povo e a todos que esperavam de n\u00f3s um comportamento exemplar, at\u00e9 porque sempre fomos muito exigentes com aqueles aos quais faz\u00edamos forte oposi\u00e7\u00e3o.<\/p>\n<p>Diante de epis\u00f3dios tais como os que foram objeto da A\u00e7\u00e3o 470 e mais recentemente da Opera\u00e7\u00e3o Lava Jato, que tanto prejudicaram a Petrobras, urge que fa\u00e7amos uma renova\u00e7\u00e3o profunda no PT, tal como propugnada pelo ex-governador Tarso Genro. Precisamos tomar todas as medidas que contribuam para prevenir e corrigir os erros que aconteceram para que n\u00e3o mais se repitam. S\u00f3 assim vamos restabelecer a confian\u00e7a que a maior parte do povo brasileiro depositou em n\u00f3s por diversas vezes.<\/p>\n<p><strong>Eduardo Suplicy<\/strong><\/p>\n","protected":false},"excerpt":{"rendered":"<p>Era 1976 quando Osvaldo Cavignato, um jovem assessor do presidente do Sindicato dos Metal\u00fargicos de S\u00e3o Bernardo e Diadema, Luiz In\u00e1cio Lula da Silva, sugeriu a este: &#8220;Hoje h\u00e1 uma palestra na Funda\u00e7\u00e3o Santo Andr\u00e9, para minha turma de economia, do Professor Eduardo Matarazzo Suplicy, que escreve na &#8220;Folha de S. Paulo&#8221;. Voc\u00ea gostaria de [&hellip;]<\/p>\n","protected":false},"author":2,"featured_media":37074,"comment_status":"open","ping_status":"closed","sticky":false,"template":"","format":"standard","meta":{"_acf_changed":false,"footnotes":""},"categories":[25],"tags":[],"class_list":["post-37073","post","type-post","status-publish","format-standard","has-post-thumbnail","hentry","category-opina-ai"],"acf":[],"yoast_head":"<!-- This site is optimized with the Yoast SEO plugin v27.2 - https:\/\/yoast.com\/product\/yoast-seo-wordpress\/ -->\n<title>PT precisa de reformula\u00e7\u00e3o para resgatar confian\u00e7a do povo - Notibras<\/title>\n<meta name=\"robots\" content=\"index, follow, max-snippet:-1, max-image-preview:large, max-video-preview:-1\" \/>\n<link rel=\"canonical\" href=\"https:\/\/www.notibras.com\/site\/pt-precisa-de-reformulacao-para-resgatar-confianca-do-povo\/\" \/>\n<meta property=\"og:locale\" content=\"pt_BR\" \/>\n<meta property=\"og:type\" content=\"article\" \/>\n<meta property=\"og:title\" content=\"PT precisa de reformula\u00e7\u00e3o para resgatar confian\u00e7a do povo - Notibras\" \/>\n<meta property=\"og:description\" content=\"Era 1976 quando Osvaldo Cavignato, um jovem assessor do presidente do Sindicato dos Metal\u00fargicos de S\u00e3o Bernardo e Diadema, Luiz In\u00e1cio Lula da Silva, sugeriu a este: &#8220;Hoje h\u00e1 uma palestra na Funda\u00e7\u00e3o Santo Andr\u00e9, para minha turma de economia, do Professor Eduardo Matarazzo Suplicy, que escreve na &#8220;Folha de S. Paulo&#8221;. Voc\u00ea gostaria de [&hellip;]\" \/>\n<meta property=\"og:url\" content=\"https:\/\/www.notibras.com\/site\/pt-precisa-de-reformulacao-para-resgatar-confianca-do-povo\/\" \/>\n<meta property=\"og:site_name\" content=\"Notibras\" \/>\n<meta property=\"article:publisher\" content=\"https:\/\/www.facebook.com\/notibras\/\" \/>\n<meta property=\"article:published_time\" content=\"2015-02-14T14:12:20+00:00\" \/>\n<meta property=\"og:image\" content=\"https:\/\/www.notibras.com\/site\/wp-content\/uploads\/2015\/02\/pt.jpg\" \/>\n\t<meta property=\"og:image:width\" content=\"565\" \/>\n\t<meta property=\"og:image:height\" content=\"378\" \/>\n\t<meta property=\"og:image:type\" content=\"image\/jpeg\" \/>\n<meta name=\"author\" content=\"Reda\u00e7\u00e3o\" \/>\n<meta name=\"twitter:card\" content=\"summary_large_image\" \/>\n<meta name=\"twitter:creator\" content=\"@Notibras\" \/>\n<meta name=\"twitter:site\" content=\"@Notibras\" \/>\n<meta name=\"twitter:label1\" content=\"Escrito por\" \/>\n\t<meta name=\"twitter:data1\" content=\"Reda\u00e7\u00e3o\" \/>\n\t<meta name=\"twitter:label2\" content=\"Est. tempo de leitura\" \/>\n\t<meta name=\"twitter:data2\" content=\"4 minutos\" \/>\n<script type=\"application\/ld+json\" class=\"yoast-schema-graph\">{\"@context\":\"https:\/\/schema.org\",\"@graph\":[{\"@type\":\"Article\",\"@id\":\"https:\/\/www.notibras.com\/site\/pt-precisa-de-reformulacao-para-resgatar-confianca-do-povo\/#article\",\"isPartOf\":{\"@id\":\"https:\/\/www.notibras.com\/site\/pt-precisa-de-reformulacao-para-resgatar-confianca-do-povo\/\"},\"author\":{\"name\":\"Reda\u00e7\u00e3o\",\"@id\":\"https:\/\/www.notibras.com\/site\/#\/schema\/person\/36ab0979449956132d3e5b517ea76ac8\"},\"headline\":\"PT precisa de reformula\u00e7\u00e3o para resgatar confian\u00e7a do povo\",\"datePublished\":\"2015-02-14T14:12:20+00:00\",\"mainEntityOfPage\":{\"@id\":\"https:\/\/www.notibras.com\/site\/pt-precisa-de-reformulacao-para-resgatar-confianca-do-povo\/\"},\"wordCount\":800,\"commentCount\":0,\"publisher\":{\"@id\":\"https:\/\/www.notibras.com\/site\/#organization\"},\"image\":{\"@id\":\"https:\/\/www.notibras.com\/site\/pt-precisa-de-reformulacao-para-resgatar-confianca-do-povo\/#primaryimage\"},\"thumbnailUrl\":\"https:\/\/www.notibras.com\/site\/wp-content\/uploads\/2015\/02\/pt.jpg\",\"articleSection\":[\"Opina a\u00ed\"],\"inLanguage\":\"pt-BR\",\"potentialAction\":[{\"@type\":\"CommentAction\",\"name\":\"Comment\",\"target\":[\"https:\/\/www.notibras.com\/site\/pt-precisa-de-reformulacao-para-resgatar-confianca-do-povo\/#respond\"]}]},{\"@type\":\"WebPage\",\"@id\":\"https:\/\/www.notibras.com\/site\/pt-precisa-de-reformulacao-para-resgatar-confianca-do-povo\/\",\"url\":\"https:\/\/www.notibras.com\/site\/pt-precisa-de-reformulacao-para-resgatar-confianca-do-povo\/\",\"name\":\"PT precisa de reformula\u00e7\u00e3o para resgatar confian\u00e7a do povo - Notibras\",\"isPartOf\":{\"@id\":\"https:\/\/www.notibras.com\/site\/#website\"},\"primaryImageOfPage\":{\"@id\":\"https:\/\/www.notibras.com\/site\/pt-precisa-de-reformulacao-para-resgatar-confianca-do-povo\/#primaryimage\"},\"image\":{\"@id\":\"https:\/\/www.notibras.com\/site\/pt-precisa-de-reformulacao-para-resgatar-confianca-do-povo\/#primaryimage\"},\"thumbnailUrl\":\"https:\/\/www.notibras.com\/site\/wp-content\/uploads\/2015\/02\/pt.jpg\",\"datePublished\":\"2015-02-14T14:12:20+00:00\",\"breadcrumb\":{\"@id\":\"https:\/\/www.notibras.com\/site\/pt-precisa-de-reformulacao-para-resgatar-confianca-do-povo\/#breadcrumb\"},\"inLanguage\":\"pt-BR\",\"potentialAction\":[{\"@type\":\"ReadAction\",\"target\":[\"https:\/\/www.notibras.com\/site\/pt-precisa-de-reformulacao-para-resgatar-confianca-do-povo\/\"]}]},{\"@type\":\"ImageObject\",\"inLanguage\":\"pt-BR\",\"@id\":\"https:\/\/www.notibras.com\/site\/pt-precisa-de-reformulacao-para-resgatar-confianca-do-povo\/#primaryimage\",\"url\":\"https:\/\/www.notibras.com\/site\/wp-content\/uploads\/2015\/02\/pt.jpg\",\"contentUrl\":\"https:\/\/www.notibras.com\/site\/wp-content\/uploads\/2015\/02\/pt.jpg\",\"width\":565,\"height\":378},{\"@type\":\"BreadcrumbList\",\"@id\":\"https:\/\/www.notibras.com\/site\/pt-precisa-de-reformulacao-para-resgatar-confianca-do-povo\/#breadcrumb\",\"itemListElement\":[{\"@type\":\"ListItem\",\"position\":1,\"name\":\"In\u00edcio\",\"item\":\"https:\/\/www.notibras.com\/site\/\"},{\"@type\":\"ListItem\",\"position\":2,\"name\":\"PT precisa de reformula\u00e7\u00e3o para resgatar confian\u00e7a do povo\"}]},{\"@type\":\"WebSite\",\"@id\":\"https:\/\/www.notibras.com\/site\/#website\",\"url\":\"https:\/\/www.notibras.com\/site\/\",\"name\":\"Notibras\",\"description\":\"Not\u00edcias de Bras\u00edlia, do Brasil e do Mundo\",\"publisher\":{\"@id\":\"https:\/\/www.notibras.com\/site\/#organization\"},\"potentialAction\":[{\"@type\":\"SearchAction\",\"target\":{\"@type\":\"EntryPoint\",\"urlTemplate\":\"https:\/\/www.notibras.com\/site\/?s={search_term_string}\"},\"query-input\":{\"@type\":\"PropertyValueSpecification\",\"valueRequired\":true,\"valueName\":\"search_term_string\"}}],\"inLanguage\":\"pt-BR\"},{\"@type\":\"Organization\",\"@id\":\"https:\/\/www.notibras.com\/site\/#organization\",\"name\":\"Grupo Notibras de Comunica\u00e7\u00e3o\",\"url\":\"https:\/\/www.notibras.com\/site\/\",\"logo\":{\"@type\":\"ImageObject\",\"inLanguage\":\"pt-BR\",\"@id\":\"https:\/\/www.notibras.com\/site\/#\/schema\/logo\/image\/\",\"url\":\"https:\/\/www.notibras.com\/site\/wp-content\/uploads\/2023\/01\/notibras23.png\",\"contentUrl\":\"https:\/\/www.notibras.com\/site\/wp-content\/uploads\/2023\/01\/notibras23.png\",\"width\":350,\"height\":87,\"caption\":\"Grupo Notibras de Comunica\u00e7\u00e3o\"},\"image\":{\"@id\":\"https:\/\/www.notibras.com\/site\/#\/schema\/logo\/image\/\"},\"sameAs\":[\"https:\/\/www.facebook.com\/notibras\/\",\"https:\/\/x.com\/Notibras\",\"https:\/\/www.instagram.com\/notibras\/\"]},{\"@type\":\"Person\",\"@id\":\"https:\/\/www.notibras.com\/site\/#\/schema\/person\/36ab0979449956132d3e5b517ea76ac8\",\"name\":\"Reda\u00e7\u00e3o\",\"image\":{\"@type\":\"ImageObject\",\"inLanguage\":\"pt-BR\",\"@id\":\"https:\/\/secure.gravatar.com\/avatar\/e0a867bdedb85fd243eadf09663511f96fc81e0720a4a42581f334ad4303aa6b?s=96&d=mm&r=g\",\"url\":\"https:\/\/secure.gravatar.com\/avatar\/e0a867bdedb85fd243eadf09663511f96fc81e0720a4a42581f334ad4303aa6b?s=96&d=mm&r=g\",\"contentUrl\":\"https:\/\/secure.gravatar.com\/avatar\/e0a867bdedb85fd243eadf09663511f96fc81e0720a4a42581f334ad4303aa6b?s=96&d=mm&r=g\",\"caption\":\"Reda\u00e7\u00e3o\"}}]}<\/script>\n<!-- \/ Yoast SEO plugin. -->","yoast_head_json":{"title":"PT precisa de reformula\u00e7\u00e3o para resgatar confian\u00e7a do povo - Notibras","robots":{"index":"index","follow":"follow","max-snippet":"max-snippet:-1","max-image-preview":"max-image-preview:large","max-video-preview":"max-video-preview:-1"},"canonical":"https:\/\/www.notibras.com\/site\/pt-precisa-de-reformulacao-para-resgatar-confianca-do-povo\/","og_locale":"pt_BR","og_type":"article","og_title":"PT precisa de reformula\u00e7\u00e3o para resgatar confian\u00e7a do povo - Notibras","og_description":"Era 1976 quando Osvaldo Cavignato, um jovem assessor do presidente do Sindicato dos Metal\u00fargicos de S\u00e3o Bernardo e Diadema, Luiz In\u00e1cio Lula da Silva, sugeriu a este: &#8220;Hoje h\u00e1 uma palestra na Funda\u00e7\u00e3o Santo Andr\u00e9, para minha turma de economia, do Professor Eduardo Matarazzo Suplicy, que escreve na &#8220;Folha de S. Paulo&#8221;. Voc\u00ea gostaria de [&hellip;]","og_url":"https:\/\/www.notibras.com\/site\/pt-precisa-de-reformulacao-para-resgatar-confianca-do-povo\/","og_site_name":"Notibras","article_publisher":"https:\/\/www.facebook.com\/notibras\/","article_published_time":"2015-02-14T14:12:20+00:00","og_image":[{"width":565,"height":378,"url":"https:\/\/www.notibras.com\/site\/wp-content\/uploads\/2015\/02\/pt.jpg","type":"image\/jpeg"}],"author":"Reda\u00e7\u00e3o","twitter_card":"summary_large_image","twitter_creator":"@Notibras","twitter_site":"@Notibras","twitter_misc":{"Escrito por":"Reda\u00e7\u00e3o","Est. tempo de leitura":"4 minutos"},"schema":{"@context":"https:\/\/schema.org","@graph":[{"@type":"Article","@id":"https:\/\/www.notibras.com\/site\/pt-precisa-de-reformulacao-para-resgatar-confianca-do-povo\/#article","isPartOf":{"@id":"https:\/\/www.notibras.com\/site\/pt-precisa-de-reformulacao-para-resgatar-confianca-do-povo\/"},"author":{"name":"Reda\u00e7\u00e3o","@id":"https:\/\/www.notibras.com\/site\/#\/schema\/person\/36ab0979449956132d3e5b517ea76ac8"},"headline":"PT precisa de reformula\u00e7\u00e3o para resgatar confian\u00e7a do povo","datePublished":"2015-02-14T14:12:20+00:00","mainEntityOfPage":{"@id":"https:\/\/www.notibras.com\/site\/pt-precisa-de-reformulacao-para-resgatar-confianca-do-povo\/"},"wordCount":800,"commentCount":0,"publisher":{"@id":"https:\/\/www.notibras.com\/site\/#organization"},"image":{"@id":"https:\/\/www.notibras.com\/site\/pt-precisa-de-reformulacao-para-resgatar-confianca-do-povo\/#primaryimage"},"thumbnailUrl":"https:\/\/www.notibras.com\/site\/wp-content\/uploads\/2015\/02\/pt.jpg","articleSection":["Opina a\u00ed"],"inLanguage":"pt-BR","potentialAction":[{"@type":"CommentAction","name":"Comment","target":["https:\/\/www.notibras.com\/site\/pt-precisa-de-reformulacao-para-resgatar-confianca-do-povo\/#respond"]}]},{"@type":"WebPage","@id":"https:\/\/www.notibras.com\/site\/pt-precisa-de-reformulacao-para-resgatar-confianca-do-povo\/","url":"https:\/\/www.notibras.com\/site\/pt-precisa-de-reformulacao-para-resgatar-confianca-do-povo\/","name":"PT precisa de reformula\u00e7\u00e3o para resgatar confian\u00e7a do povo - Notibras","isPartOf":{"@id":"https:\/\/www.notibras.com\/site\/#website"},"primaryImageOfPage":{"@id":"https:\/\/www.notibras.com\/site\/pt-precisa-de-reformulacao-para-resgatar-confianca-do-povo\/#primaryimage"},"image":{"@id":"https:\/\/www.notibras.com\/site\/pt-precisa-de-reformulacao-para-resgatar-confianca-do-povo\/#primaryimage"},"thumbnailUrl":"https:\/\/www.notibras.com\/site\/wp-content\/uploads\/2015\/02\/pt.jpg","datePublished":"2015-02-14T14:12:20+00:00","breadcrumb":{"@id":"https:\/\/www.notibras.com\/site\/pt-precisa-de-reformulacao-para-resgatar-confianca-do-povo\/#breadcrumb"},"inLanguage":"pt-BR","potentialAction":[{"@type":"ReadAction","target":["https:\/\/www.notibras.com\/site\/pt-precisa-de-reformulacao-para-resgatar-confianca-do-povo\/"]}]},{"@type":"ImageObject","inLanguage":"pt-BR","@id":"https:\/\/www.notibras.com\/site\/pt-precisa-de-reformulacao-para-resgatar-confianca-do-povo\/#primaryimage","url":"https:\/\/www.notibras.com\/site\/wp-content\/uploads\/2015\/02\/pt.jpg","contentUrl":"https:\/\/www.notibras.com\/site\/wp-content\/uploads\/2015\/02\/pt.jpg","width":565,"height":378},{"@type":"BreadcrumbList","@id":"https:\/\/www.notibras.com\/site\/pt-precisa-de-reformulacao-para-resgatar-confianca-do-povo\/#breadcrumb","itemListElement":[{"@type":"ListItem","position":1,"name":"In\u00edcio","item":"https:\/\/www.notibras.com\/site\/"},{"@type":"ListItem","position":2,"name":"PT precisa de reformula\u00e7\u00e3o para resgatar confian\u00e7a do povo"}]},{"@type":"WebSite","@id":"https:\/\/www.notibras.com\/site\/#website","url":"https:\/\/www.notibras.com\/site\/","name":"Notibras","description":"Not\u00edcias de Bras\u00edlia, do Brasil e do Mundo","publisher":{"@id":"https:\/\/www.notibras.com\/site\/#organization"},"potentialAction":[{"@type":"SearchAction","target":{"@type":"EntryPoint","urlTemplate":"https:\/\/www.notibras.com\/site\/?s={search_term_string}"},"query-input":{"@type":"PropertyValueSpecification","valueRequired":true,"valueName":"search_term_string"}}],"inLanguage":"pt-BR"},{"@type":"Organization","@id":"https:\/\/www.notibras.com\/site\/#organization","name":"Grupo Notibras de Comunica\u00e7\u00e3o","url":"https:\/\/www.notibras.com\/site\/","logo":{"@type":"ImageObject","inLanguage":"pt-BR","@id":"https:\/\/www.notibras.com\/site\/#\/schema\/logo\/image\/","url":"https:\/\/www.notibras.com\/site\/wp-content\/uploads\/2023\/01\/notibras23.png","contentUrl":"https:\/\/www.notibras.com\/site\/wp-content\/uploads\/2023\/01\/notibras23.png","width":350,"height":87,"caption":"Grupo Notibras de Comunica\u00e7\u00e3o"},"image":{"@id":"https:\/\/www.notibras.com\/site\/#\/schema\/logo\/image\/"},"sameAs":["https:\/\/www.facebook.com\/notibras\/","https:\/\/x.com\/Notibras","https:\/\/www.instagram.com\/notibras\/"]},{"@type":"Person","@id":"https:\/\/www.notibras.com\/site\/#\/schema\/person\/36ab0979449956132d3e5b517ea76ac8","name":"Reda\u00e7\u00e3o","image":{"@type":"ImageObject","inLanguage":"pt-BR","@id":"https:\/\/secure.gravatar.com\/avatar\/e0a867bdedb85fd243eadf09663511f96fc81e0720a4a42581f334ad4303aa6b?s=96&d=mm&r=g","url":"https:\/\/secure.gravatar.com\/avatar\/e0a867bdedb85fd243eadf09663511f96fc81e0720a4a42581f334ad4303aa6b?s=96&d=mm&r=g","contentUrl":"https:\/\/secure.gravatar.com\/avatar\/e0a867bdedb85fd243eadf09663511f96fc81e0720a4a42581f334ad4303aa6b?s=96&d=mm&r=g","caption":"Reda\u00e7\u00e3o"}}]}},"amp_enabled":true,"_links":{"self":[{"href":"https:\/\/www.notibras.com\/site\/wp-json\/wp\/v2\/posts\/37073","targetHints":{"allow":["GET"]}}],"collection":[{"href":"https:\/\/www.notibras.com\/site\/wp-json\/wp\/v2\/posts"}],"about":[{"href":"https:\/\/www.notibras.com\/site\/wp-json\/wp\/v2\/types\/post"}],"author":[{"embeddable":true,"href":"https:\/\/www.notibras.com\/site\/wp-json\/wp\/v2\/users\/2"}],"replies":[{"embeddable":true,"href":"https:\/\/www.notibras.com\/site\/wp-json\/wp\/v2\/comments?post=37073"}],"version-history":[{"count":0,"href":"https:\/\/www.notibras.com\/site\/wp-json\/wp\/v2\/posts\/37073\/revisions"}],"wp:featuredmedia":[{"embeddable":true,"href":"https:\/\/www.notibras.com\/site\/wp-json\/wp\/v2\/media\/37074"}],"wp:attachment":[{"href":"https:\/\/www.notibras.com\/site\/wp-json\/wp\/v2\/media?parent=37073"}],"wp:term":[{"taxonomy":"category","embeddable":true,"href":"https:\/\/www.notibras.com\/site\/wp-json\/wp\/v2\/categories?post=37073"},{"taxonomy":"post_tag","embeddable":true,"href":"https:\/\/www.notibras.com\/site\/wp-json\/wp\/v2\/tags?post=37073"}],"curies":[{"name":"wp","href":"https:\/\/api.w.org\/{rel}","templated":true}]}}